{"id":102,"date":"2007-06-06T21:13:58","date_gmt":"2007-06-06T21:13:58","guid":{"rendered":"https:\/\/www.necessities.info\/archives\/114-guid.html"},"modified":"2026-02-10T11:28:15","modified_gmt":"2026-02-10T10:28:15","slug":"avkoppling-pa-uteplatsen","status":"publish","type":"post","link":"https:\/\/necessities.info\/index.php\/2007\/06\/06\/avkoppling-pa-uteplatsen\/","title":{"rendered":"Avkoppling p\u00e5 uteplatsen"},"content":{"rendered":"<p>J\u00f6sses vilken v\u00e4rme det var idag, samtidigt som det blev helt vindstilla\u00a0pl\u00f6tsligt och s\u00e5g ut att b\u00f6rja \u00e5ska vilken sekund som helst. Pratade med Rosa i\u00a0morse och hon hade v\u00e4rldens huvudv\u00e4rk. Jag hade lagt taket och gubben och \u00e4ldsta\u00a0sonen h\u00e4ngde upp v\u00e5ra stolar som vi k\u00f6pt i Brasilien.<\/p>\n<table style=\"border-collapse: collapse; width: 100%; height: 115px;\">\n<tbody>\n<tr style=\"height: 115px;\">\n<td style=\"width: 50%; height: 115px;\"><img decoding=\"async\" class=\" wp-image-30172 aligncenter\" src=\"https:\/\/necessities.info\/wp-content\/uploads\/2007\/06\/IMG_1652.jpg\" alt=\"\" width=\"381\" height=\"287\" \/><\/td>\n<td style=\"width: 50%; height: 115px;\"><img decoding=\"async\" class=\" wp-image-30174 aligncenter\" src=\"https:\/\/necessities.info\/wp-content\/uploads\/2007\/06\/IMG_1654.jpg\" alt=\"\" width=\"372\" height=\"280\" \/><\/td>\n<\/tr>\n<\/tbody>\n<\/table>\n<p style=\"text-align: center;\">\n<p>P\u00e5 v\u00e5r k\u00e4rringtr\u00e4ff hade jag t\u00e4nkt att vi skulle m\u00e5la br\u00e4derna som vi skall ha\u00a0till v\u00e4ggar, men jag hade g\u00e5tt och r\u00f6jt hela dagen och k\u00e4nde mig super seg.\u00a0V\u00e4dret verkade lite lurigt och det hade inte varit kul att m\u00e5la massa br\u00e4der och\u00a0det b\u00f6rjar regna. Tyckte det var b\u00e4ttre att bara koppla av och \u00e4ta sallad. Jag\u00a0tyckte det skulle bli kul att inviga v\u00e5ra stolar. Roger som bor i g\u00e4st huset\u00a0sprang och r\u00f6jde tegelpannor och klippte gr\u00e4set. Han tyckte ocks\u00e5 att vi gott\u00a0kunde koppla av och titta p\u00e5 n\u00e4r andra for runt och jobbade.<\/p>\n<p>Fast det \u00e4r\u00a0klart, han fr\u00e5gade allt om han kunde f\u00e5 vara med p\u00e5 k\u00e4rringtr\u00e4ffarna. Han\u00a0beh\u00f6vde ha st\u00e4dat !!<\/p>\n<p class=\"MsoNormal\" style=\"margin: 0cm 0cm 10pt;\">H\u00e4r\u00a0sitter vi och njuter och tittar p\u00e5 n\u00e4r gubbarna r\u00f6jer.<\/p>\n<p style=\"text-align: center;\"><img decoding=\"async\" class=\"wp-image-30176 aligncenter\" src=\"https:\/\/necessities.info\/wp-content\/uploads\/2007\/06\/IMG_1680-300x225.jpg\" alt=\"\" width=\"621\" height=\"466\" srcset=\"https:\/\/necessities.info\/wp-content\/uploads\/2007\/06\/IMG_1680-300x225.jpg 300w, https:\/\/necessities.info\/wp-content\/uploads\/2007\/06\/IMG_1680.jpg 400w\" sizes=\"(max-width: 621px) 100vw, 621px\" \/><\/p>\n<p>P\u00e5 kv\u00e4llen gick vi runt och letade tr\u00e4d till Linda, Rosas kompis p\u00e5 jobbet. Jag\u00a0tyckte Rosa kunde ta ett \u00e4ppletr\u00e4d och framf\u00f6rallt asp som vi har gott av och\u00a0verkar v\u00e4xa \u00f6verallt. N\u00e4r vi skulle gr\u00e4va upp \u00e4ppletr\u00e4det s\u00e5 var de s\u00e5\u00a0maskangripet att jag fick en chock. S\u00e5 i \u00e5r l\u00e4r jag inte f\u00e5 n\u00e5gon frukt.<\/p>\n","protected":false},"excerpt":{"rendered":"<p>J\u00f6sses vilken v\u00e4rme det var idag, samtidigt som det blev helt vindstilla\u00a0pl\u00f6tsligt och s\u00e5g ut att b\u00f6rja \u00e5ska vilken sekund som helst. Pratade med Rosa i\u00a0morse och hon hade v\u00e4rldens huvudv\u00e4rk. Jag hade lagt taket och gubben och \u00e4ldsta\u00a0sonen h\u00e4ngde upp v\u00e5ra stolar som vi k\u00f6pt i Brasilien. P\u00e5 v\u00e5r k\u00e4rringtr\u00e4ff hade jag t\u00e4nkt att &#8230; <\/p>\n<p class=\"read-more-container\"><a title=\"Avkoppling p\u00e5 uteplatsen\" class=\"read-more button\" href=\"https:\/\/necessities.info\/index.php\/2007\/06\/06\/avkoppling-pa-uteplatsen\/\" aria-label=\"L\u00e4s mer om Avkoppling p\u00e5 uteplatsen\">\u2665 L\u00e4s mer \u2665 <\/a><\/p>\n","protected":false},"author":1,"featured_media":30176,"comment_status":"open","ping_status":"open","sticky":false,"template":"","format":"standard","meta":{"advgb_blocks_editor_width":"","advgb_blocks_columns_visual_guide":"","footnotes":""},"categories":[4328],"tags":[1815],"class_list":["post-102","post","type-post","status-publish","format-standard","has-post-thumbnail","hentry","category-karringonsdag","tag-karringonsdag-2"],"author_meta":{"display_name":"Ingalill","author_link":"https:\/\/necessities.info\/author\/ingalill\/"},"featured_img":"https:\/\/necessities.info\/wp-content\/uploads\/2007\/06\/IMG_1680-300x225.jpg","jetpack_featured_media_url":"https:\/\/necessities.info\/wp-content\/uploads\/2007\/06\/IMG_1680.jpg","coauthors":[],"tax_additional":{"categories":{"linked":["<a href=\"https:\/\/necessities.info\/index.php\/category\/smatt-o-gott\/karringonsdag\/\" class=\"advgb-post-tax-term\">K\u00e4rringonsdag<\/a>"],"unlinked":["<span class=\"advgb-post-tax-term\">K\u00e4rringonsdag<\/span>"]},"tags":{"linked":["<a href=\"https:\/\/necessities.info\/index.php\/category\/smatt-o-gott\/karringonsdag\/\" class=\"advgb-post-tax-term\">k\u00e4rringonsdag<\/a>"],"unlinked":["<span class=\"advgb-post-tax-term\">k\u00e4rringonsdag<\/span>"]}},"comment_count":"0","relative_dates":{"created":"Publicerad 19 \u00e5r sedan","modified":"Uppdaterad 3 m\u00e5nader sedan"},"absolute_dates":{"created":"Publicerat den 6 juni 2007","modified":"Uppdaterad den 10 februari 2026"},"absolute_dates_time":{"created":"Publicerat den 6 juni 2007 21:13","modified":"Uppdaterad den 10 februari 2026 11:28"},"featured_img_caption":"","series_order":"","jetpack_likes_enabled":true,"_links":{"self":[{"href":"https:\/\/necessities.info\/index.php\/wp-json\/wp\/v2\/posts\/102","targetHints":{"allow":["GET"]}}],"collection":[{"href":"https:\/\/necessities.info\/index.php\/wp-json\/wp\/v2\/posts"}],"about":[{"href":"https:\/\/necessities.info\/index.php\/wp-json\/wp\/v2\/types\/post"}],"author":[{"embeddable":true,"href":"https:\/\/necessities.info\/index.php\/wp-json\/wp\/v2\/users\/1"}],"replies":[{"embeddable":true,"href":"https:\/\/necessities.info\/index.php\/wp-json\/wp\/v2\/comments?post=102"}],"version-history":[{"count":1,"href":"https:\/\/necessities.info\/index.php\/wp-json\/wp\/v2\/posts\/102\/revisions"}],"predecessor-version":[{"id":53870,"href":"https:\/\/necessities.info\/index.php\/wp-json\/wp\/v2\/posts\/102\/revisions\/53870"}],"wp:featuredmedia":[{"embeddable":true,"href":"https:\/\/necessities.info\/index.php\/wp-json\/wp\/v2\/media\/30176"}],"wp:attachment":[{"href":"https:\/\/necessities.info\/index.php\/wp-json\/wp\/v2\/media?parent=102"}],"wp:term":[{"taxonomy":"category","embeddable":true,"href":"https:\/\/necessities.info\/index.php\/wp-json\/wp\/v2\/categories?post=102"},{"taxonomy":"post_tag","embeddable":true,"href":"https:\/\/necessities.info\/index.php\/wp-json\/wp\/v2\/tags?post=102"}],"curies":[{"name":"wp","href":"https:\/\/api.w.org\/{rel}","templated":true}]}}