{"id":1032,"date":"2009-06-06T16:09:17","date_gmt":"2009-06-06T16:09:17","guid":{"rendered":"https:\/\/www.necessities.info\/archives\/1065-guid.html"},"modified":"2026-02-09T15:53:05","modified_gmt":"2026-02-09T14:53:05","slug":"mini-compaq","status":"publish","type":"post","link":"https:\/\/necessities.info\/index.php\/2009\/06\/06\/mini-compaq\/","title":{"rendered":"Mini Compaq"},"content":{"rendered":"<p style=\"text-align: center;\"><img decoding=\"async\" class=\"aligncenter wp-image-32324 size-full\" src=\"https:\/\/necessities.info\/wp-content\/uploads\/2009\/06\/IMG_5103.jpg\" alt=\"\" width=\"800\" height=\"533\" srcset=\"https:\/\/necessities.info\/wp-content\/uploads\/2009\/06\/IMG_5103.jpg 800w, https:\/\/necessities.info\/wp-content\/uploads\/2009\/06\/IMG_5103-300x200.jpg 300w, https:\/\/necessities.info\/wp-content\/uploads\/2009\/06\/IMG_5103-768x512.jpg 768w\" sizes=\"(max-width: 800px) 100vw, 800px\" \/><\/p>\n<p>Gubben var iv\u00e4g och k\u00f6pte en Compaq Mini, de hade rea p\u00e5 Mediamark i en timme och ville jag inte ha den vill han ha den i sitt arbetsrum. Den gamla lapptoppen \u00e4r ingen id\u00e9 att g\u00f6ra i ordning. Han skall iv\u00e4g ikv\u00e4ll och f\u00f6rs\u00f6ka f\u00e5 en gps p\u00e5 rea, samma d\u00e4r det g\u00e4ller i en timme. Fast inget slog nog k\u00f6n till \u00f6lmaskinen.<\/p>\n<p style=\"text-align: center;\"><img decoding=\"async\" class=\"aligncenter wp-image-32326 size-full\" src=\"https:\/\/necessities.info\/wp-content\/uploads\/2009\/06\/IMG_5081.jpg\" alt=\"\" width=\"800\" height=\"533\" srcset=\"https:\/\/necessities.info\/wp-content\/uploads\/2009\/06\/IMG_5081.jpg 800w, https:\/\/necessities.info\/wp-content\/uploads\/2009\/06\/IMG_5081-300x200.jpg 300w, https:\/\/necessities.info\/wp-content\/uploads\/2009\/06\/IMG_5081-768x512.jpg 768w\" sizes=\"(max-width: 800px) 100vw, 800px\" \/><\/p>\n<p>Jag skall erk\u00e4nna att jag var bra skeptisk till en s\u00e5dan liten dator, men den \u00e4r ju supermysig och det \u00e4r inga som helst problem att sitta p\u00e5 utsidan. Helt underbart. Satt och funderade hur jag skulle smidigast flytta \u00f6ver photoshopen n\u00e4r Tobias kom ner och bara skapade en delad mapp mellan datorerna. B\u00e5da datorerna kommer \u00e5t den mappen.<\/p>\n<p style=\"text-align: center;\"><img decoding=\"async\" class=\"aligncenter wp-image-32327 size-full\" src=\"https:\/\/necessities.info\/wp-content\/uploads\/2009\/06\/IMG_5095.jpg\" alt=\"\" width=\"800\" height=\"533\" srcset=\"https:\/\/necessities.info\/wp-content\/uploads\/2009\/06\/IMG_5095.jpg 800w, https:\/\/necessities.info\/wp-content\/uploads\/2009\/06\/IMG_5095-300x200.jpg 300w, https:\/\/necessities.info\/wp-content\/uploads\/2009\/06\/IMG_5095-768x512.jpg 768w\" sizes=\"(max-width: 800px) 100vw, 800px\" \/><\/p>\n<p>Micael och gubben sliter med att riva ner innertaket och jag sitter med en kopp kaffe och g\u00e5r igenom de gamla tidnings bitarna de hittar i isoleringen. Det sista de hittade nu var ett gigantiskt humlebo, s\u00e5 de har tagit en paus s\u00e5 att humlorna hinner lugna ner sig innan de forts\u00e4tter att jobba. Det blir lagom f\u00f6r dem att \u00e5ka till Mediamark igen<\/p>\n<p style=\"text-align: center;\"><img decoding=\"async\" class=\"aligncenter wp-image-32328 size-full\" src=\"https:\/\/necessities.info\/wp-content\/uploads\/2009\/06\/IMG_5086.jpg\" alt=\"\" width=\"800\" height=\"533\" srcset=\"https:\/\/necessities.info\/wp-content\/uploads\/2009\/06\/IMG_5086.jpg 800w, https:\/\/necessities.info\/wp-content\/uploads\/2009\/06\/IMG_5086-300x200.jpg 300w, https:\/\/necessities.info\/wp-content\/uploads\/2009\/06\/IMG_5086-768x512.jpg 768w\" sizes=\"(max-width: 800px) 100vw, 800px\" \/><\/p>\n","protected":false},"excerpt":{"rendered":"<p>Gubben var iv\u00e4g och k\u00f6pte en Compaq Mini, de hade rea p\u00e5 Mediamark i en timme och ville jag inte ha den vill han ha den i sitt arbetsrum. Den gamla lapptoppen \u00e4r ingen id\u00e9 att g\u00f6ra i ordning. Han skall iv\u00e4g ikv\u00e4ll och f\u00f6rs\u00f6ka f\u00e5 en gps p\u00e5 rea, samma d\u00e4r det g\u00e4ller i &#8230; <\/p>\n<p class=\"read-more-container\"><a title=\"Mini Compaq\" class=\"read-more button\" href=\"https:\/\/necessities.info\/index.php\/2009\/06\/06\/mini-compaq\/\" aria-label=\"L\u00e4s mer om Mini Compaq\">\u2665 L\u00e4s mer \u2665 <\/a><\/p>\n","protected":false},"author":1,"featured_media":32324,"comment_status":"open","ping_status":"open","sticky":false,"template":"","format":"standard","meta":{"advgb_blocks_editor_width":"","advgb_blocks_columns_visual_guide":"","footnotes":""},"categories":[4321],"tags":[704,921],"class_list":["post-1032","post","type-post","status-publish","format-standard","has-post-thumbnail","hentry","category-familjen","tag-dator","tag-familjen-2"],"author_meta":{"display_name":"Ingalill","author_link":"https:\/\/necessities.info\/author\/ingalill\/"},"featured_img":"https:\/\/necessities.info\/wp-content\/uploads\/2009\/06\/IMG_5103-300x200.jpg","jetpack_featured_media_url":"https:\/\/necessities.info\/wp-content\/uploads\/2009\/06\/IMG_5103.jpg","coauthors":[],"tax_additional":{"categories":{"linked":["<a href=\"https:\/\/necessities.info\/index.php\/category\/familjen\/\" class=\"advgb-post-tax-term\">Familjen<\/a>"],"unlinked":["<span class=\"advgb-post-tax-term\">Familjen<\/span>"]},"tags":{"linked":["<a href=\"https:\/\/necessities.info\/index.php\/category\/familjen\/\" class=\"advgb-post-tax-term\">dator<\/a>","<a href=\"https:\/\/necessities.info\/index.php\/category\/familjen\/\" class=\"advgb-post-tax-term\">familjen<\/a>"],"unlinked":["<span class=\"advgb-post-tax-term\">dator<\/span>","<span class=\"advgb-post-tax-term\">familjen<\/span>"]}},"comment_count":"0","relative_dates":{"created":"Publicerad 17 \u00e5r sedan","modified":"Uppdaterad 3 m\u00e5nader sedan"},"absolute_dates":{"created":"Publicerat den 6 juni 2009","modified":"Uppdaterad den 9 februari 2026"},"absolute_dates_time":{"created":"Publicerat den 6 juni 2009 16:09","modified":"Uppdaterad den 9 februari 2026 15:53"},"featured_img_caption":"","series_order":"","jetpack_likes_enabled":true,"_links":{"self":[{"href":"https:\/\/necessities.info\/index.php\/wp-json\/wp\/v2\/posts\/1032","targetHints":{"allow":["GET"]}}],"collection":[{"href":"https:\/\/necessities.info\/index.php\/wp-json\/wp\/v2\/posts"}],"about":[{"href":"https:\/\/necessities.info\/index.php\/wp-json\/wp\/v2\/types\/post"}],"author":[{"embeddable":true,"href":"https:\/\/necessities.info\/index.php\/wp-json\/wp\/v2\/users\/1"}],"replies":[{"embeddable":true,"href":"https:\/\/necessities.info\/index.php\/wp-json\/wp\/v2\/comments?post=1032"}],"version-history":[{"count":1,"href":"https:\/\/necessities.info\/index.php\/wp-json\/wp\/v2\/posts\/1032\/revisions"}],"predecessor-version":[{"id":53135,"href":"https:\/\/necessities.info\/index.php\/wp-json\/wp\/v2\/posts\/1032\/revisions\/53135"}],"wp:featuredmedia":[{"embeddable":true,"href":"https:\/\/necessities.info\/index.php\/wp-json\/wp\/v2\/media\/32324"}],"wp:attachment":[{"href":"https:\/\/necessities.info\/index.php\/wp-json\/wp\/v2\/media?parent=1032"}],"wp:term":[{"taxonomy":"category","embeddable":true,"href":"https:\/\/necessities.info\/index.php\/wp-json\/wp\/v2\/categories?post=1032"},{"taxonomy":"post_tag","embeddable":true,"href":"https:\/\/necessities.info\/index.php\/wp-json\/wp\/v2\/tags?post=1032"}],"curies":[{"name":"wp","href":"https:\/\/api.w.org\/{rel}","templated":true}]}}