{"id":10591,"date":"2019-03-09T09:16:05","date_gmt":"2019-03-09T09:16:05","guid":{"rendered":"https:\/\/www.necessities.info\/?p=10591"},"modified":"2026-02-10T16:54:32","modified_gmt":"2026-02-10T15:54:32","slug":"sintra","status":"publish","type":"post","link":"https:\/\/necessities.info\/index.php\/2019\/03\/09\/sintra\/","title":{"rendered":"Sintra"},"content":{"rendered":"<p align=\"center\"><a title=\"Lissabon\" href=\"https:\/\/www.flickr.com\/photos\/krakel\/47272785582\/in\/dateposted-public\/\" rel=\"noopener\"><br \/>\n<img decoding=\"async\" class=\"aligncenter\" src=\"https:\/\/farm8.staticflickr.com\/7906\/47272785582_e4cede4deb.jpg\" alt=\"Lissabon\" width=\"797\" height=\"577\" border=\"0\" \/><\/a><\/p>\n<p align=\"left\"><span class=\"wsc-spelling-problem\">\u00c4ntligen<\/span> semester! <span class=\"wsc-spelling-problem\">Lissabon<\/span> och Madeira <span class=\"wsc-spelling-problem\">blir<\/span> <span class=\"wsc-spelling-problem\">det<\/span> <span class=\"wsc-spelling-problem\">denna<\/span> <span class=\"wsc-spelling-problem\">g\u00e5ngen<\/span>. <span class=\"wsc-spelling-problem\">Micael<\/span> <span class=\"wsc-spelling-problem\">fick<\/span> <span class=\"wsc-spelling-problem\">inte <\/span><span class=\"wsc-spelling-problem\">ledigt<\/span> <span class=\"wsc-spelling-problem\">fr\u00e5n<\/span> <span class=\"wsc-spelling-problem\">jobbet<\/span> s\u00e5 <span class=\"wsc-spelling-problem\">det<\/span> <span class=\"wsc-spelling-problem\">blev<\/span> <span class=\"wsc-spelling-problem\">bara<\/span> Tobias som <span class=\"wsc-spelling-problem\">hakade<\/span> p\u00e5. Lite <span class=\"wsc-spelling-problem\">trist<\/span> men vi <span class=\"wsc-spelling-problem\">kommer<\/span> <span class=\"wsc-spelling-problem\">haka<\/span> p\u00e5 <span class=\"wsc-spelling-problem\">Micael<\/span> <span class=\"wsc-spelling-problem\">n\u00e4r<\/span> <span class=\"wsc-spelling-problem\">han<\/span> <span class=\"wsc-spelling-problem\">skall<\/span> till Japan i April <span class=\"wsc-spelling-problem\">n\u00e4sta<\/span> \u00e5r. Den <span class=\"wsc-spelling-problem\">b\u00f6rjade<\/span> med en <span class=\"wsc-spelling-problem\">rej\u00e4l<\/span> <span class=\"wsc-spelling-problem\">regnskur<\/span> som <span class=\"wsc-spelling-problem\">skulle<\/span> vara <span class=\"wsc-spelling-problem\">ett<\/span> par <span class=\"wsc-spelling-problem\">timmar<\/span> och vi passade p\u00e5 att <span class=\"wsc-spelling-problem\">handla <\/span>hem mat till <span class=\"wsc-spelling-problem\">l\u00e4genheten<\/span> och <span class=\"wsc-spelling-problem\">bara<\/span> <span class=\"wsc-spelling-problem\">koppla<\/span> av. Ta <span class=\"wsc-spelling-problem\">igen<\/span> den <span class=\"wsc-spelling-problem\">s\u00f6mnen<\/span> man hade <span class=\"wsc-spelling-problem\">blivit <\/span><span class=\"wsc-spelling-problem\">bl\u00e5st<\/span> p\u00e5 <span class=\"wsc-spelling-problem\">hemma<\/span> och <span class=\"wsc-spelling-problem\">ladda<\/span> <span class=\"wsc-spelling-problem\">upp<\/span> <span class=\"wsc-spelling-problem\">batterierna<\/span> <span class=\"wsc-spelling-problem\">ordentligt<\/span> <span class=\"wsc-spelling-problem\">f\u00f6r<\/span> att <span class=\"wsc-spelling-problem\">kunna<\/span> <span class=\"wsc-spelling-problem\">g\u00f6ra<\/span> lite <span class=\"wsc-spelling-problem\">utflykter<\/span>.<\/p>\n<table style=\"border-collapse: collapse; width: 100%;\">\n<tbody>\n<tr>\n<td style=\"width: 33.3333%;\"><a style=\"text-align: -webkit-center;\" title=\"20190308_100245\" href=\"https:\/\/www.flickr.com\/photos\/krakel\/47325326331\/in\/dateposted-public\/\" rel=\"noopener\"><img decoding=\"async\" class=\"aligncenter\" src=\"https:\/\/farm8.staticflickr.com\/7838\/47325326331_ef57d3740e_m.jpg\" alt=\"20190308_100245\" width=\"217\" height=\"386\" border=\"0\" \/><\/a><\/td>\n<td style=\"width: 33.3333%;\"><img decoding=\"async\" class=\"aligncenter\" src=\"https:\/\/farm8.staticflickr.com\/7808\/33449483688_1a32ba8615_m.jpg\" alt=\"20190308_100414\" width=\"204\" height=\"362\" border=\"0\" \/><\/td>\n<td style=\"width: 33.3333%;\"><a title=\"20190308_100042\" href=\"https:\/\/www.flickr.com\/photos\/krakel\/47272779852\/in\/dateposted-public\/\" rel=\"noopener\"><img decoding=\"async\" class=\"\" src=\"https:\/\/farm8.staticflickr.com\/7876\/47272779852_e5b570aec6_m.jpg\" alt=\"20190308_100042\" width=\"213\" height=\"378\" border=\"0\" \/><\/a><\/td>\n<\/tr>\n<\/tbody>\n<\/table>\n<p>Vi tog en <span class=\"wsc-spelling-problem\">tur<\/span> till <span class=\"wsc-spelling-problem\">Sintra<\/span> och Quinta da <span class=\"wsc-spelling-problem\">Regaleira <\/span><span style=\"font-style: normal; font-weight: 400; letter-spacing: normal; text-align: left; text-indent: 0px; text-transform: none; display: inline !important; float: none; background-color: #ffffff;\">som \u00e4r <span class=\"wsc-spelling-problem\">fr\u00e5n<\/span> <span class=\"wsc-spelling-problem\">1800-talet<\/span> och \u00e4r med p\u00e5 UNESCO:s <span class=\"wsc-spelling-problem\">v\u00e4rldsarvslista<\/span>. Vi <span class=\"wsc-spelling-problem\">vandrade<\/span> runt i <span class=\"wsc-spelling-problem\">det<\/span> lite <span class=\"wsc-spelling-problem\">kusligt<\/span> <span class=\"wsc-spelling-problem\">gotiska<\/span> <span class=\"wsc-spelling-problem\">kapellet<\/span> och <span class=\"wsc-spelling-problem\">slottet<\/span> med <span class=\"wsc-spelling-problem\">m\u00e4ngder<\/span> av torn, <span class=\"wsc-spelling-problem\">spiror<\/span> och gargoyles. <span class=\"wsc-spelling-problem\">Det<\/span> <span class=\"wsc-spelling-problem\">fanns<\/span> <span class=\"wsc-spelling-problem\">m\u00e4ngder<\/span> av <span class=\"wsc-spelling-problem\">utarbetade<\/span> system med <span class=\"wsc-spelling-problem\">grottor<\/span> och <span class=\"wsc-spelling-problem\">tunnlar<\/span> som <span class=\"wsc-spelling-problem\">f\u00f6rbinder<\/span> <span class=\"wsc-spelling-problem\">tv\u00e5<\/span> <span class=\"wsc-spelling-problem\">massiva<\/span> <span class=\"wsc-spelling-problem\">spiralbrunnar<\/span> som <span class=\"wsc-spelling-problem\">inte<\/span> <span class=\"wsc-spelling-problem\">anv\u00e4nds<\/span> <span class=\"wsc-spelling-problem\">f\u00f6r<\/span> <span class=\"wsc-spelling-problem\">vatten<\/span>, <span class=\"wsc-spelling-problem\">utan<\/span> <span class=\"wsc-spelling-problem\">f\u00f6r <\/span><span class=\"wsc-spelling-problem\">mystiska<\/span> <span class=\"wsc-spelling-problem\">initiationsritualer<\/span>. Den <span class=\"wsc-spelling-problem\">t\u00e4tt<\/span> <span class=\"wsc-spelling-problem\">v\u00e4xande<\/span> <span class=\"wsc-spelling-problem\">parken<\/span> \u00e4r <span class=\"wsc-spelling-problem\">fylld<\/span> av <span class=\"wsc-spelling-problem\">mystiska <\/span><span class=\"wsc-spelling-problem\">symboliska<\/span> monument.. <span class=\"wsc-spelling-problem\">Detta<\/span> <span class=\"wsc-spelling-problem\">underjordisk<\/span> torn \u00e4r \u00a027 meter <span class=\"wsc-spelling-problem\">djupt<\/span> <span class=\"wsc-spelling-problem\">ner<\/span> i <span class=\"wsc-spelling-problem\">jorden <\/span>och <span class=\"wsc-spelling-problem\">n\u00e5s<\/span> med en monumental <span class=\"wsc-spelling-problem\">trappa<\/span>, full av <span class=\"wsc-spelling-problem\">h\u00e4ftiga<\/span> <span class=\"wsc-spelling-problem\">symboler<\/span>. <\/span><\/p>\n<p align=\"center\"><a title=\"20190308_103355\" href=\"https:\/\/www.flickr.com\/photos\/krakel\/40360237593\/in\/dateposted-public\/\" rel=\"noopener\"><br \/>\n<img decoding=\"async\" class=\"aligncenter\" src=\"https:\/\/farm8.staticflickr.com\/7855\/40360237593_3c9938cf49.jpg\" alt=\"20190308_103355\" width=\"803\" height=\"448\" border=\"0\" \/><\/a><\/p>\n<p align=\"left\"><span class=\"wsc-spelling-problem\">Sintra<\/span> \u00e4r en <span class=\"wsc-spelling-problem\">liten<\/span> by med <span class=\"wsc-spelling-problem\">ett<\/span> <span class=\"wsc-spelling-problem\">j\u00e4ttestort<\/span> <span class=\"wsc-spelling-problem\">torg<\/span>. <span class=\"wsc-spelling-problem\">Detta<\/span> <span class=\"wsc-spelling-problem\">torg<\/span> <span class=\"wsc-spelling-problem\">kommer <\/span><span class=\"wsc-spelling-problem\">oftast<\/span> <span class=\"wsc-spelling-problem\">upp<\/span> p\u00e5 <span class=\"wsc-spelling-problem\">google<\/span> maps <span class=\"wsc-spelling-problem\">n\u00e4r<\/span> man <span class=\"wsc-spelling-problem\">kollar<\/span> <span class=\"wsc-spelling-problem\">Sintra<\/span>. <span class=\"wsc-spelling-problem\">Det<\/span> <span class=\"wsc-spelling-problem\">fanns<\/span> <span class=\"wsc-spelling-problem\">gott<\/span> om <span class=\"wsc-spelling-problem\">mysiga <\/span><span class=\"wsc-spelling-problem\">aff\u00e4rer<\/span> s\u00e5 vi <span class=\"wsc-spelling-problem\">k\u00f6pte<\/span> <span class=\"wsc-spelling-problem\">nummer<\/span> <span class=\"wsc-spelling-problem\">skyltar<\/span> till <span class=\"wsc-spelling-problem\">husen<\/span> och jag <span class=\"wsc-spelling-problem\">letar<\/span> <span class=\"wsc-spelling-problem\">efter<\/span> <span class=\"wsc-spelling-problem\">ett<\/span> <span class=\"wsc-spelling-problem\">stort <\/span><span class=\"wsc-spelling-problem\">motiv<\/span> att ha p\u00e5 <span class=\"wsc-spelling-problem\">v\u00e5r<\/span> gavel. F\u00e5 se om jag <span class=\"wsc-spelling-problem\">lyckas<\/span> med <span class=\"wsc-spelling-problem\">det<\/span>.<\/p>\n<p align=\"center\"><a title=\"IMG_0080\" href=\"https:\/\/www.flickr.com\/photos\/krakel\/47325343651\/in\/dateposted-public\/\" rel=\"noopener\"><br \/>\n<img decoding=\"async\" class=\"aligncenter\" src=\"https:\/\/farm8.staticflickr.com\/7802\/47325343651_d66ab5cbb9.jpg\" alt=\"IMG_0080\" width=\"803\" height=\"535\" border=\"0\" \/><\/a><\/p>\n<p align=\"left\">P\u00e5 <span class=\"wsc-spelling-problem\">hemv\u00e4gen<\/span> <span class=\"wsc-spelling-problem\">\u00e5kte<\/span> vi <span class=\"wsc-spelling-problem\">l\u00e4ngst<\/span> <span class=\"wsc-spelling-problem\">kusten<\/span> och <span class=\"wsc-spelling-problem\">stannade<\/span> till <span class=\"wsc-spelling-problem\">vid<\/span> en <span class=\"wsc-spelling-problem\">fyr<\/span> och <span class=\"wsc-spelling-problem\">olika<\/span> <span class=\"wsc-spelling-problem\">vackra <\/span><span class=\"wsc-spelling-problem\">utsiktspunkter<\/span>. De .hade till och med <span class=\"wsc-spelling-problem\">satt<\/span> <span class=\"wsc-spelling-problem\">upp<\/span> <span class=\"wsc-spelling-problem\">skyltar<\/span> <span class=\"wsc-spelling-problem\">d\u00e4r<\/span> man <span class=\"wsc-spelling-problem\">kunde<\/span> <span class=\"wsc-spelling-problem\">s\u00e4tta<\/span> <span class=\"wsc-spelling-problem\">upp <\/span><span class=\"wsc-spelling-problem\">mobilen<\/span> <span class=\"wsc-spelling-problem\">f\u00f6r<\/span> att f\u00e5 en <span class=\"wsc-spelling-problem\">stadig<\/span> <span class=\"wsc-spelling-problem\">bild<\/span> <span class=\"wsc-spelling-problem\">n\u00e4r<\/span> <span class=\"wsc-spelling-problem\">det<\/span> <span class=\"wsc-spelling-problem\">stormade<\/span> som <span class=\"wsc-spelling-problem\">v\u00e4rst<\/span>. <span class=\"wsc-spelling-problem\">J\u00e4kligt<\/span> smart <span class=\"wsc-spelling-problem\">f\u00f6r <\/span><span class=\"wsc-spelling-problem\">det<\/span> <span class=\"wsc-spelling-problem\">bl\u00e5ste<\/span> <span class=\"wsc-spelling-problem\">rej\u00e4lt<\/span> \ud83d\ude42\u00a0 <span class=\"wsc-spelling-problem\">Det<\/span> var en <span class=\"wsc-spelling-problem\">h\u00e4rlig<\/span> <span class=\"wsc-spelling-problem\">tur<\/span> och <span class=\"wsc-spelling-problem\">v\u00e4dret<\/span> var <span class=\"wsc-spelling-problem\">helt<\/span> <span class=\"wsc-spelling-problem\">perfekt<\/span>.<\/p>\n<p align=\"left\">\n<table style=\"border-collapse: collapse; width: 100%;\">\n<tbody>\n<tr>\n<td style=\"width: 28.635%;\"><img decoding=\"async\" class=\"aligncenter\" src=\"https:\/\/farm8.staticflickr.com\/7830\/33449461068_a273a1e2a4_n.jpg\" alt=\"20190308_124834\" width=\"180\" height=\"320\" border=\"0\" \/><\/td>\n<td style=\"width: 71.365%;\"><img decoding=\"async\" class=\"alignnone\" src=\"https:\/\/farm8.staticflickr.com\/7822\/33449461818_37cfc4d5e5_n.jpg\" alt=\"20190308_124801_001\" width=\"510\" height=\"287\" border=\"0\" \/><\/td>\n<\/tr>\n<\/tbody>\n<\/table>\n<p align=\"center\">\n","protected":false},"excerpt":{"rendered":"<p>\u00c4ntligen semester! Lissabon och Madeira blir det denna g\u00e5ngen. Micael fick inte ledigt fr\u00e5n jobbet s\u00e5 det blev bara Tobias som hakade p\u00e5. Lite trist men vi kommer haka p\u00e5 Micael n\u00e4r han skall till Japan i April n\u00e4sta \u00e5r. Den b\u00f6rjade med en rej\u00e4l regnskur som skulle vara ett par timmar och vi passade &#8230; <\/p>\n<p class=\"read-more-container\"><a title=\"Sintra\" class=\"read-more button\" href=\"https:\/\/necessities.info\/index.php\/2019\/03\/09\/sintra\/\" aria-label=\"L\u00e4s mer om Sintra\">\u2665 L\u00e4s mer \u2665 <\/a><\/p>\n","protected":false},"author":1,"featured_media":34448,"comment_status":"open","ping_status":"open","sticky":false,"template":"","format":"standard","meta":{"advgb_blocks_editor_width":"","advgb_blocks_columns_visual_guide":"","footnotes":""},"categories":[4331],"tags":[2840],"class_list":["post-10591","post","type-post","status-publish","format-standard","has-post-thumbnail","hentry","category-resor","tag-portugal"],"author_meta":{"display_name":"Ingalill","author_link":"https:\/\/necessities.info\/author\/ingalill\/"},"featured_img":"https:\/\/necessities.info\/wp-content\/uploads\/2019\/03\/47272785582_e4cede4deb-300x217.jpg","jetpack_featured_media_url":"https:\/\/necessities.info\/wp-content\/uploads\/2019\/03\/47272785582_e4cede4deb.jpg","coauthors":[],"tax_additional":{"categories":{"linked":["<a href=\"https:\/\/necessities.info\/index.php\/category\/resor\/\" class=\"advgb-post-tax-term\">Resor<\/a>"],"unlinked":["<span class=\"advgb-post-tax-term\">Resor<\/span>"]},"tags":{"linked":["<a href=\"https:\/\/necessities.info\/index.php\/category\/resor\/\" class=\"advgb-post-tax-term\">Portugal<\/a>"],"unlinked":["<span class=\"advgb-post-tax-term\">Portugal<\/span>"]}},"comment_count":"0","relative_dates":{"created":"Publicerad 7 \u00e5r sedan","modified":"Uppdaterad 3 m\u00e5nader sedan"},"absolute_dates":{"created":"Publicerat den 9 mars 2019","modified":"Uppdaterad den 10 februari 2026"},"absolute_dates_time":{"created":"Publicerat den 9 mars 2019 09:16","modified":"Uppdaterad den 10 februari 2026 16:54"},"featured_img_caption":"","series_order":"","jetpack_likes_enabled":true,"_links":{"self":[{"href":"https:\/\/necessities.info\/index.php\/wp-json\/wp\/v2\/posts\/10591","targetHints":{"allow":["GET"]}}],"collection":[{"href":"https:\/\/necessities.info\/index.php\/wp-json\/wp\/v2\/posts"}],"about":[{"href":"https:\/\/necessities.info\/index.php\/wp-json\/wp\/v2\/types\/post"}],"author":[{"embeddable":true,"href":"https:\/\/necessities.info\/index.php\/wp-json\/wp\/v2\/users\/1"}],"replies":[{"embeddable":true,"href":"https:\/\/necessities.info\/index.php\/wp-json\/wp\/v2\/comments?post=10591"}],"version-history":[{"count":1,"href":"https:\/\/necessities.info\/index.php\/wp-json\/wp\/v2\/posts\/10591\/revisions"}],"predecessor-version":[{"id":54215,"href":"https:\/\/necessities.info\/index.php\/wp-json\/wp\/v2\/posts\/10591\/revisions\/54215"}],"wp:featuredmedia":[{"embeddable":true,"href":"https:\/\/necessities.info\/index.php\/wp-json\/wp\/v2\/media\/34448"}],"wp:attachment":[{"href":"https:\/\/necessities.info\/index.php\/wp-json\/wp\/v2\/media?parent=10591"}],"wp:term":[{"taxonomy":"category","embeddable":true,"href":"https:\/\/necessities.info\/index.php\/wp-json\/wp\/v2\/categories?post=10591"},{"taxonomy":"post_tag","embeddable":true,"href":"https:\/\/necessities.info\/index.php\/wp-json\/wp\/v2\/tags?post=10591"}],"curies":[{"name":"wp","href":"https:\/\/api.w.org\/{rel}","templated":true}]}}