{"id":10600,"date":"2019-03-09T18:24:06","date_gmt":"2019-03-09T18:24:06","guid":{"rendered":"https:\/\/www.necessities.info\/?p=10600"},"modified":"2026-02-10T16:54:21","modified_gmt":"2026-02-10T15:54:21","slug":"tjuvarnas-marknad","status":"publish","type":"post","link":"https:\/\/necessities.info\/index.php\/2019\/03\/09\/tjuvarnas-marknad\/","title":{"rendered":"Tjuvarnas marknad"},"content":{"rendered":"<p align=\"center\"><a title=\"IMG_0059\" href=\"https:\/\/www.flickr.com\/photos\/krakel\/33453191918\/in\/dateposted-public\/\" rel=\"noopener\"><br \/>\n<\/a><img decoding=\"async\" class=\"aligncenter\" src=\"https:\/\/farm8.staticflickr.com\/7845\/33453191918_af142ea400.jpg\" alt=\"IMG_0059\" width=\"807\" height=\"537\" border=\"0\" \/><\/p>\n<p><span style=\"letter-spacing: normal;\">I dag tog vi en <span class=\"wsc-spelling-problem\">sv\u00e4ng<\/span> <\/span><span style=\"letter-spacing: normal;\">till\u00a0<\/span><span style=\"font-style: normal; font-weight: 400; letter-spacing: normal; text-align: start; text-indent: 0px; text-transform: none; display: inline !important; float: none; background-color: #ffffff;\">den<\/span><span style=\"font-style: normal; font-weight: 400; letter-spacing: normal; text-align: start; text-indent: 0px; text-transform: none; display: inline !important; float: none; background-color: #ffffff;\"> <span class=\"wsc-spelling-problem\">ber\u00f6mda<\/span> \u2019<span class=\"wsc-spelling-problem\">Tjuvarnas<\/span> <span class=\"wsc-spelling-problem\">marknad<\/span>\u2019, <span class=\"wsc-spelling-problem\">Feira<\/span> da <span class=\"wsc-spelling-problem\">Ladra<\/span>. Den <span class=\"wsc-spelling-problem\">har<\/span> <span class=\"wsc-spelling-problem\">anv\u00e4nts<\/span> sedan <span class=\"wsc-spelling-problem\">1600-talet<\/span> <span class=\"wsc-spelling-problem\">fr\u00e5n<\/span> <span class=\"wsc-spelling-problem\">gryning<\/span> till <span class=\"wsc-spelling-problem\">skymning<\/span> p\u00e5 <span class=\"wsc-spelling-problem\">l\u00f6rdagar<\/span>. <span class=\"wsc-spelling-problem\">Otroligt<\/span> <span class=\"wsc-spelling-problem\">mycket<\/span> <span class=\"wsc-spelling-problem\">jox<\/span> men <span class=\"wsc-spelling-problem\">\u00e4nd\u00e5 <\/span><span class=\"wsc-spelling-problem\">roligt<\/span> att ha <span class=\"wsc-spelling-problem\">bes\u00f6kt<\/span>. Den var <span class=\"wsc-spelling-problem\">o\u00e4ndligt<\/span> stor, <span class=\"wsc-spelling-problem\">det<\/span> <span class=\"wsc-spelling-problem\">k\u00e4ndes<\/span> som <span class=\"wsc-spelling-problem\">hela<\/span> <span class=\"wsc-spelling-problem\">Lissabon<\/span> var p\u00e5 plats och <span class=\"wsc-spelling-problem\">s\u00e5lde<\/span> <span class=\"wsc-spelling-problem\">sina<\/span> <span class=\"wsc-spelling-problem\">gamla<\/span> saker.<\/span> Jag <span class=\"wsc-spelling-problem\">k\u00f6pte<\/span> <span class=\"wsc-spelling-problem\">ett<\/span> <span class=\"wsc-spelling-problem\">gammalt<\/span> <span class=\"wsc-spelling-problem\">radba<\/span>nd av <span class=\"wsc-spelling-problem\">kork<\/span>. Men <span class=\"wsc-spelling-problem\">lampan<\/span> p\u00e5 <span class=\"wsc-spelling-problem\">bilden<\/span> <span class=\"wsc-spelling-problem\">nedanf\u00f6r<\/span> hade jag <span class=\"wsc-spelling-problem\">g\u00e4rna<\/span> <span class=\"wsc-spelling-problem\">velat<\/span> ha! S\u00e5 <span class=\"wsc-spelling-problem\">ful<\/span> <span class=\"wsc-spelling-problem\">h\u00e4ftig<\/span>. Ser nog f<span class=\"wsc-spelling-problem\">inare<\/span> ut <span class=\"wsc-spelling-problem\">n\u00e4r<\/span> den \u00e4r <span class=\"wsc-spelling-problem\">t\u00e4nd<\/span>.<\/p>\n<p align=\"center\"><a title=\"IMG_0060\" href=\"https:\/\/www.flickr.com\/photos\/krakel\/40363826223\/in\/dateposted-public\/\" rel=\"noopener\"><img decoding=\"async\" class=\"aligncenter\" src=\"https:\/\/farm8.staticflickr.com\/7864\/40363826223_e2fb26b9a2.jpg\" alt=\"IMG_0060\" width=\"784\" height=\"522\" \/><\/a><\/p>\n<p style=\"text-align: left;\" align=\"center\"><span style=\"color: #4a4a4a; font-style: normal; letter-spacing: normal; text-align: start; text-indent: 0px; text-transform: none; display: inline !important; float: none; background-color: #ffffff;\">Vi hade <span class=\"wsc-spelling-problem\">t\u00e4nkt<\/span> <span class=\"wsc-spelling-problem\">bes\u00f6ka<\/span> <\/span><span style=\"color: #000a12; font-style: normal; letter-spacing: normal; text-align: start; text-indent: 0px; text-transform: none; display: inline !important; float: none; background-color: #ffffff;\"><span class=\"wsc-spelling-problem\">Castelo<\/span> de Sao Jorge <span class=\"wsc-spelling-problem\">ett <\/span><\/span><span style=\"color: #4a4a4a; font-style: normal; letter-spacing: normal; text-align: start; text-indent: 0px; text-transform: none; display: inline !important; float: none; background-color: #ffffff;\"><span class=\"wsc-spelling-problem\">slott<\/span> med <span class=\"wsc-spelling-problem\">underbar<\/span> <span class=\"wsc-spelling-problem\">utsikt<\/span>. Man <span class=\"wsc-spelling-problem\">kunde<\/span> g\u00e5 runt <span class=\"wsc-spelling-problem\">n\u00e4stan<\/span> <span class=\"wsc-spelling-problem\">hela<\/span> <span class=\"wsc-spelling-problem\">slottet<\/span> <span class=\"wsc-spelling-problem\">uppe<\/span> p\u00e5 <span class=\"wsc-spelling-problem\">murarna <\/span>och <span class=\"wsc-spelling-problem\">titta<\/span> ut <span class=\"wsc-spelling-problem\">\u00f6ver<\/span> <span class=\"wsc-spelling-problem\">staden<\/span> och <span class=\"wsc-spelling-problem\">havet<\/span>, men <span class=\"wsc-spelling-problem\">det<\/span> var s\u00e5 <span class=\"wsc-spelling-problem\">mycket<\/span> folk som <span class=\"wsc-spelling-problem\">bes\u00f6kte <\/span><span class=\"wsc-spelling-problem\">slottet<\/span> att <span class=\"wsc-spelling-problem\">k\u00f6n<\/span> in var <span class=\"wsc-spelling-problem\">enorm<\/span> s\u00e5 vi <span class=\"wsc-spelling-problem\">v\u00e4nde<\/span> och <span class=\"wsc-spelling-problem\">\u00e5kte<\/span> <span class=\"wsc-spelling-problem\">tillbaka<\/span> till <span class=\"wsc-spelling-problem\">l\u00e4genheten<\/span>. <span class=\"wsc-spelling-problem\">Det <\/span>var 24 grader <span class=\"wsc-spelling-problem\">idag<\/span> och vi hade <span class=\"wsc-spelling-problem\">traskat<\/span> runt i <span class=\"wsc-spelling-problem\">Lissabon<\/span> s\u00e5 <span class=\"wsc-spelling-problem\">m\u00e5nga<\/span> <span class=\"wsc-spelling-problem\">timmar<\/span> att <span class=\"wsc-spelling-problem\">det <\/span>var <span class=\"wsc-spelling-problem\">gott<\/span> att <span class=\"wsc-spelling-problem\">bara<\/span> f\u00e5 <span class=\"wsc-spelling-problem\">komma<\/span> hem.<\/span>.<\/p>\n<p align=\"center\"><a title=\"IMG_0036\" href=\"https:\/\/www.flickr.com\/photos\/krakel\/46605817514\/in\/dateposted-public\/\" rel=\"noopener\"><br \/>\n<img decoding=\"async\" class=\"aligncenter\" src=\"https:\/\/farm8.staticflickr.com\/7809\/46605817514_d20e44f7da.jpg\" alt=\"IMG_0036\" width=\"801\" height=\"533\" border=\"0\" \/><\/a><\/p>\n<p><span class=\"wsc-spelling-problem\">Sp\u00e5rvagnarna<\/span> ser <span class=\"wsc-spelling-problem\">f\u00f6r<\/span> <span class=\"wsc-spelling-problem\">s\u00f6ta<\/span> ut <span class=\"wsc-spelling-problem\">n\u00e4r<\/span> de <span class=\"wsc-spelling-problem\">kommer<\/span> och en del \u00e4r <span class=\"wsc-spelling-problem\">tillverkade<\/span> <span class=\"wsc-spelling-problem\">f\u00f6re<\/span> <span class=\"wsc-spelling-problem\">f\u00f6rsta<\/span> <span class=\"wsc-spelling-problem\">v\u00e4rldskriget<\/span> och <span class=\"wsc-spelling-problem\">fungerar<\/span> <span class=\"wsc-spelling-problem\">fortfarande<\/span> <span class=\"wsc-spelling-problem\">perfekt<\/span>, <span class=\"wsc-spelling-problem\">\u00e4ven<\/span> om de ser ut att falla av <span class=\"wsc-spelling-problem\">ibland<\/span>. Men jag <span class=\"wsc-spelling-problem\">tror<\/span> <span class=\"wsc-spelling-problem\">aldrig<\/span> jag <span class=\"wsc-spelling-problem\">har<\/span> sett s\u00e5 <span class=\"wsc-spelling-problem\">mycket <\/span><span class=\"wsc-spelling-problem\">klotter<\/span> <span class=\"wsc-spelling-problem\">\u00f6verallt<\/span>. De <span class=\"wsc-spelling-problem\">stod<\/span> och <span class=\"wsc-spelling-problem\">f\u00f6rb\u00e4ttrade<\/span> p\u00e5 <span class=\"wsc-spelling-problem\">f\u00e4rgen<\/span> lite <span class=\"wsc-spelling-problem\">varstans<\/span> och jag <span class=\"wsc-spelling-problem\">k\u00e4nde <\/span><span class=\"wsc-spelling-problem\">bara<\/span> <span class=\"wsc-spelling-problem\">f\u00f6r<\/span> att <span class=\"wsc-spelling-problem\">klotter<\/span> <span class=\"wsc-spelling-problem\">sanera<\/span>! <span class=\"wsc-spelling-problem\">Beh\u00f6ver<\/span> nog <span class=\"wsc-spelling-problem\">ett<\/span> par <span class=\"wsc-spelling-problem\">dagar<\/span> till <span class=\"wsc-spelling-problem\">f\u00f6r<\/span> att <span class=\"wsc-spelling-problem\">sl\u00e4ppa<\/span> <span class=\"wsc-spelling-problem\">jobb <\/span><span class=\"wsc-spelling-problem\">nojan<\/span>..<\/p>\n<p align=\"center\"><a title=\"IMG_0027\" href=\"https:\/\/www.flickr.com\/photos\/krakel\/46605819114\/in\/dateposted-public\/\" rel=\"noopener\"><br \/>\n<img decoding=\"async\" class=\"aligncenter\" src=\"https:\/\/farm8.staticflickr.com\/7808\/46605819114_e54af431e5.jpg\" alt=\"IMG_0027\" width=\"801\" height=\"533\" border=\"0\" \/><\/a><\/p>\n","protected":false},"excerpt":{"rendered":"<p>I dag tog vi en sv\u00e4ng till\u00a0den ber\u00f6mda \u2019Tjuvarnas marknad\u2019, Feira da Ladra. Den har anv\u00e4nts sedan 1600-talet fr\u00e5n gryning till skymning p\u00e5 l\u00f6rdagar. Otroligt mycket jox men \u00e4nd\u00e5 roligt att ha bes\u00f6kt. Den var o\u00e4ndligt stor, det k\u00e4ndes som hela Lissabon var p\u00e5 plats och s\u00e5lde sina gamla saker. Jag k\u00f6pte ett gammalt radband &#8230; <\/p>\n<p class=\"read-more-container\"><a title=\"Tjuvarnas marknad\" class=\"read-more button\" href=\"https:\/\/necessities.info\/index.php\/2019\/03\/09\/tjuvarnas-marknad\/\" aria-label=\"L\u00e4s mer om Tjuvarnas marknad\">\u2665 L\u00e4s mer \u2665 <\/a><\/p>\n","protected":false},"author":1,"featured_media":34445,"comment_status":"open","ping_status":"open","sticky":false,"template":"","format":"standard","meta":{"advgb_blocks_editor_width":"","advgb_blocks_columns_visual_guide":"","footnotes":""},"categories":[4331],"tags":[2840],"class_list":["post-10600","post","type-post","status-publish","format-standard","has-post-thumbnail","hentry","category-resor","tag-portugal"],"author_meta":{"display_name":"Ingalill","author_link":"https:\/\/necessities.info\/author\/ingalill\/"},"featured_img":"https:\/\/necessities.info\/wp-content\/uploads\/2019\/03\/33453191918_af142ea400-300x200.jpg","jetpack_featured_media_url":"https:\/\/necessities.info\/wp-content\/uploads\/2019\/03\/33453191918_af142ea400.jpg","coauthors":[],"tax_additional":{"categories":{"linked":["<a href=\"https:\/\/necessities.info\/index.php\/category\/resor\/\" class=\"advgb-post-tax-term\">Resor<\/a>"],"unlinked":["<span class=\"advgb-post-tax-term\">Resor<\/span>"]},"tags":{"linked":["<a href=\"https:\/\/necessities.info\/index.php\/category\/resor\/\" class=\"advgb-post-tax-term\">Portugal<\/a>"],"unlinked":["<span class=\"advgb-post-tax-term\">Portugal<\/span>"]}},"comment_count":"0","relative_dates":{"created":"Publicerad 7 \u00e5r sedan","modified":"Uppdaterad 3 m\u00e5nader sedan"},"absolute_dates":{"created":"Publicerat den 9 mars 2019","modified":"Uppdaterad den 10 februari 2026"},"absolute_dates_time":{"created":"Publicerat den 9 mars 2019 18:24","modified":"Uppdaterad den 10 februari 2026 16:54"},"featured_img_caption":"","series_order":"","jetpack_likes_enabled":true,"_links":{"self":[{"href":"https:\/\/necessities.info\/index.php\/wp-json\/wp\/v2\/posts\/10600","targetHints":{"allow":["GET"]}}],"collection":[{"href":"https:\/\/necessities.info\/index.php\/wp-json\/wp\/v2\/posts"}],"about":[{"href":"https:\/\/necessities.info\/index.php\/wp-json\/wp\/v2\/types\/post"}],"author":[{"embeddable":true,"href":"https:\/\/necessities.info\/index.php\/wp-json\/wp\/v2\/users\/1"}],"replies":[{"embeddable":true,"href":"https:\/\/necessities.info\/index.php\/wp-json\/wp\/v2\/comments?post=10600"}],"version-history":[{"count":1,"href":"https:\/\/necessities.info\/index.php\/wp-json\/wp\/v2\/posts\/10600\/revisions"}],"predecessor-version":[{"id":54214,"href":"https:\/\/necessities.info\/index.php\/wp-json\/wp\/v2\/posts\/10600\/revisions\/54214"}],"wp:featuredmedia":[{"embeddable":true,"href":"https:\/\/necessities.info\/index.php\/wp-json\/wp\/v2\/media\/34445"}],"wp:attachment":[{"href":"https:\/\/necessities.info\/index.php\/wp-json\/wp\/v2\/media?parent=10600"}],"wp:term":[{"taxonomy":"category","embeddable":true,"href":"https:\/\/necessities.info\/index.php\/wp-json\/wp\/v2\/categories?post=10600"},{"taxonomy":"post_tag","embeddable":true,"href":"https:\/\/necessities.info\/index.php\/wp-json\/wp\/v2\/tags?post=10600"}],"curies":[{"name":"wp","href":"https:\/\/api.w.org\/{rel}","templated":true}]}}