{"id":10622,"date":"2019-03-10T18:53:30","date_gmt":"2019-03-10T18:53:30","guid":{"rendered":"https:\/\/www.necessities.info\/?p=10622"},"modified":"2026-02-10T16:54:05","modified_gmt":"2026-02-10T15:54:05","slug":"10622-2","status":"publish","type":"post","link":"https:\/\/necessities.info\/index.php\/2019\/03\/10\/10622-2\/","title":{"rendered":"Ocean\u00e1rio de Lisboa"},"content":{"rendered":"<p align=\"center\"><a title=\"20190310_132326\" href=\"https:\/\/www.flickr.com\/photos\/krakel\/46425072175\/in\/dateposted-public\/\" rel=\"noopener\"><br \/>\n<img decoding=\"async\" class=\"aligncenter\" src=\"https:\/\/farm8.staticflickr.com\/7822\/46425072175_bf7cc882f8.jpg\" alt=\"20190310_132326\" width=\"800\" height=\"450\" border=\"0\" \/><\/a><\/p>\n<p align=\"left\">Bel\u00e4get vid havet en bit utanf\u00f6r centrala Lissabon ligger\u00a0Oceanario de Lisboa akvariet som blivit framr\u00f6stat till v\u00e4rldens b\u00e4sta \u00e5r 2017 via Tripadvisor. Platserna d\u00e4rifr\u00e5n man kan se in i de st\u00f6rre tankarna \u00e4r v\u00e4ldigt genomt\u00e4nkta. Det fanns v\u00e4ldigt m\u00e5nga av dem s\u00e5 var det upptaget vid en var det bara att g\u00e5 en bit till s\u00e5 hittar man en d\u00e4r man kan st\u00e5 och kika ifred.. Det var v\u00e4ldigt mycket folk men \u00e4nd\u00e5 gott om plats att r\u00f6ra sig p\u00e5 eftersom de gjort s\u00e5 m\u00e5nga gluggar.<\/p>\n<div align=\"center\">\n<table style=\"width: 88.9259%;\" border=\"0\" width=\"38%\" cellpadding=\"0\">\n<tbody>\n<tr>\n<td style=\"width: 33.5092%;\">\n<p align=\"center\"><a title=\"20190310_132136\" href=\"https:\/\/www.flickr.com\/photos\/krakel\/47287522722\/in\/dateposted-public\/\" rel=\"noopener\"><img decoding=\"async\" class=\"aligncenter\" src=\"https:\/\/farm8.staticflickr.com\/7859\/47287522722_261abe615f_n.jpg\" alt=\"20190310_132136\" width=\"217\" height=\"385\" border=\"0\" \/><\/a><\/p>\n<\/td>\n<td style=\"width: 32.0312%;\">\n<p align=\"center\"><a title=\"20190310_124343\" href=\"https:\/\/www.flickr.com\/photos\/krakel\/46425084795\/in\/dateposted-public\/\" rel=\"noopener\"><img decoding=\"async\" class=\"aligncenter\" src=\"https:\/\/farm8.staticflickr.com\/7809\/46425084795_193cff9c6e_n.jpg\" alt=\"20190310_124343\" width=\"223\" height=\"396\" border=\"0\" \/><\/a><\/p>\n<\/td>\n<td style=\"width: 135.754%;\">\n<p align=\"center\"><a title=\"20190310_130419\" href=\"https:\/\/www.flickr.com\/photos\/krakel\/32398067167\/in\/dateposted-public\/\" rel=\"noopener\"><img decoding=\"async\" class=\"aligncenter\" src=\"https:\/\/farm8.staticflickr.com\/7865\/32398067167_8723b814fe_n.jpg\" alt=\"20190310_130419\" width=\"203\" height=\"361\" border=\"0\" \/><\/a><\/p>\n<\/td>\n<\/tr>\n<\/tbody>\n<\/table>\n<\/div>\n<p align=\"left\">Enligt Lissabon Oceanarium inneh\u00e5ller den permanenta utst\u00e4llningen \u00f6ver 450 olika arter av fisk och andra djur i samband med havsmilj\u00f6n, som kan studsa i 7 miljoner liter saltvatten. P\u00e5 utst\u00e4llningarna kan du se hundratals sp\u00e4nnande djur- och v\u00e4xtarter n\u00e4r du utforskar alla oceaner fr\u00e5n Arktis med pingviner till Indiska oceanens f\u00e4rgglada exotiska fiskar. Den permanenta utst\u00e4llnings st\u00f6rsta akvarium p\u00e5 5 miljoner liter rymmer hajar, str\u00e5lar, barracudaer och en stor klumpfisk. Runt detta akvarium finns 4 mindre akvarier som skildrar oceanen i olika delar av v\u00e4rlden. Dessutom \u00e4r det vanligtvis en tillf\u00e4llig utst\u00e4llning som har ett f\u00f6r\u00e4ndrat tema.<\/p>\n<p align=\"center\"><a title=\"IMG_0048\" href=\"https:\/\/www.flickr.com\/photos\/krakel\/47340102571\/in\/dateposted-public\/\" rel=\"noopener\"><br \/>\n<\/a><img decoding=\"async\" class=\"aligncenter\" src=\"https:\/\/farm8.staticflickr.com\/7875\/47340102571_02f649a422.jpg\" alt=\"IMG_0048\" width=\"797\" height=\"531\" border=\"0\" \/><\/p>\n<p align=\"left\">De hade gjort s\u00e5 fint utanf\u00f6r\u00a0akvariet med parker med m\u00e4ngde av olika restauranger. Vi passade p\u00e5 att \u00e4ta p\u00e5 en som hade buff\u00e9, den var stor men \u00e4nd\u00e5 fullt av folk. Den som vill se Parque das Na\u00e7\u00f5es ovanifr\u00e5n och dessutom f\u00e5 en fantastisk vy \u00f6ver Europas l\u00e4ngsta bro, Vasco da Gama-bron, b\u00f6r ta en tur i\u00a0linbanan. Precis bredvid akvariet ligger linbanans s\u00f6dra station och d\u00e4r kan man k\u00f6pa en enkel- eller tur-och-returbiljett och \u00e5ka upp till norra stationen vid hotell Myriad.<\/p>\n<p align=\"center\"><a title=\"IMG_0040\" href=\"https:\/\/www.flickr.com\/photos\/krakel\/47287555732\/in\/dateposted-public\/\" rel=\"noopener\"><br \/>\n<\/a><img decoding=\"async\" class=\"aligncenter\" src=\"https:\/\/farm8.staticflickr.com\/7925\/47287555732_2e10c69790.jpg\" alt=\"IMG_0040\" width=\"803\" height=\"535\" border=\"0\" \/><\/p>\n<p align=\"left\">De h\u00e4r f\u00e4rgglada konerna sprutade pl\u00f6tsligt vatten som vid ett vulkanutbrott och b\u00f6rjade ryka. Det s\u00e5g s\u00e5 h\u00e4ftigt ut och s\u00e5 himla otippat. Det var inte lite vatten heller som den sprutade iv\u00e4g. Vi s\u00e5g ju flera som st\u00e4llde sig kloss intill f\u00f6r att bli fotograferade. Hade varit kul att se deras miner n\u00e4r konen fick ett utbrott. Helt grym dag med massor att se p\u00e5 och en perfekt avslutning p\u00e5 Lissabon.<\/p>\n<p align=\"center\"><a title=\"IMG_0038\" href=\"https:\/\/www.flickr.com\/photos\/krakel\/46616748234\/in\/dateposted-public\/\" rel=\"noopener\"><br \/>\n<\/a><img decoding=\"async\" class=\"aligncenter\" src=\"https:\/\/farm8.staticflickr.com\/7919\/46616748234_824399f2a2.jpg\" alt=\"IMG_0038\" width=\"800\" height=\"533\" border=\"0\" \/><\/p>\n","protected":false},"excerpt":{"rendered":"<p>Bel\u00e4get vid havet en bit utanf\u00f6r centrala Lissabon ligger\u00a0Oceanario de Lisboa akvariet som blivit framr\u00f6stat till v\u00e4rldens b\u00e4sta \u00e5r 2017 via Tripadvisor. Platserna d\u00e4rifr\u00e5n man kan se in i de st\u00f6rre tankarna \u00e4r v\u00e4ldigt genomt\u00e4nkta. Det fanns v\u00e4ldigt m\u00e5nga av dem s\u00e5 var det upptaget vid en var det bara att g\u00e5 en bit till &#8230; <\/p>\n<p class=\"read-more-container\"><a title=\"Ocean\u00e1rio de Lisboa\" class=\"read-more button\" href=\"https:\/\/necessities.info\/index.php\/2019\/03\/10\/10622-2\/\" aria-label=\"L\u00e4s mer om Ocean\u00e1rio de Lisboa\">\u2665 L\u00e4s mer \u2665 <\/a><\/p>\n","protected":false},"author":1,"featured_media":34442,"comment_status":"open","ping_status":"open","sticky":false,"template":"","format":"standard","meta":{"advgb_blocks_editor_width":"","advgb_blocks_columns_visual_guide":"","footnotes":""},"categories":[4331],"tags":[2840],"class_list":["post-10622","post","type-post","status-publish","format-standard","has-post-thumbnail","hentry","category-resor","tag-portugal"],"author_meta":{"display_name":"Ingalill","author_link":"https:\/\/necessities.info\/author\/ingalill\/"},"featured_img":"https:\/\/necessities.info\/wp-content\/uploads\/2019\/03\/46425072175_bf7cc882f8-300x169.jpg","jetpack_featured_media_url":"https:\/\/necessities.info\/wp-content\/uploads\/2019\/03\/46425072175_bf7cc882f8.jpg","coauthors":[],"tax_additional":{"categories":{"linked":["<a href=\"https:\/\/necessities.info\/index.php\/category\/resor\/\" class=\"advgb-post-tax-term\">Resor<\/a>"],"unlinked":["<span class=\"advgb-post-tax-term\">Resor<\/span>"]},"tags":{"linked":["<a href=\"https:\/\/necessities.info\/index.php\/category\/resor\/\" class=\"advgb-post-tax-term\">Portugal<\/a>"],"unlinked":["<span class=\"advgb-post-tax-term\">Portugal<\/span>"]}},"comment_count":"0","relative_dates":{"created":"Publicerad 7 \u00e5r sedan","modified":"Uppdaterad 3 m\u00e5nader sedan"},"absolute_dates":{"created":"Publicerat den 10 mars 2019","modified":"Uppdaterad den 10 februari 2026"},"absolute_dates_time":{"created":"Publicerat den 10 mars 2019 18:53","modified":"Uppdaterad den 10 februari 2026 16:54"},"featured_img_caption":"","series_order":"","jetpack_likes_enabled":true,"_links":{"self":[{"href":"https:\/\/necessities.info\/index.php\/wp-json\/wp\/v2\/posts\/10622","targetHints":{"allow":["GET"]}}],"collection":[{"href":"https:\/\/necessities.info\/index.php\/wp-json\/wp\/v2\/posts"}],"about":[{"href":"https:\/\/necessities.info\/index.php\/wp-json\/wp\/v2\/types\/post"}],"author":[{"embeddable":true,"href":"https:\/\/necessities.info\/index.php\/wp-json\/wp\/v2\/users\/1"}],"replies":[{"embeddable":true,"href":"https:\/\/necessities.info\/index.php\/wp-json\/wp\/v2\/comments?post=10622"}],"version-history":[{"count":1,"href":"https:\/\/necessities.info\/index.php\/wp-json\/wp\/v2\/posts\/10622\/revisions"}],"predecessor-version":[{"id":54213,"href":"https:\/\/necessities.info\/index.php\/wp-json\/wp\/v2\/posts\/10622\/revisions\/54213"}],"wp:featuredmedia":[{"embeddable":true,"href":"https:\/\/necessities.info\/index.php\/wp-json\/wp\/v2\/media\/34442"}],"wp:attachment":[{"href":"https:\/\/necessities.info\/index.php\/wp-json\/wp\/v2\/media?parent=10622"}],"wp:term":[{"taxonomy":"category","embeddable":true,"href":"https:\/\/necessities.info\/index.php\/wp-json\/wp\/v2\/categories?post=10622"},{"taxonomy":"post_tag","embeddable":true,"href":"https:\/\/necessities.info\/index.php\/wp-json\/wp\/v2\/tags?post=10622"}],"curies":[{"name":"wp","href":"https:\/\/api.w.org\/{rel}","templated":true}]}}