{"id":10662,"date":"2019-03-13T08:49:19","date_gmt":"2019-03-13T08:49:19","guid":{"rendered":"https:\/\/www.necessities.info\/?p=10662"},"modified":"2026-02-10T16:53:43","modified_gmt":"2026-02-10T15:53:43","slug":"monte","status":"publish","type":"post","link":"https:\/\/necessities.info\/index.php\/2019\/03\/13\/monte\/","title":{"rendered":"Monte"},"content":{"rendered":"<p style=\"text-align: center;\"><a title=\"IMG_0010\" href=\"https:\/\/www.flickr.com\/photos\/krakel\/46643266844\/in\/dateposted-public\/\" rel=\"noopener\"><br \/>\n<img decoding=\"async\" class=\"aligncenter\" src=\"https:\/\/farm8.staticflickr.com\/7881\/46643266844_717cf338b0_z.jpg\" alt=\"IMG_0010\" width=\"789\" height=\"525\" border=\"0\" \/><\/a><\/p>\n<p style=\"line-height: inherit; color: #222222; font-family: Times New Roman; font-style: normal; font-weight: 400; letter-spacing: normal; text-align: start; text-indent: 0px; text-transform: none; margin: 0.5em 0px; background-color: #ffffff;\"><span style=\"color: #4a4a4a; font-style: normal; font-weight: 400; letter-spacing: normal; text-align: start; text-indent: 0px; text-transform: none; background-color: #ffffff; display: inline !important; float: none;\">I dag \u00e5kte vi upp till Monte med en j\u00e4tteh\u00e4ftig linbergbana, h\u00f6gt h\u00f6gt ovan marken. Kanon fin utsikt och man s\u00e5g hur backigt Funchal \u00e4r med m\u00e4ngder av tunnlar. Vi ville ta en tur i tr\u00e4dg\u00e5rden d\u00e4r uppe och sen testa den omtalade tr\u00e4k\u00e4lken n\u00e4r man vill ner till dalen igen. De hade gjutet sittplatser l\u00e4ngs muren s\u00e5 man kunde ta kort p\u00e5 de som kom \u00e5kandes \ud83d\ude42<\/span><\/p>\n<div align=\"center\">\n<table style=\"width: 83.9882%; height: 242px;\" border=\"0\" width=\"50%\">\n<tbody>\n<tr style=\"height: 242px;\">\n<td style=\"height: 242px; width: 33.1285%;\" align=\"center\"><a title=\"IMG_0055\" href=\"https:\/\/www.flickr.com\/photos\/krakel\/47313719442\/in\/dateposted-public\/\" rel=\"noopener\"><br \/>\n<img decoding=\"async\" class=\"aligncenter\" src=\"https:\/\/farm8.staticflickr.com\/7832\/47313719442_ea4d4c193d_n.jpg\" alt=\"IMG_0055\" width=\"219\" height=\"322\" border=\"0\" \/><\/a><\/td>\n<td style=\"height: 242px; width: 34.5232%;\" align=\"center\"><a title=\"IMG_0046\" href=\"https:\/\/www.flickr.com\/photos\/krakel\/47313726492\/in\/dateposted-public\/\" rel=\"noopener\"><br \/>\n<img decoding=\"async\" class=\"aligncenter\" src=\"https:\/\/farm8.staticflickr.com\/7897\/47313726492_2c7d8dd0d3_n.jpg\" alt=\"IMG_0046\" width=\"222\" height=\"306\" border=\"0\" \/><\/a><\/td>\n<td style=\"height: 253px; width: 84.5714%;\" align=\"center\"><a title=\"IMG_0056\" href=\"https:\/\/www.flickr.com\/photos\/krakel\/47366477021\/in\/dateposted-public\/\" rel=\"noopener\"><br \/>\n<img decoding=\"async\" class=\"aligncenter\" src=\"https:\/\/farm8.staticflickr.com\/7876\/47366477021_789fe1d430_n.jpg\" alt=\"IMG_0056\" width=\"253\" height=\"377\" border=\"0\" \/><\/a><\/td>\n<\/tr>\n<\/tbody>\n<\/table>\n<\/div>\n<p style=\"text-align: left;\"><span style=\"color: #4a4a4a; font-style: normal; font-weight: 400; letter-spacing: normal; text-align: start; text-indent: 0px; text-transform: none; background-color: #ffffff; display: inline !important; float: none;\">V\u00e5gar man inte det s\u00e5 kan man ta bussen ner. \u00a0Visst det \u00e4r upplagt f\u00f6r turister men det g\u00e5r fort och det k\u00e4nns inte helt s\u00e4kert eftersom du \u00e5ker snabbt nedf\u00f6r ibland p\u00e5 sidan, korsande gator som det ocks\u00e5 \u00e5ker bilar p\u00e5. Helt enkelt ett udda och h\u00e4ftig upplevelse.<\/span>.<\/p>\n<p style=\"text-align: center;\"><a title=\"20190312_123321_001\" href=\"https:\/\/www.flickr.com\/photos\/krakel\/33490287268\/in\/dateposted-public\/\" rel=\"noopener\"><br \/>\n<img decoding=\"async\" class=\"aligncenter\" src=\"https:\/\/farm8.staticflickr.com\/7812\/33490287268_5153b8f528_z.jpg\" alt=\"20190312_123321_001\" width=\"802\" height=\"452\" border=\"0\" \/><\/a><\/p>\n<p style=\"line-height: inherit; color: #222222; font-family: Times New Roman; font-style: normal; font-weight: 400; letter-spacing: normal; text-align: start; text-indent: 0px; text-transform: none; margin: 0.5em 0px; background-color: #ffffff;\">Tr\u00e4dg\u00e5rden fanns <span style=\"color: #4a4a4a;\">a<\/span><span style=\"color: #4a4a4a; font-style: normal; font-weight: 400; letter-spacing: normal; text-align: start; text-indent: 0px; text-transform: none; display: inline !important; float: none; background-color: #ffffff;\">llt ifr\u00e5n kaktusar till magnolior, orkid\u00e9er och kameliarosor. Massor av intressanta<br \/>\ntr\u00e4d fr\u00e5n jordens alla h\u00f6rn. Fint utformat med utsiktsplatser och smala g\u00e5ngar som gav sp\u00e4nning \u00e5t gr\u00f6nskan. En riktig oas.<\/span> Det var avkopplande att strosa runt p\u00e5 de smala g\u00e5ngarna och sedan avsluta med fika. V\u00e5ren har precis b\u00f6rjat h\u00e4r s\u00e5 det var v\u00e4l inte s\u00e5 j\u00e4ttemycket blommor att se p\u00e5.<\/p>\n<div align=\"center\">\n<table style=\"width: 80.6408%;\" border=\"0\" width=\"47%\">\n<tbody>\n<tr>\n<td style=\"width: 32.5581%;\"><a title=\"20190312_122433\" href=\"https:\/\/www.flickr.com\/photos\/krakel\/33490306208\/in\/dateposted-public\/\" rel=\"noopener\"><br \/>\n<img decoding=\"async\" class=\"aligncenter\" src=\"https:\/\/farm8.staticflickr.com\/7880\/33490306208_c595ed044e_z.jpg\" alt=\"20190312_122433\" width=\"253\" height=\"383\" border=\"0\" \/><\/a><\/td>\n<td style=\"width: 32.5581%;\"><a title=\"20190312_123637\" href=\"https:\/\/www.flickr.com\/photos\/krakel\/33490286398\/in\/dateposted-public\/\" rel=\"noopener\"><br \/>\n<img decoding=\"async\" class=\"aligncenter\" src=\"https:\/\/farm8.staticflickr.com\/7818\/33490286398_1644495680_z.jpg\" alt=\"20190312_123637\" width=\"253\" height=\"379\" border=\"0\" \/><\/a><\/td>\n<td style=\"width: 92.1808%;\"><a title=\"20190312_123144\" href=\"https:\/\/www.flickr.com\/photos\/krakel\/47366510661\/in\/dateposted-public\/\" rel=\"noopener\"><br \/>\n<img decoding=\"async\" class=\"aligncenter\" src=\"https:\/\/farm8.staticflickr.com\/7814\/47366510661_9faff9c655_z.jpg\" alt=\"20190312_123144\" width=\"253\" height=\"374\" border=\"0\" \/><\/a><\/td>\n<\/tr>\n<\/tbody>\n<\/table>\n<\/div>\n<p style=\"text-align: left;\">Vi skall g\u00f6ra om v\u00e5ran damm hemma s\u00e5 h\u00e4r fick vi gott om inspiration och ide\u00e9r hur man kan g\u00f6ra med broar.<\/p>\n<p><a title=\"20190312_121931\" href=\"https:\/\/www.flickr.com\/photos\/krakel\/33490322098\/in\/dateposted-public\/\" rel=\"noopener\"><br \/>\n<img decoding=\"async\" class=\"aligncenter\" src=\"https:\/\/farm8.staticflickr.com\/7845\/33490322098_c2e9898366_z.jpg\" alt=\"20190312_121931\" width=\"804\" height=\"453\" border=\"0\" \/><\/a><\/p>\n","protected":false},"excerpt":{"rendered":"<p>I dag \u00e5kte vi upp till Monte med en j\u00e4tteh\u00e4ftig linbergbana, h\u00f6gt h\u00f6gt ovan marken. Kanon fin utsikt och man s\u00e5g hur backigt Funchal \u00e4r med m\u00e4ngder av tunnlar. Vi ville ta en tur i tr\u00e4dg\u00e5rden d\u00e4r uppe och sen testa den omtalade tr\u00e4k\u00e4lken n\u00e4r man vill ner till dalen igen. De hade gjutet sittplatser &#8230; <\/p>\n<p class=\"read-more-container\"><a title=\"Monte\" class=\"read-more button\" href=\"https:\/\/necessities.info\/index.php\/2019\/03\/13\/monte\/\" aria-label=\"L\u00e4s mer om Monte\">\u2665 L\u00e4s mer \u2665 <\/a><\/p>\n","protected":false},"author":1,"featured_media":34436,"comment_status":"open","ping_status":"open","sticky":false,"template":"","format":"standard","meta":{"advgb_blocks_editor_width":"","advgb_blocks_columns_visual_guide":"","footnotes":""},"categories":[4331],"tags":[2840],"class_list":["post-10662","post","type-post","status-publish","format-standard","has-post-thumbnail","hentry","category-resor","tag-portugal"],"author_meta":{"display_name":"Ingalill","author_link":"https:\/\/necessities.info\/author\/ingalill\/"},"featured_img":"https:\/\/necessities.info\/wp-content\/uploads\/2019\/03\/46643266844_717cf338b0_z-300x200.jpg","jetpack_featured_media_url":"https:\/\/necessities.info\/wp-content\/uploads\/2019\/03\/46643266844_717cf338b0_z.jpg","coauthors":[],"tax_additional":{"categories":{"linked":["<a href=\"https:\/\/necessities.info\/index.php\/category\/resor\/\" class=\"advgb-post-tax-term\">Resor<\/a>"],"unlinked":["<span class=\"advgb-post-tax-term\">Resor<\/span>"]},"tags":{"linked":["<a href=\"https:\/\/necessities.info\/index.php\/category\/resor\/\" class=\"advgb-post-tax-term\">Portugal<\/a>"],"unlinked":["<span class=\"advgb-post-tax-term\">Portugal<\/span>"]}},"comment_count":"0","relative_dates":{"created":"Publicerad 7 \u00e5r sedan","modified":"Uppdaterad 3 m\u00e5nader sedan"},"absolute_dates":{"created":"Publicerat den 13 mars 2019","modified":"Uppdaterad den 10 februari 2026"},"absolute_dates_time":{"created":"Publicerat den 13 mars 2019 08:49","modified":"Uppdaterad den 10 februari 2026 16:53"},"featured_img_caption":"","series_order":"","jetpack_likes_enabled":true,"_links":{"self":[{"href":"https:\/\/necessities.info\/index.php\/wp-json\/wp\/v2\/posts\/10662","targetHints":{"allow":["GET"]}}],"collection":[{"href":"https:\/\/necessities.info\/index.php\/wp-json\/wp\/v2\/posts"}],"about":[{"href":"https:\/\/necessities.info\/index.php\/wp-json\/wp\/v2\/types\/post"}],"author":[{"embeddable":true,"href":"https:\/\/necessities.info\/index.php\/wp-json\/wp\/v2\/users\/1"}],"replies":[{"embeddable":true,"href":"https:\/\/necessities.info\/index.php\/wp-json\/wp\/v2\/comments?post=10662"}],"version-history":[{"count":1,"href":"https:\/\/necessities.info\/index.php\/wp-json\/wp\/v2\/posts\/10662\/revisions"}],"predecessor-version":[{"id":54211,"href":"https:\/\/necessities.info\/index.php\/wp-json\/wp\/v2\/posts\/10662\/revisions\/54211"}],"wp:featuredmedia":[{"embeddable":true,"href":"https:\/\/necessities.info\/index.php\/wp-json\/wp\/v2\/media\/34436"}],"wp:attachment":[{"href":"https:\/\/necessities.info\/index.php\/wp-json\/wp\/v2\/media?parent=10662"}],"wp:term":[{"taxonomy":"category","embeddable":true,"href":"https:\/\/necessities.info\/index.php\/wp-json\/wp\/v2\/categories?post=10662"},{"taxonomy":"post_tag","embeddable":true,"href":"https:\/\/necessities.info\/index.php\/wp-json\/wp\/v2\/tags?post=10662"}],"curies":[{"name":"wp","href":"https:\/\/api.w.org\/{rel}","templated":true}]}}