{"id":10671,"date":"2019-03-14T22:32:07","date_gmt":"2019-03-14T22:32:07","guid":{"rendered":"https:\/\/www.necessities.info\/?p=10671"},"modified":"2026-02-10T16:53:20","modified_gmt":"2026-02-10T15:53:20","slug":"nunnornas-dal-curral-da-freiras","status":"publish","type":"post","link":"https:\/\/necessities.info\/index.php\/2019\/03\/14\/nunnornas-dal-curral-da-freiras\/","title":{"rendered":"Nunnornas Dal &#8211; Curral da Freiras"},"content":{"rendered":"<p style=\"text-align: center;\"><a title=\"IMG_0028\" href=\"https:\/\/www.flickr.com\/photos\/krakel\/46465900265\/in\/dateposted-public\/\" rel=\"noopener\"><br \/>\n<img decoding=\"async\" class=\"aligncenter\" src=\"https:\/\/farm8.staticflickr.com\/7849\/46465900265_63f8da1aed_z.jpg\" alt=\"IMG_0028\" width=\"808\" height=\"537\" border=\"0\" \/><\/a><\/p>\n<p>Vi bes\u00f6kte C\u00e2mara de Lobos p\u00e5 v\u00e4g till nunnornas dal. Denna stad ligger ungef\u00e4r 7,0 km fr\u00e5n Funchal och \u00e4r \u00e4n idag en av Madeiras viktigaste fiskebyar.Den f\u00f6rsta kaptenen av Funchal, Jo\u00e3o Gon\u00e7alves Zarco, d\u00f6pte staden s\u00e5 eftersom han fann ett stort antal sj\u00f6lejon h\u00e4r d\u00e5 han \u00e5r 1419 seglade in i viken C\u00e2mara de Lobos. En av de mest k\u00e4nda och framst\u00e5ende bes\u00f6kare till \u00f6n, Winston Churchill, var s\u00e5 f\u00f6rtjust av den pittoreska bukten p\u00e5 hans f\u00f6rsta resa till Madeira \u00e5r 1950, att han \u00e5terv\u00e4nde g\u00e5ng p\u00e5 g\u00e5ng f\u00f6r att m\u00e5la det dr\u00f6mlika landskapet h\u00e4r.<\/p>\n<p style=\"text-align: center;\"><a title=\"IMG_0031\" href=\"https:\/\/www.flickr.com\/photos\/krakel\/47328051642\/in\/dateposted-public\/\" rel=\"noopener\"><br \/>\n<img decoding=\"async\" class=\"aligncenter\" src=\"https:\/\/farm5.staticflickr.com\/4816\/47328051642_5c5cf0d753_z.jpg\" alt=\"IMG_0031\" width=\"783\" height=\"521\" border=\"0\" \/><\/a><\/p>\n<p style=\"text-align: left;\">De scenarier som presenteras h\u00e4r, som utspridda n\u00e4t och torkad fisk f\u00f6rklarar den dagliga rutinen \u00e4n idag. Samh\u00e4llet \u201eEstreito de C\u00e2mara de Lobos\u201c \u00e4r en av kommunerna som har det st\u00f6rsta omr\u00e5det av odlade ving\u00e5rdar som producerar det ber\u00f6mda Madeiravinet. I samma kommun anordnas i september varje \u00e5r den ber\u00f6mda Madeiravin-festivalen, d\u00e4r b\u00e5de lokalbefolkningen och turister hj\u00e4lps \u00e5t att sk\u00f6rda vindruvorna.<\/p>\n<p style=\"text-align: center;\"><a title=\"20190314_145611\" href=\"https:\/\/www.flickr.com\/photos\/krakel\/40415522763\/in\/dateposted-public\/\" rel=\"noopener\"><br \/>\n<img decoding=\"async\" class=\"aligncenter\" src=\"https:\/\/farm5.staticflickr.com\/4883\/40415522763_49138ed078_z.jpg\" alt=\"20190314_145611\" width=\"804\" height=\"453\" border=\"0\" \/><\/a><\/p>\n<p>Funchal och hotellomr\u00e5den ligger det m\u00e4ktiga Nunnornas Dal, Curral da Freiras.\u00a0 Man \u00e5ker p\u00e5 en serpentinv\u00e4g genom den ber\u00f6mda eukalyptusskogen. Tr\u00e4den startar sina dagar som sm\u00e5 buskar med ganska s\u00e5 stora blad och allt eftersom de blir \u00e4ldre s\u00e5 \u00e4ndrar busken form till tr\u00e4d och bladen blir avl\u00e5nga och silvergr\u00f6na. Tr\u00e4dets stam ser ut som det h\u00e5ller p\u00e5 att g\u00e5 s\u00f6nder f\u00f6r tr\u00e4det vrider sig efter solen. Man kan inte anv\u00e4nda tr\u00e4det till n\u00e5got, varken som virke eller att g\u00f6ra papper utav men man har planterat tr\u00e4det f\u00f6r att stoppa br\u00e4nder i bergen. Eukalyptus kr\u00e4ver en del v\u00e4tska och brinner d\u00e5ligt.<\/p>\n<p style=\"text-align: center;\"><a title=\"IMG_0050\" href=\"https:\/\/www.flickr.com\/photos\/krakel\/47380928591\/in\/dateposted-public\/\" rel=\"noopener\"><br \/>\n<img decoding=\"async\" class=\"aligncenter\" src=\"https:\/\/farm8.staticflickr.com\/7823\/47380928591_1c66cfa7ac_z.jpg\" alt=\"IMG_0050\" width=\"797\" height=\"530\" border=\"0\" \/><\/a><\/p>\n<p style=\"text-align: left;\">Efter cirka 30 minuter kommer man fram till en fantastiskt utkikspunkt! Cirka 1000 meter \u00f6ver havet har an en vidunderlig vy ner i dalen och \u00f6ver kringliggande berg. Oslagbart. Nedanf\u00f6r ser man den speciella v\u00e4gen som tagits fram f\u00f6r att kunna ta sig ned i dalen. Namnet har dalen f\u00e5tt d\u00e5 klostret Santa Claras nunnor fick ta \u00f6ver marken i slutet av 1497 och n\u00e4r nunnorna i Funchal flydde hit mitten av 1550-talet f\u00f6r att undg\u00e5 den franska pirater som attackerade Funchal.<\/p>\n<p><a title=\"IMG_0064\" href=\"https:\/\/www.flickr.com\/photos\/krakel\/47328067412\/in\/dateposted-public\/\" rel=\"noopener\"><br \/>\n<\/a><img decoding=\"async\" class=\"aligncenter\" src=\"https:\/\/farm8.staticflickr.com\/7897\/47328067412_76ecdf4f5a_z.jpg\" alt=\"IMG_0064\" width=\"795\" height=\"529\" border=\"0\" \/><\/p>\n<p>Madeira var den enda platsen ,i mitten p\u00e5 1500-talet d\u00e4r man odlade socker. M\u00e5nga blev v\u00e4ldigt rika och \u00f6n drog till sig pirater. De kom fr\u00e5n Frankrike. N\u00e4r de landsteg i Funchal s\u00e5 fr\u00e5gade de vilka det var som hade pengarna och d\u00e5 sa alla att det var nunnorna. Det st\u00e4mde f\u00f6rvisso men de \u00e4gde inte pengarna utan fungerade som bank till alla rika. Piraterna s\u00f6kte nunnorna som fick fly och de g\u00f6mde sig i dalen som idag kallas&#8221;Nun&#8217;sValley.Byn heter egentligen Curral das Freiras. D\u00e4r tog de skydd och hade kontroll f\u00f6r det fanns bara en v\u00e4g in i dalen. N\u00e4r socker sedan b\u00f6rjade odlas p\u00e5 fler platser i Europa kunde nunnorna flytta tillbaka till Funchal och klostret d\u00e4r. Man har som specialitet att tillverka kastanjelik\u00f6r och kastanjekaka i byn.<\/p>\n<p style=\"text-align: center;\"><a title=\"IMG_0075\" href=\"https:\/\/www.flickr.com\/photos\/krakel\/40415524463\/in\/dateposted-public\/\" rel=\"noopener\"><br \/>\n<img decoding=\"async\" class=\"aligncenter\" src=\"https:\/\/farm8.staticflickr.com\/7852\/40415524463_0995d371f1_z.jpg\" alt=\"IMG_0075\" width=\"792\" height=\"527\" border=\"0\" \/><\/a><\/p>\n","protected":false},"excerpt":{"rendered":"<p>Vi bes\u00f6kte C\u00e2mara de Lobos p\u00e5 v\u00e4g till nunnornas dal. Denna stad ligger ungef\u00e4r 7,0 km fr\u00e5n Funchal och \u00e4r \u00e4n idag en av Madeiras viktigaste fiskebyar.Den f\u00f6rsta kaptenen av Funchal, Jo\u00e3o Gon\u00e7alves Zarco, d\u00f6pte staden s\u00e5 eftersom han fann ett stort antal sj\u00f6lejon h\u00e4r d\u00e5 han \u00e5r 1419 seglade in i viken C\u00e2mara de &#8230; <\/p>\n<p class=\"read-more-container\"><a title=\"Nunnornas Dal &#8211; Curral da Freiras\" class=\"read-more button\" href=\"https:\/\/necessities.info\/index.php\/2019\/03\/14\/nunnornas-dal-curral-da-freiras\/\" aria-label=\"L\u00e4s mer om Nunnornas Dal &#8211; Curral da Freiras\">\u2665 L\u00e4s mer \u2665 <\/a><\/p>\n","protected":false},"author":1,"featured_media":34433,"comment_status":"open","ping_status":"open","sticky":false,"template":"","format":"standard","meta":{"advgb_blocks_editor_width":"","advgb_blocks_columns_visual_guide":"","footnotes":""},"categories":[4331],"tags":[],"class_list":["post-10671","post","type-post","status-publish","format-standard","has-post-thumbnail","hentry","category-resor"],"author_meta":{"display_name":"Ingalill","author_link":"https:\/\/necessities.info\/author\/ingalill\/"},"featured_img":"https:\/\/necessities.info\/wp-content\/uploads\/2019\/03\/46465900265_63f8da1aed_z-300x200.jpg","jetpack_featured_media_url":"https:\/\/necessities.info\/wp-content\/uploads\/2019\/03\/46465900265_63f8da1aed_z.jpg","coauthors":[],"tax_additional":{"categories":{"linked":["<a href=\"https:\/\/necessities.info\/index.php\/category\/resor\/\" class=\"advgb-post-tax-term\">Resor<\/a>"],"unlinked":["<span class=\"advgb-post-tax-term\">Resor<\/span>"]}},"comment_count":"0","relative_dates":{"created":"Publicerad 7 \u00e5r sedan","modified":"Uppdaterad 3 m\u00e5nader sedan"},"absolute_dates":{"created":"Publicerat den 14 mars 2019","modified":"Uppdaterad den 10 februari 2026"},"absolute_dates_time":{"created":"Publicerat den 14 mars 2019 22:32","modified":"Uppdaterad den 10 februari 2026 16:53"},"featured_img_caption":"","series_order":"","jetpack_likes_enabled":true,"_links":{"self":[{"href":"https:\/\/necessities.info\/index.php\/wp-json\/wp\/v2\/posts\/10671","targetHints":{"allow":["GET"]}}],"collection":[{"href":"https:\/\/necessities.info\/index.php\/wp-json\/wp\/v2\/posts"}],"about":[{"href":"https:\/\/necessities.info\/index.php\/wp-json\/wp\/v2\/types\/post"}],"author":[{"embeddable":true,"href":"https:\/\/necessities.info\/index.php\/wp-json\/wp\/v2\/users\/1"}],"replies":[{"embeddable":true,"href":"https:\/\/necessities.info\/index.php\/wp-json\/wp\/v2\/comments?post=10671"}],"version-history":[{"count":1,"href":"https:\/\/necessities.info\/index.php\/wp-json\/wp\/v2\/posts\/10671\/revisions"}],"predecessor-version":[{"id":54210,"href":"https:\/\/necessities.info\/index.php\/wp-json\/wp\/v2\/posts\/10671\/revisions\/54210"}],"wp:featuredmedia":[{"embeddable":true,"href":"https:\/\/necessities.info\/index.php\/wp-json\/wp\/v2\/media\/34433"}],"wp:attachment":[{"href":"https:\/\/necessities.info\/index.php\/wp-json\/wp\/v2\/media?parent=10671"}],"wp:term":[{"taxonomy":"category","embeddable":true,"href":"https:\/\/necessities.info\/index.php\/wp-json\/wp\/v2\/categories?post=10671"},{"taxonomy":"post_tag","embeddable":true,"href":"https:\/\/necessities.info\/index.php\/wp-json\/wp\/v2\/tags?post=10671"}],"curies":[{"name":"wp","href":"https:\/\/api.w.org\/{rel}","templated":true}]}}