{"id":10676,"date":"2019-03-15T21:58:30","date_gmt":"2019-03-15T21:58:30","guid":{"rendered":"https:\/\/www.necessities.info\/?p=10676"},"modified":"2026-02-10T16:53:09","modified_gmt":"2026-02-10T15:53:09","slug":"pico-areeiro-pico-ruivo","status":"publish","type":"post","link":"https:\/\/necessities.info\/index.php\/2019\/03\/15\/pico-areeiro-pico-ruivo\/","title":{"rendered":"Pico Areeiro-Pico Ruivo"},"content":{"rendered":"<p style=\"text-align: center;\"><a title=\"IMG_0078\" href=\"https:\/\/www.flickr.com\/photos\/krakel\/46665086884\/in\/dateposted-public\/\" rel=\"noopener\"><br \/>\n<img decoding=\"async\" class=\"aligncenter\" src=\"https:\/\/farm5.staticflickr.com\/4890\/46665086884_48e6d2b9f9_z.jpg\" alt=\"IMG_0078\" width=\"802\" height=\"533\" border=\"0\" \/><\/a><\/p>\n<p>V\u00e5r vandring b\u00f6rjade p\u00e5 Pico do Arieiro, p\u00e5 1 818 meters h\u00f6jd och \u00e4r Madeiras tredje h\u00f6gsta berg och forts\u00e4tter p\u00e5 branta stigar f\u00f6rbi betagande djupa dalg\u00e5ngar\u00a0till Madeiras h\u00f6gsta topp Pico Ruivo.\u00a0V\u00e4gen dit var smal, slingrande, och f\u00f6ljde bergets konturer. Ingen resa f\u00f6r h\u00f6jdr\u00e4dda! N\u00e5got som gubben \u00e4r! H\u00f6jden fungerade riktigt bra f\u00f6r honom eftersom det var vajrar l\u00e4ngs sidorna d\u00e4r det var som v\u00e4rst.<\/p>\n<p style=\"text-align: center;\"><a title=\"IMG_0165\" href=\"https:\/\/www.flickr.com\/photos\/krakel\/46473420545\/in\/dateposted-public\/\" rel=\"noopener\"><img decoding=\"async\" class=\"aligncenter\" src=\"https:\/\/farm8.staticflickr.com\/7809\/46473420545_d130598194_z.jpg\" alt=\"IMG_0165\" width=\"808\" height=\"537\" border=\"0\" \/><\/a><\/p>\n<p>Helt otroligt fint. Bra kvalitet p\u00e5 leden, n\u00e5gra tunnlar och m\u00e5nga trappor upp och ner. Som l\u00e4gst \u00e4r man p\u00e5 drygt 1500m, s\u00e5 det handlar om starka ben. Tror att det \u00e4r ca 9 km mellan topparna. Tunnlarna hade jag stressat upp mig f\u00f6r, men de var ju j\u00e4ttefina. Fick ingen klaustrofobi.<\/p>\n<p style=\"text-align: center;\"><a title=\"IMG_0071\" href=\"https:\/\/www.flickr.com\/photos\/krakel\/47388394921\/in\/dateposted-public\/\" rel=\"noopener\"><img decoding=\"async\" class=\"aligncenter\" src=\"https:\/\/farm8.staticflickr.com\/7820\/47388394921_7eb6c5bb01_z.jpg\" alt=\"IMG_0071\" width=\"805\" height=\"535\" border=\"0\" \/><\/a><\/p>\n<p>Det \u00e4r ganska rej\u00e4l h\u00f6jning, och att luften \u00e4r tunnare h\u00e4r uppe. Jag \u00e4r lite k\u00e4nslig f\u00f6r s\u00e5nt, och trodde n\u00e4r det var som v\u00e4rst att jag skulle f\u00e5 ge mig. Och det h\u00e4r var inte ett st\u00e4lle man vill svimma p\u00e5, om jag s\u00e4ger s\u00e5. Sedan blev det inte b\u00e4ttre av att jag hade en fitness armband p\u00e5 mig som visade 255 n\u00e4r det var som v\u00e4rst. Hade go lust att sl\u00e4nga den \u00f6ver kanten, man blev ju \u00e4nnu mera stressad av att titta p\u00e5 den.<\/p>\n<p style=\"text-align: center;\"><a title=\"IMG_0123\" href=\"https:\/\/www.flickr.com\/photos\/krakel\/32446636087\/in\/dateposted-public\/\" rel=\"noopener\"><br \/>\n<img decoding=\"async\" class=\"aligncenter\" src=\"https:\/\/farm8.staticflickr.com\/7840\/32446636087_809441caa8_c.jpg\" alt=\"IMG_0123\" width=\"641\" height=\"960\" border=\"0\" \/><\/a><\/p>\n<p style=\"text-align: left;\">Guiden k\u00f6rde ganska h\u00f6gt tempo och de andra som var med p\u00e5 turen var inte speciellt intresserade av att ta kort, och jag \u00e4r en foto n\u00f6rd! Hur ofta r\u00e4nner man runt bland bergen!? Jag ville ju ta m\u00e4ngder av kort, s\u00e5 det blev att de fick v\u00e4nta in oss hela tiden. Den enda g\u00e5ngen en del tog sig tid med att ta kort, var n\u00e4r de hamnade bakom oss och vi korkade igen v\u00e4gen\u00a0 \ud83d\ude42<\/p>\n<p><a title=\"IMG_0134\" href=\"https:\/\/www.flickr.com\/photos\/krakel\/32446631377\/in\/dateposted-public\/\" rel=\"noopener\"><br \/>\n<img decoding=\"async\" class=\"aligncenter\" src=\"https:\/\/farm8.staticflickr.com\/7894\/32446631377_48006abb37_z.jpg\" alt=\"IMG_0134\" width=\"669\" height=\"445\" border=\"0\" \/><\/a><\/p>\n<p>Turen var helt underbar \u00e4ven om det tog p\u00e5 krafterna och kn\u00e4na v\u00e4rkte. Och vill Micael som inte var med g\u00f6ra denna tur s\u00e5 hakar vi nog p\u00e5 igen. Den var v\u00e4rd varenda sekund.<\/p>\n<p style=\"text-align: center;\"><a title=\"IMG_0034\" href=\"https:\/\/www.flickr.com\/photos\/krakel\/40422862693\/in\/dateposted-public\/\" rel=\"noopener\"><br \/>\n<img decoding=\"async\" class=\"aligncenter\" src=\"https:\/\/farm8.staticflickr.com\/7810\/40422862693_c30cf248b8_z.jpg\" alt=\"IMG_0034\" width=\"808\" height=\"537\" border=\"0\" \/><\/a><\/p>\n","protected":false},"excerpt":{"rendered":"<p>V\u00e5r vandring b\u00f6rjade p\u00e5 Pico do Arieiro, p\u00e5 1 818 meters h\u00f6jd och \u00e4r Madeiras tredje h\u00f6gsta berg och forts\u00e4tter p\u00e5 branta stigar f\u00f6rbi betagande djupa dalg\u00e5ngar\u00a0till Madeiras h\u00f6gsta topp Pico Ruivo.\u00a0V\u00e4gen dit var smal, slingrande, och f\u00f6ljde bergets konturer. Ingen resa f\u00f6r h\u00f6jdr\u00e4dda! N\u00e5got som gubben \u00e4r! H\u00f6jden fungerade riktigt bra f\u00f6r honom eftersom &#8230; <\/p>\n<p class=\"read-more-container\"><a title=\"Pico Areeiro-Pico Ruivo\" class=\"read-more button\" href=\"https:\/\/necessities.info\/index.php\/2019\/03\/15\/pico-areeiro-pico-ruivo\/\" aria-label=\"L\u00e4s mer om Pico Areeiro-Pico Ruivo\">\u2665 L\u00e4s mer \u2665 <\/a><\/p>\n","protected":false},"author":1,"featured_media":34430,"comment_status":"open","ping_status":"open","sticky":false,"template":"","format":"standard","meta":{"advgb_blocks_editor_width":"","advgb_blocks_columns_visual_guide":"","footnotes":""},"categories":[4331],"tags":[],"class_list":["post-10676","post","type-post","status-publish","format-standard","has-post-thumbnail","hentry","category-resor"],"author_meta":{"display_name":"Ingalill","author_link":"https:\/\/necessities.info\/author\/ingalill\/"},"featured_img":"https:\/\/necessities.info\/wp-content\/uploads\/2019\/03\/46665086884_48e6d2b9f9_z-300x200.jpg","jetpack_featured_media_url":"https:\/\/necessities.info\/wp-content\/uploads\/2019\/03\/46665086884_48e6d2b9f9_z.jpg","coauthors":[],"tax_additional":{"categories":{"linked":["<a href=\"https:\/\/necessities.info\/index.php\/category\/resor\/\" class=\"advgb-post-tax-term\">Resor<\/a>"],"unlinked":["<span class=\"advgb-post-tax-term\">Resor<\/span>"]}},"comment_count":"0","relative_dates":{"created":"Publicerad 7 \u00e5r sedan","modified":"Uppdaterad 3 m\u00e5nader sedan"},"absolute_dates":{"created":"Publicerat den 15 mars 2019","modified":"Uppdaterad den 10 februari 2026"},"absolute_dates_time":{"created":"Publicerat den 15 mars 2019 21:58","modified":"Uppdaterad den 10 februari 2026 16:53"},"featured_img_caption":"","series_order":"","jetpack_likes_enabled":true,"_links":{"self":[{"href":"https:\/\/necessities.info\/index.php\/wp-json\/wp\/v2\/posts\/10676","targetHints":{"allow":["GET"]}}],"collection":[{"href":"https:\/\/necessities.info\/index.php\/wp-json\/wp\/v2\/posts"}],"about":[{"href":"https:\/\/necessities.info\/index.php\/wp-json\/wp\/v2\/types\/post"}],"author":[{"embeddable":true,"href":"https:\/\/necessities.info\/index.php\/wp-json\/wp\/v2\/users\/1"}],"replies":[{"embeddable":true,"href":"https:\/\/necessities.info\/index.php\/wp-json\/wp\/v2\/comments?post=10676"}],"version-history":[{"count":1,"href":"https:\/\/necessities.info\/index.php\/wp-json\/wp\/v2\/posts\/10676\/revisions"}],"predecessor-version":[{"id":54209,"href":"https:\/\/necessities.info\/index.php\/wp-json\/wp\/v2\/posts\/10676\/revisions\/54209"}],"wp:featuredmedia":[{"embeddable":true,"href":"https:\/\/necessities.info\/index.php\/wp-json\/wp\/v2\/media\/34430"}],"wp:attachment":[{"href":"https:\/\/necessities.info\/index.php\/wp-json\/wp\/v2\/media?parent=10676"}],"wp:term":[{"taxonomy":"category","embeddable":true,"href":"https:\/\/necessities.info\/index.php\/wp-json\/wp\/v2\/categories?post=10676"},{"taxonomy":"post_tag","embeddable":true,"href":"https:\/\/necessities.info\/index.php\/wp-json\/wp\/v2\/tags?post=10676"}],"curies":[{"name":"wp","href":"https:\/\/api.w.org\/{rel}","templated":true}]}}