{"id":11273,"date":"2011-07-21T15:04:34","date_gmt":"2011-07-21T15:04:34","guid":{"rendered":"https:\/\/www.necessities.info\/?p=9740"},"modified":"2026-02-07T15:36:40","modified_gmt":"2026-02-07T14:36:40","slug":"sallskap-193-av-365","status":"publish","type":"post","link":"https:\/\/necessities.info\/index.php\/2011\/07\/21\/sallskap-193-av-365\/","title":{"rendered":"S\u00e4llskap (193 av 365)"},"content":{"rendered":"<p align=\"center\"><a href=\"http:\/\/farm7.static.flickr.com\/6133\/5960561453_1501a3330b_b.jpg\" rel=\"noopener\"> <img decoding=\"async\" class=\"aligncenter\" src=\"http:\/\/farm7.static.flickr.com\/6133\/5960561453_1501a3330b.jpg\" alt=\"S\u00e4llskap (193 av 365)\" width=\"799\" height=\"513\" border=\"0\" \/><\/a><\/p>\n<p align=\"left\">F\u00f6ljde med Elvy som s\u00e4llskap till veterin\u00e4ren, det \u00e4r s\u00e5 jobbigt att g\u00e5 till s\u00e5nt ensam. Alfhild har f\u00e5tt borrelia och g\u00e5tt p\u00e5 penicillin kur men Elvy tycker att hon fortfarande \u00e4r d\u00e5lig. Nu tyckte veterin\u00e4ren att hon skulle f\u00e5 en kur till och gav henne en vitamin spruta. Penicillinet i samband med att Alfhild b\u00f6rjade l\u00f6pa kan d\u00e4cka den piggaste hund s\u00e5 hon skulle h\u00f6ra av sig om 30 dagar igen.<\/p>\n<p align=\"center\"><img decoding=\"async\" class=\"aligncenter wp-image-37853 size-full\" src=\"https:\/\/necessities.info\/wp-content\/uploads\/2011\/07\/veterijoh2.jpg\" alt=\"\" width=\"800\" height=\"600\" srcset=\"https:\/\/necessities.info\/wp-content\/uploads\/2011\/07\/veterijoh2.jpg 800w, https:\/\/necessities.info\/wp-content\/uploads\/2011\/07\/veterijoh2-300x225.jpg 300w, https:\/\/necessities.info\/wp-content\/uploads\/2011\/07\/veterijoh2-768x576.jpg 768w\" sizes=\"(max-width: 800px) 100vw, 800px\" \/><\/p>\n<p>Vi \u00e5kte hem till mig en stund f\u00f6r fika och f\u00f6r att Shakira skulle f\u00e5 tr\u00e4ffa Nisse och Alfhild, det var ett bra tag sedan sist. Alfhild har ungef\u00e4r samma temperament som Shakira. Glada pigga men man far inte fram som en d\u00e5re utan man h\u00e5ller helt enkel stilen. Man \u00e4r ju som sagt en dam i kubik. Detta \u00e4r n\u00e5got som Nisse har missat helt. Hans temperament \u00e4r att vara \u00f6verallt och k\u00f6ra 100 knyck. Det skall v\u00e4l m\u00e4rkas att man existera! Eller!?<\/p>\n<p align=\"center\"><img decoding=\"async\" class=\"aligncenter wp-image-37854 size-full\" src=\"https:\/\/necessities.info\/wp-content\/uploads\/2011\/07\/veterijoh.jpg\" alt=\"\" width=\"800\" height=\"600\" srcset=\"https:\/\/necessities.info\/wp-content\/uploads\/2011\/07\/veterijoh.jpg 800w, https:\/\/necessities.info\/wp-content\/uploads\/2011\/07\/veterijoh-300x225.jpg 300w, https:\/\/necessities.info\/wp-content\/uploads\/2011\/07\/veterijoh-768x576.jpg 768w\" sizes=\"(max-width: 800px) 100vw, 800px\" \/><\/p>\n<p>Shakira var ju hel s\u00e5ld p\u00e5 Nisse n\u00e4r hon var liten och det spelade ingen roll att han morrade, han var\u00a0\u00a0<span style=\"color: #000080;\">s\u00e5\u00e5\u00e5\u00e5\u00e5 stilig!!! <\/span>Hmmm! Det var d\u00e5 det, nu h\u00f6ll hon p\u00e5 att bli tokig p\u00e5 hans energi. Sen \u00e4r det lite jobbigt att han g\u00e4rna smiter efter en stund s\u00e5 att man inte kan ha han l\u00f6s.\u00a0 Shakira \u00e4r v\u00e4ldigt tolerant mot andra hundar men hon gillar inte n\u00e4r de \u00e4r p\u00e5flugna d\u00e5 s\u00e4ger hon ifr\u00e5n. Lyssnar de inte s\u00e5 j\u00e4rnspikars s\u00e5 arg hon kan bli. Men egentligen s\u00e5 tycker hon v\u00e4ldigt mycket om Nisse.<\/p>\n<p align=\"center\"><img decoding=\"async\" class=\"aligncenter wp-image-37855 size-full\" src=\"https:\/\/necessities.info\/wp-content\/uploads\/2011\/07\/veterijoh1.jpg\" alt=\"\" width=\"800\" height=\"600\" srcset=\"https:\/\/necessities.info\/wp-content\/uploads\/2011\/07\/veterijoh1.jpg 800w, https:\/\/necessities.info\/wp-content\/uploads\/2011\/07\/veterijoh1-300x225.jpg 300w, https:\/\/necessities.info\/wp-content\/uploads\/2011\/07\/veterijoh1-768x576.jpg 768w\" sizes=\"(max-width: 800px) 100vw, 800px\" \/><\/p>\n<p align=\"center\">\n","protected":false},"excerpt":{"rendered":"<p>F\u00f6ljde med Elvy som s\u00e4llskap till veterin\u00e4ren, det \u00e4r s\u00e5 jobbigt att g\u00e5 till s\u00e5nt ensam. Alfhild har f\u00e5tt borrelia och g\u00e5tt p\u00e5 penicillin kur men Elvy tycker att hon fortfarande \u00e4r d\u00e5lig. Nu tyckte veterin\u00e4ren att hon skulle f\u00e5 en kur till och gav henne en vitamin spruta. Penicillinet i samband med att Alfhild &#8230; <\/p>\n<p class=\"read-more-container\"><a title=\"S\u00e4llskap (193 av 365)\" class=\"read-more button\" href=\"https:\/\/necessities.info\/index.php\/2011\/07\/21\/sallskap-193-av-365\/\" aria-label=\"L\u00e4s mer om S\u00e4llskap (193 av 365)\">\u2665 L\u00e4s mer \u2665 <\/a><\/p>\n","protected":false},"author":1,"featured_media":37856,"comment_status":"open","ping_status":"open","sticky":false,"template":"","format":"standard","meta":{"advgb_blocks_editor_width":"","advgb_blocks_columns_visual_guide":"","footnotes":""},"categories":[4313],"tags":[100,4060],"class_list":["post-11273","post","type-post","status-publish","format-standard","has-post-thumbnail","hentry","category-365-foto-2011","tag-365-foton-2011","tag-utmaning"],"author_meta":{"display_name":"Ingalill","author_link":"https:\/\/necessities.info\/author\/ingalill\/"},"featured_img":"https:\/\/necessities.info\/wp-content\/uploads\/2011\/07\/5960561453_1501a3330b-300x193.jpg","jetpack_featured_media_url":"https:\/\/necessities.info\/wp-content\/uploads\/2011\/07\/5960561453_1501a3330b.jpg","coauthors":[],"tax_additional":{"categories":{"linked":["<a href=\"https:\/\/necessities.info\/index.php\/category\/365-foto-2011\/\" class=\"advgb-post-tax-term\">365 Foto 2011<\/a>"],"unlinked":["<span class=\"advgb-post-tax-term\">365 Foto 2011<\/span>"]},"tags":{"linked":["<a href=\"https:\/\/necessities.info\/index.php\/category\/365-foto-2011\/\" class=\"advgb-post-tax-term\">365 foton 2011<\/a>","<a href=\"https:\/\/necessities.info\/index.php\/category\/365-foto-2011\/\" class=\"advgb-post-tax-term\">utmaning<\/a>"],"unlinked":["<span class=\"advgb-post-tax-term\">365 foton 2011<\/span>","<span class=\"advgb-post-tax-term\">utmaning<\/span>"]}},"comment_count":"0","relative_dates":{"created":"Publicerad 15 \u00e5r sedan","modified":"Uppdaterad 3 m\u00e5nader sedan"},"absolute_dates":{"created":"Publicerat den 21 juli 2011","modified":"Uppdaterad den 7 februari 2026"},"absolute_dates_time":{"created":"Publicerat den 21 juli 2011 15:04","modified":"Uppdaterad den 7 februari 2026 15:36"},"featured_img_caption":"","series_order":"","jetpack_likes_enabled":true,"_links":{"self":[{"href":"https:\/\/necessities.info\/index.php\/wp-json\/wp\/v2\/posts\/11273","targetHints":{"allow":["GET"]}}],"collection":[{"href":"https:\/\/necessities.info\/index.php\/wp-json\/wp\/v2\/posts"}],"about":[{"href":"https:\/\/necessities.info\/index.php\/wp-json\/wp\/v2\/types\/post"}],"author":[{"embeddable":true,"href":"https:\/\/necessities.info\/index.php\/wp-json\/wp\/v2\/users\/1"}],"replies":[{"embeddable":true,"href":"https:\/\/necessities.info\/index.php\/wp-json\/wp\/v2\/comments?post=11273"}],"version-history":[{"count":1,"href":"https:\/\/necessities.info\/index.php\/wp-json\/wp\/v2\/posts\/11273\/revisions"}],"predecessor-version":[{"id":51966,"href":"https:\/\/necessities.info\/index.php\/wp-json\/wp\/v2\/posts\/11273\/revisions\/51966"}],"wp:featuredmedia":[{"embeddable":true,"href":"https:\/\/necessities.info\/index.php\/wp-json\/wp\/v2\/media\/37856"}],"wp:attachment":[{"href":"https:\/\/necessities.info\/index.php\/wp-json\/wp\/v2\/media?parent=11273"}],"wp:term":[{"taxonomy":"category","embeddable":true,"href":"https:\/\/necessities.info\/index.php\/wp-json\/wp\/v2\/categories?post=11273"},{"taxonomy":"post_tag","embeddable":true,"href":"https:\/\/necessities.info\/index.php\/wp-json\/wp\/v2\/tags?post=11273"}],"curies":[{"name":"wp","href":"https:\/\/api.w.org\/{rel}","templated":true}]}}