{"id":11342,"date":"2011-09-27T18:18:11","date_gmt":"2011-09-27T18:18:11","guid":{"rendered":"https:\/\/www.necessities.info\/?p=10205"},"modified":"2026-02-07T15:11:39","modified_gmt":"2026-02-07T14:11:39","slug":"solstrale-251-av-365","status":"publish","type":"post","link":"https:\/\/necessities.info\/index.php\/2011\/09\/27\/solstrale-251-av-365\/","title":{"rendered":"Solstr\u00e5le ( 251 av 365 )"},"content":{"rendered":"<p align=\"center\"><a href=\"http:\/\/farm7.static.flickr.com\/6160\/6189121865_db191e2470_b.jpg\" rel=\"noopener\"> <img decoding=\"async\" class=\"aligncenter\" src=\"http:\/\/farm7.static.flickr.com\/6160\/6189121865_db191e2470.jpg\" alt=\" Solstr\u00e5le ( 251 av 365 )\" width=\"774\" height=\"515\" border=\"0\" \/><\/a><\/p>\n<p align=\"left\">N\u00e4r jag kom hem l\u00e5g Edgar och sov s\u00e5 gott i soffan. Det ser s\u00e5 varmt och mysigt ut och jag gjorde honom s\u00e4llskap en stund innan jag tog en h\u00e4rlig promenad med Shakira. Det har verkligen varit kanon v\u00e4der idag. N\u00e4r jag var ute och promenerade s\u00e5g jag svampar som p\u00e5minde mig lite om stekta \u00e4gg. De flesta svamparna har blivit v\u00e4ldigt slibbiga av allt regn.\u00a0 Jag s\u00e5g en s\u00e5 l\u00e4cker bild p\u00e5 n\u00e4tet med massa sm\u00e5 svampar som v\u00e4xte upp mot en stam och en del var f\u00e4rgade i pastell. Jag har sett s\u00e5dana svamp kolonier h\u00e4r men givetvis \u00e4r de nog borta nu.<\/p>\n<p align=\"center\"><a href=\"http:\/\/farm7.static.flickr.com\/6165\/6189121007_71796bb5d9_b.jpg\" rel=\"noopener\"> <img decoding=\"async\" class=\"aligncenter\" src=\"http:\/\/farm7.static.flickr.com\/6165\/6189121007_71796bb5d9_z.jpg\" alt=\"Svamp\" width=\"792\" height=\"527\" border=\"0\" \/><\/a><\/p>\n<p align=\"left\">Nu n\u00e4r det har regnat s\u00e5 mycket tror jag att det gamla nakna ih\u00e5liga tr\u00e4det som vi har p\u00e5 framsidan att ge med sig. Just nu \u00e4r den full av vinb\u00e4rssniglar som vill ha extra regnskydd. H\u00e5ller p\u00e5 att titta p\u00e5 Idol och scrappar, tror jag skall l\u00e4gga mig tidigt idag. Blev lite v\u00e4l sent ig\u00e5r men det \u00e4r sv\u00e5rt att sluta n\u00e4r man har flyt i scrappingen.<\/p>\n<p align=\"center\"><a href=\"http:\/\/farm7.static.flickr.com\/6173\/6189640708_3048bdde0c_b.jpg\" rel=\"noopener\"> <img decoding=\"async\" class=\"aligncenter\" src=\"http:\/\/farm7.static.flickr.com\/6173\/6189640708_3048bdde0c_z.jpg\" alt=\"Snigel\" width=\"761\" height=\"546\" border=\"0\" \/><\/a><\/p>\n","protected":false},"excerpt":{"rendered":"<p>N\u00e4r jag kom hem l\u00e5g Edgar och sov s\u00e5 gott i soffan. Det ser s\u00e5 varmt och mysigt ut och jag gjorde honom s\u00e4llskap en stund innan jag tog en h\u00e4rlig promenad med Shakira. Det har verkligen varit kanon v\u00e4der idag. N\u00e4r jag var ute och promenerade s\u00e5g jag svampar som p\u00e5minde mig lite om &#8230; <\/p>\n<p class=\"read-more-container\"><a title=\"Solstr\u00e5le ( 251 av 365 )\" class=\"read-more button\" href=\"https:\/\/necessities.info\/index.php\/2011\/09\/27\/solstrale-251-av-365\/\" aria-label=\"L\u00e4s mer om Solstr\u00e5le ( 251 av 365 )\">\u2665 L\u00e4s mer \u2665 <\/a><\/p>\n","protected":false},"author":1,"featured_media":37662,"comment_status":"open","ping_status":"open","sticky":false,"template":"","format":"standard","meta":{"advgb_blocks_editor_width":"","advgb_blocks_columns_visual_guide":"","footnotes":""},"categories":[4313],"tags":[100,821,4060],"class_list":["post-11342","post","type-post","status-publish","format-standard","has-post-thumbnail","hentry","category-365-foto-2011","tag-365-foton-2011","tag-edgar","tag-utmaning"],"author_meta":{"display_name":"Ingalill","author_link":"https:\/\/necessities.info\/author\/ingalill\/"},"featured_img":"https:\/\/necessities.info\/wp-content\/uploads\/2011\/09\/6189121865_db191e2470-300x200.jpg","jetpack_featured_media_url":"https:\/\/necessities.info\/wp-content\/uploads\/2011\/09\/6189121865_db191e2470.jpg","coauthors":[],"tax_additional":{"categories":{"linked":["<a href=\"https:\/\/necessities.info\/index.php\/category\/365-foto-2011\/\" class=\"advgb-post-tax-term\">365 Foto 2011<\/a>"],"unlinked":["<span class=\"advgb-post-tax-term\">365 Foto 2011<\/span>"]},"tags":{"linked":["<a href=\"https:\/\/necessities.info\/index.php\/category\/365-foto-2011\/\" class=\"advgb-post-tax-term\">365 foton 2011<\/a>","<a href=\"https:\/\/necessities.info\/index.php\/category\/365-foto-2011\/\" class=\"advgb-post-tax-term\">Edgar<\/a>","<a href=\"https:\/\/necessities.info\/index.php\/category\/365-foto-2011\/\" class=\"advgb-post-tax-term\">utmaning<\/a>"],"unlinked":["<span class=\"advgb-post-tax-term\">365 foton 2011<\/span>","<span class=\"advgb-post-tax-term\">Edgar<\/span>","<span class=\"advgb-post-tax-term\">utmaning<\/span>"]}},"comment_count":"0","relative_dates":{"created":"Publicerad 15 \u00e5r sedan","modified":"Uppdaterad 3 m\u00e5nader sedan"},"absolute_dates":{"created":"Publicerat den 27 september 2011","modified":"Uppdaterad den 7 februari 2026"},"absolute_dates_time":{"created":"Publicerat den 27 september 2011 18:18","modified":"Uppdaterad den 7 februari 2026 15:11"},"featured_img_caption":"","series_order":"","jetpack_likes_enabled":true,"_links":{"self":[{"href":"https:\/\/necessities.info\/index.php\/wp-json\/wp\/v2\/posts\/11342","targetHints":{"allow":["GET"]}}],"collection":[{"href":"https:\/\/necessities.info\/index.php\/wp-json\/wp\/v2\/posts"}],"about":[{"href":"https:\/\/necessities.info\/index.php\/wp-json\/wp\/v2\/types\/post"}],"author":[{"embeddable":true,"href":"https:\/\/necessities.info\/index.php\/wp-json\/wp\/v2\/users\/1"}],"replies":[{"embeddable":true,"href":"https:\/\/necessities.info\/index.php\/wp-json\/wp\/v2\/comments?post=11342"}],"version-history":[{"count":1,"href":"https:\/\/necessities.info\/index.php\/wp-json\/wp\/v2\/posts\/11342\/revisions"}],"predecessor-version":[{"id":51899,"href":"https:\/\/necessities.info\/index.php\/wp-json\/wp\/v2\/posts\/11342\/revisions\/51899"}],"wp:featuredmedia":[{"embeddable":true,"href":"https:\/\/necessities.info\/index.php\/wp-json\/wp\/v2\/media\/37662"}],"wp:attachment":[{"href":"https:\/\/necessities.info\/index.php\/wp-json\/wp\/v2\/media?parent=11342"}],"wp:term":[{"taxonomy":"category","embeddable":true,"href":"https:\/\/necessities.info\/index.php\/wp-json\/wp\/v2\/categories?post=11342"},{"taxonomy":"post_tag","embeddable":true,"href":"https:\/\/necessities.info\/index.php\/wp-json\/wp\/v2\/tags?post=11342"}],"curies":[{"name":"wp","href":"https:\/\/api.w.org\/{rel}","templated":true}]}}