{"id":11376,"date":"2011-10-29T14:18:07","date_gmt":"2011-10-29T14:18:07","guid":{"rendered":"https:\/\/www.necessities.info\/?p=10474"},"modified":"2026-02-07T14:58:22","modified_gmt":"2026-02-07T13:58:22","slug":"krom-275-av-365","status":"publish","type":"post","link":"https:\/\/necessities.info\/index.php\/2011\/10\/29\/krom-275-av-365\/","title":{"rendered":"Krom (275 av 365)"},"content":{"rendered":"<p align=\"center\"><a href=\"http:\/\/farm7.static.flickr.com\/6034\/6291157063_ed599a96a9_b.jpg\" rel=\"noopener\"> <img decoding=\"async\" class=\"aligncenter\" src=\"http:\/\/farm7.static.flickr.com\/6034\/6291157063_ed599a96a9_z.jpg\" alt=\"Krom (275 av 365)\" width=\"621\" height=\"902\" border=\"0\" \/><\/a><\/p>\n<p align=\"left\">Hua! Jag hade lite extra jobb p\u00e5 jobbet idag s\u00e5 jag \u00e5kte in hyfsat tidigt. Tog ner h\u00e4starna i den lilla hagen eftersom det skulle bli fint v\u00e4der och den stora hagen beh\u00f6ver h\u00e4mta sig lite. Det har varit j\u00e4ttefint v\u00e4der men s\u00e5 j\u00e4nspikars kallt. Skall strax g\u00f6ra klart det sista i stallet och ta en promenad innan jag t\u00e4nder en brasa och forts\u00e4tter med mina bilder. T\u00e4nkte fixa till soppa idag i den nya kastrullen. Det \u00e4r gubbens julklapp fr\u00e5n hans jobb och det var i sista stund han h\u00e4mtade ut den.<\/p>\n<p align=\"center\"><a href=\"http:\/\/farm7.static.flickr.com\/6060\/6291155323_d5f7ce7fb9_b.jpg\" rel=\"noopener\"> <img decoding=\"async\" class=\"aligncenter\" src=\"http:\/\/farm7.static.flickr.com\/6060\/6291155323_d5f7ce7fb9.jpg\" alt=\"Bellman\" width=\"797\" height=\"543\" border=\"0\" \/><\/a><\/p>\n<p align=\"left\">Jag beh\u00f6ver l\u00e4gga upp lite nya bilder p\u00e5\u00a0\u00a0 <span style=\"color: #000000; font-size: medium;\">M<\/span><span style=\"font-size: medium;\"><span style=\"color: #008000;\">o<\/span>s<span style=\"color: #008000;\">t<\/span>p<span style=\"color: #008000;\">h<\/span>o<span style=\"color: #008000;\">t<\/span>o<span style=\"color: #008000;\">s<\/span><\/span> och blev s\u00e5 full i skratt n\u00e4r jag s\u00e5g bilder p\u00e5 Pepper n\u00e4r han var liten. Skall erk\u00e4nna att jag \u00e4r ruskigt d\u00e5lig p\u00e5 att br\u00e4nna av mina bilder, utan de ligger m\u00e4ngder i h\u00e5rddisken igen. s\u00e5 himla korkat med tanke p\u00e5 att jag redan f\u00f6rlorat m\u00e4ngder av bilder n\u00e4r datorn har havererat eller den externa h\u00e5rddisken. \u00c4lskar att ta kort men att sitta och sortera och kasta h\u00e4lften tycker jag bara \u00e4r s\u00e5 tradigt \u00e4ven om man hittar en del som kan vara anv\u00e4ndbara till trisset imorgon.<\/p>\n<p align=\"center\"><a href=\"http:\/\/farm7.static.flickr.com\/6236\/6291675528_9e7ceacc06_b.jpg\" rel=\"noopener\"> <img decoding=\"async\" class=\"aligncenter\" src=\"http:\/\/farm7.static.flickr.com\/6236\/6291675528_9e7ceacc06.jpg\" alt=\"Pepper\" width=\"840\" height=\"659\" border=\"0\" \/><\/a><\/p>\n<p align=\"left\">Hittade en hel del bilder p\u00e5 Lill-polarn som jag inte har anv\u00e4nt. Tror jag skall hoppa \u00f6ver fototeman som skall g\u00f6ras varje dag, det \u00e4r inspirerande och roligt i b\u00f6rjan men nu b\u00f6rjar det allt bli bra segt. Nu \u00e4r man dessutom s\u00e5 seg efter jobbet och har br\u00e5ttom att hinna promenera eller rida innan det blir becksvart. Tycker n\u00e4stan jag har fotograferat allt som finns h\u00e4r i huset vid det h\u00e4r laget. F\u00e5r v\u00e4l se hur jag g\u00f6r\u00a0 \ud83d\ude42\u00a0 Men kolla in Beethovens blick n\u00e4r han g\u00e5r fram f\u00f6r att kolla vad som st\u00e5r p\u00e5 g\u00e4rdsg\u00e5rden. Inte rev han ner Lill-polarn heller utan sniffade f\u00f6rsiktigt.<\/p>\n<p align=\"center\"><a href=\"http:\/\/farm7.static.flickr.com\/6113\/6291676588_4ef01a7249_b.jpg\" rel=\"noopener\"> <img decoding=\"async\" class=\"aligncenter\" src=\"http:\/\/farm7.static.flickr.com\/6113\/6291676588_4ef01a7249_z.jpg\" alt=\"Beethoven och Lill-polarn\" width=\"500\" height=\"610\" border=\"0\" \/><\/a><\/p>\n","protected":false},"excerpt":{"rendered":"<p>Hua! Jag hade lite extra jobb p\u00e5 jobbet idag s\u00e5 jag \u00e5kte in hyfsat tidigt. Tog ner h\u00e4starna i den lilla hagen eftersom det skulle bli fint v\u00e4der och den stora hagen beh\u00f6ver h\u00e4mta sig lite. Det har varit j\u00e4ttefint v\u00e4der men s\u00e5 j\u00e4nspikars kallt. Skall strax g\u00f6ra klart det sista i stallet och ta &#8230; <\/p>\n<p class=\"read-more-container\"><a title=\"Krom (275 av 365)\" class=\"read-more button\" href=\"https:\/\/necessities.info\/index.php\/2011\/10\/29\/krom-275-av-365\/\" aria-label=\"L\u00e4s mer om Krom (275 av 365)\">\u2665 L\u00e4s mer \u2665 <\/a><\/p>\n","protected":false},"author":1,"featured_media":37570,"comment_status":"open","ping_status":"open","sticky":false,"template":"","format":"standard","meta":{"advgb_blocks_editor_width":"","advgb_blocks_columns_visual_guide":"","footnotes":""},"categories":[4313],"tags":[100,4060],"class_list":["post-11376","post","type-post","status-publish","format-standard","has-post-thumbnail","hentry","category-365-foto-2011","tag-365-foton-2011","tag-utmaning"],"author_meta":{"display_name":"Ingalill","author_link":"https:\/\/necessities.info\/author\/ingalill\/"},"featured_img":"https:\/\/necessities.info\/wp-content\/uploads\/2011\/10\/6291157063_ed599a96a9_z-207x300.jpg","jetpack_featured_media_url":"https:\/\/necessities.info\/wp-content\/uploads\/2011\/10\/6291157063_ed599a96a9_z.jpg","coauthors":[],"tax_additional":{"categories":{"linked":["<a href=\"https:\/\/necessities.info\/index.php\/category\/365-foto-2011\/\" class=\"advgb-post-tax-term\">365 Foto 2011<\/a>"],"unlinked":["<span class=\"advgb-post-tax-term\">365 Foto 2011<\/span>"]},"tags":{"linked":["<a href=\"https:\/\/necessities.info\/index.php\/category\/365-foto-2011\/\" class=\"advgb-post-tax-term\">365 foton 2011<\/a>","<a href=\"https:\/\/necessities.info\/index.php\/category\/365-foto-2011\/\" class=\"advgb-post-tax-term\">utmaning<\/a>"],"unlinked":["<span class=\"advgb-post-tax-term\">365 foton 2011<\/span>","<span class=\"advgb-post-tax-term\">utmaning<\/span>"]}},"comment_count":"3","relative_dates":{"created":"Publicerad 15 \u00e5r sedan","modified":"Uppdaterad 3 m\u00e5nader sedan"},"absolute_dates":{"created":"Publicerat den 29 oktober 2011","modified":"Uppdaterad den 7 februari 2026"},"absolute_dates_time":{"created":"Publicerat den 29 oktober 2011 14:18","modified":"Uppdaterad den 7 februari 2026 14:58"},"featured_img_caption":"","series_order":"","jetpack_likes_enabled":true,"_links":{"self":[{"href":"https:\/\/necessities.info\/index.php\/wp-json\/wp\/v2\/posts\/11376","targetHints":{"allow":["GET"]}}],"collection":[{"href":"https:\/\/necessities.info\/index.php\/wp-json\/wp\/v2\/posts"}],"about":[{"href":"https:\/\/necessities.info\/index.php\/wp-json\/wp\/v2\/types\/post"}],"author":[{"embeddable":true,"href":"https:\/\/necessities.info\/index.php\/wp-json\/wp\/v2\/users\/1"}],"replies":[{"embeddable":true,"href":"https:\/\/necessities.info\/index.php\/wp-json\/wp\/v2\/comments?post=11376"}],"version-history":[{"count":1,"href":"https:\/\/necessities.info\/index.php\/wp-json\/wp\/v2\/posts\/11376\/revisions"}],"predecessor-version":[{"id":51868,"href":"https:\/\/necessities.info\/index.php\/wp-json\/wp\/v2\/posts\/11376\/revisions\/51868"}],"wp:featuredmedia":[{"embeddable":true,"href":"https:\/\/necessities.info\/index.php\/wp-json\/wp\/v2\/media\/37570"}],"wp:attachment":[{"href":"https:\/\/necessities.info\/index.php\/wp-json\/wp\/v2\/media?parent=11376"}],"wp:term":[{"taxonomy":"category","embeddable":true,"href":"https:\/\/necessities.info\/index.php\/wp-json\/wp\/v2\/categories?post=11376"},{"taxonomy":"post_tag","embeddable":true,"href":"https:\/\/necessities.info\/index.php\/wp-json\/wp\/v2\/tags?post=11376"}],"curies":[{"name":"wp","href":"https:\/\/api.w.org\/{rel}","templated":true}]}}