{"id":11386,"date":"2011-11-05T16:30:42","date_gmt":"2011-11-05T16:30:42","guid":{"rendered":"https:\/\/www.necessities.info\/?p=10537"},"modified":"2026-02-07T14:53:59","modified_gmt":"2026-02-07T13:53:59","slug":"eget-tema-31-overnattningslya","status":"publish","type":"post","link":"https:\/\/necessities.info\/index.php\/2011\/11\/05\/eget-tema-31-overnattningslya\/","title":{"rendered":"Eget tema 31. \u00d6vernattningslya"},"content":{"rendered":"<p align=\"center\"><a href=\"http:\/\/farm7.static.flickr.com\/6039\/6314838889_edb34a014f_b.jpg\" rel=\"noopener\"> <img decoding=\"async\" class=\"aligncenter\" src=\"http:\/\/farm7.static.flickr.com\/6039\/6314838889_edb34a014f.jpg\" alt=\"Eget tema 31. \u00d6vernattningslya\" width=\"795\" height=\"579\" border=\"0\" \/><\/a><\/p>\n<p align=\"left\">&#8221; J\u00f6sses! G\u00f6r det igen! Skall l\u00e4gga upp inl\u00e4gget och ser att jag svamlat om allt m\u00f6jligt utan att f\u00f6rklara val av temat. Denna g\u00e5ngen s\u00e5g jag det\u00a0 \ud83d\ude42\u00a0 Jag har funderat var Pepper sover om n\u00e4tterna, han brukar komma fr\u00e5n stallet men har inte gjort det p\u00e5 ett tag. Vi har hittade hans \u00f6vernattnings lya n\u00e4r vi \u00f6ppnade s\u00e5 att snickaren kunde se hur det s\u00e5g ut mot skorstenen. &#8221;<\/p>\n<p align=\"left\">D\u00e5 har det varit fullt \u00f6s h\u00e4r och elektrikern fixade klart Micaels \u00f6verv\u00e5ning, fixade en ny el central till Tobias s\u00e5 att han skall kunna installera den nya v\u00e4rmepumpen som \u00e4r betydligt kraftigare \u00e4n den han har nu. Sedan beh\u00f6vs all el kollas igen och skrivas ner ordentligt vilken propp som g\u00e5r till vad. Vi har bytt alla elkablar men det h\u00e4nger en del gamla utan el kvar och vi har haft flera olika elektriker i omg\u00e5ngar. S\u00e5 nu vill vi ha en som g\u00e5r igenom allt med Tobias som har massa konstiga prylar som drar betydligt mer el \u00e4n vad som \u00e4r gjort f\u00f6r.<\/p>\n<p align=\"center\"><a href=\"http:\/\/farm7.static.flickr.com\/6228\/6315354734_0ab912c86a_b.jpg\" rel=\"noopener\"> <img decoding=\"async\" class=\"aligncenter\" src=\"http:\/\/farm7.static.flickr.com\/6228\/6315354734_0ab912c86a.jpg\" alt=\"Tobias utsikt\" width=\"785\" height=\"589\" border=\"0\" \/><\/a><\/p>\n<p align=\"left\">Tobias har en h\u00e4rlig \u00f6verv\u00e5ning som inte \u00e4r isolerad, men snickaren var uppe idag och kollade om vi kunde ta ner en balk som g\u00e5r tv\u00e4rs \u00f6ver vad som blir ett hallrum. Det var bara att kapa balken och sedan beh\u00f6vs golvet f\u00f6rst\u00e4rkas s\u00e5 det inte blir s\u00e5 svajigt. Men det finns ett stort och fint rum som kommer bli kanon att kunna anv\u00e4nda. Pigkammaren kan han ha som ett f\u00f6rr\u00e5d, ja det finns gott om valm\u00f6jligheter d\u00e4r uppe. Tobias tycker att det skall bli skoj att f\u00e5 ta tag i det och komma p\u00e5 n\u00e5got smart.<\/p>\n<p align=\"center\"><a href=\"http:\/\/farm7.static.flickr.com\/6116\/6315354216_8cfdbb539f_b.jpg\" rel=\"noopener\"> <img decoding=\"async\" class=\"aligncenter\" src=\"http:\/\/farm7.static.flickr.com\/6116\/6315354216_8cfdbb539f.jpg\" alt=\"Tobias \u00f6verv\u00e5ning\" width=\"748\" height=\"498\" border=\"0\" \/><\/a><\/p>\n<p align=\"left\">I st\u00f6rsta rummet p\u00e5 Tobias \u00f6verv\u00e5ning stod det en lampa p\u00e5 en stol och jag tror att Anna som bodde i huset n\u00e4r vi precis k\u00f6pt g\u00e5rden hade satt dit den som ledljus till sina t\u00f6ser och \u00e4ven till Tobias och Micael n\u00e4r de lekte p\u00e5 g\u00e5rden. Vi bor ju p\u00e5 toppen, s\u00e5 n\u00e4r ungarna gick hem fr\u00e5n kompisar kunde de se lampan i f\u00f6nstret. Sedan gick det s\u00e5 m\u00e5nga skr\u00f6nor om g\u00e5rdens dr\u00e4ng och att n\u00e5gon h\u00e4ngt sig uppe p\u00e5 vinden! Viket \u00e4r om\u00f6jligt s\u00e5 vidare han inte var en hobbit! Det \u00e4r inte tillr\u00e4ckligt h\u00f6gt d\u00e4r uppe.<\/p>\n<p align=\"center\"><a href=\"http:\/\/farm7.static.flickr.com\/6050\/6315353878_85471cb751_b.jpg\" rel=\"noopener\"> <img decoding=\"async\" class=\"aligncenter\" src=\"http:\/\/farm7.static.flickr.com\/6050\/6315353878_85471cb751.jpg\" alt=\"Beethoven\" width=\"596\" height=\"879\" border=\"0\" \/><\/a><\/p>\n<p align=\"left\">Beethoven kollade intresserat p\u00e5 alla som sprang runt och han ser s\u00e5 rolig ut n\u00e4r han stirrar f\u00f6rv\u00e5nat p\u00e5 n\u00e5gon han inte k\u00e4nner igen. M\u00e5ste l\u00e4mna in kameran, det \u00e4r n\u00e4r man skall trycka ner knappen som den l\u00e5ser sig helt och elektrikern som skulle fota snickarens jobb uppe vid skorstenen, h\u00f6ll p\u00e5 att f\u00e5 sig ett brake. Jag fick g\u00e5 upp och fota p\u00e5 manuellt l\u00e4ge, men vem vet hur l\u00e4nge det funkar. Jag har ju anv\u00e4nt den kameran sten h\u00e5rt och m\u00e5ste fixa batteri till den lilla kameran innan jag l\u00e4mnar in den. Kan ju inte g\u00e5 utan kamera.<\/p>\n","protected":false},"excerpt":{"rendered":"<p>&#8221; J\u00f6sses! G\u00f6r det igen! Skall l\u00e4gga upp inl\u00e4gget och ser att jag svamlat om allt m\u00f6jligt utan att f\u00f6rklara val av temat. Denna g\u00e5ngen s\u00e5g jag det\u00a0 \ud83d\ude42\u00a0 Jag har funderat var Pepper sover om n\u00e4tterna, han brukar komma fr\u00e5n stallet men har inte gjort det p\u00e5 ett tag. Vi har hittade hans \u00f6vernattnings &#8230; <\/p>\n<p class=\"read-more-container\"><a title=\"Eget tema 31. \u00d6vernattningslya\" class=\"read-more button\" href=\"https:\/\/necessities.info\/index.php\/2011\/11\/05\/eget-tema-31-overnattningslya\/\" aria-label=\"L\u00e4s mer om Eget tema 31. \u00d6vernattningslya\">\u2665 L\u00e4s mer \u2665 <\/a><\/p>\n","protected":false},"author":1,"featured_media":37547,"comment_status":"open","ping_status":"open","sticky":false,"template":"","format":"standard","meta":{"advgb_blocks_editor_width":"","advgb_blocks_columns_visual_guide":"","footnotes":""},"categories":[4313],"tags":[100,4060],"class_list":["post-11386","post","type-post","status-publish","format-standard","has-post-thumbnail","hentry","category-365-foto-2011","tag-365-foton-2011","tag-utmaning"],"author_meta":{"display_name":"Ingalill","author_link":"https:\/\/necessities.info\/author\/ingalill\/"},"featured_img":"https:\/\/necessities.info\/wp-content\/uploads\/2011\/11\/6314838889_edb34a014f-300x218.jpg","jetpack_featured_media_url":"https:\/\/necessities.info\/wp-content\/uploads\/2011\/11\/6314838889_edb34a014f.jpg","coauthors":[],"tax_additional":{"categories":{"linked":["<a href=\"https:\/\/necessities.info\/index.php\/category\/365-foto-2011\/\" class=\"advgb-post-tax-term\">365 Foto 2011<\/a>"],"unlinked":["<span class=\"advgb-post-tax-term\">365 Foto 2011<\/span>"]},"tags":{"linked":["<a href=\"https:\/\/necessities.info\/index.php\/category\/365-foto-2011\/\" class=\"advgb-post-tax-term\">365 foton 2011<\/a>","<a href=\"https:\/\/necessities.info\/index.php\/category\/365-foto-2011\/\" class=\"advgb-post-tax-term\">utmaning<\/a>"],"unlinked":["<span class=\"advgb-post-tax-term\">365 foton 2011<\/span>","<span class=\"advgb-post-tax-term\">utmaning<\/span>"]}},"comment_count":"4","relative_dates":{"created":"Publicerad 14 \u00e5r sedan","modified":"Uppdaterad 3 m\u00e5nader sedan"},"absolute_dates":{"created":"Publicerat den 5 november 2011","modified":"Uppdaterad den 7 februari 2026"},"absolute_dates_time":{"created":"Publicerat den 5 november 2011 16:30","modified":"Uppdaterad den 7 februari 2026 14:53"},"featured_img_caption":"","series_order":"","jetpack_likes_enabled":true,"_links":{"self":[{"href":"https:\/\/necessities.info\/index.php\/wp-json\/wp\/v2\/posts\/11386","targetHints":{"allow":["GET"]}}],"collection":[{"href":"https:\/\/necessities.info\/index.php\/wp-json\/wp\/v2\/posts"}],"about":[{"href":"https:\/\/necessities.info\/index.php\/wp-json\/wp\/v2\/types\/post"}],"author":[{"embeddable":true,"href":"https:\/\/necessities.info\/index.php\/wp-json\/wp\/v2\/users\/1"}],"replies":[{"embeddable":true,"href":"https:\/\/necessities.info\/index.php\/wp-json\/wp\/v2\/comments?post=11386"}],"version-history":[{"count":1,"href":"https:\/\/necessities.info\/index.php\/wp-json\/wp\/v2\/posts\/11386\/revisions"}],"predecessor-version":[{"id":51861,"href":"https:\/\/necessities.info\/index.php\/wp-json\/wp\/v2\/posts\/11386\/revisions\/51861"}],"wp:featuredmedia":[{"embeddable":true,"href":"https:\/\/necessities.info\/index.php\/wp-json\/wp\/v2\/media\/37547"}],"wp:attachment":[{"href":"https:\/\/necessities.info\/index.php\/wp-json\/wp\/v2\/media?parent=11386"}],"wp:term":[{"taxonomy":"category","embeddable":true,"href":"https:\/\/necessities.info\/index.php\/wp-json\/wp\/v2\/categories?post=11386"},{"taxonomy":"post_tag","embeddable":true,"href":"https:\/\/necessities.info\/index.php\/wp-json\/wp\/v2\/tags?post=11386"}],"curies":[{"name":"wp","href":"https:\/\/api.w.org\/{rel}","templated":true}]}}