{"id":11488,"date":"2012-04-02T14:01:08","date_gmt":"2012-04-02T14:01:08","guid":{"rendered":"https:\/\/www.necessities.info\/?p=11238"},"modified":"2026-02-10T11:51:20","modified_gmt":"2026-02-10T10:51:20","slug":"prakt-duva","status":"publish","type":"post","link":"https:\/\/necessities.info\/index.php\/2012\/04\/02\/prakt-duva\/","title":{"rendered":"Prakt duva"},"content":{"rendered":"<p align=\"center\"><a href=\"http:\/\/farm8.staticflickr.com\/7038\/6892571262_bed8335c5d_b.jpg\" rel=\"noopener\"> <img decoding=\"async\" class=\"aligncenter\" src=\"http:\/\/farm8.staticflickr.com\/7038\/6892571262_bed8335c5d.jpg\" alt=\"Prakt duva\" width=\"783\" height=\"554\" border=\"0\" \/><\/a><\/p>\n<p align=\"left\">D\u00e5 hade jag med kameran idag och fick se att prakt duvan satt kvar utanf\u00f6r d\u00f6rren. Den ser inte skadad ut men den flyger ju inte iv\u00e4g s\u00e5 n\u00e5got fel \u00e4r det nog.\u00a0 Gubbarna har satt ut mat och vatten men den klarar sig nog inte s\u00e5 l\u00e4nge till med tanke p\u00e5 alla rovf\u00e5glar som cirkulerar runt. Man tycker ju att n\u00e5gon borde sakna den?<\/p>\n<p align=\"center\"><a href=\"http:\/\/farm8.staticflickr.com\/7232\/6892569642_8afef1eaae_b.jpg\" rel=\"noopener\"> <img decoding=\"async\" class=\"aligncenter\" src=\"http:\/\/farm8.staticflickr.com\/7232\/6892569642_8afef1eaae.jpg\" alt=\"Prakt duva\" width=\"803\" height=\"602\" border=\"0\" \/><\/a><\/p>\n<p align=\"left\">Blev ganska paff n\u00e4r jag l\u00e4ser att ganska m\u00e5nga har hittat prakt duvor och att \u00e4garna inte orkar h\u00e4mta dem! D\u00e5 borde man ju inte f\u00e5 h\u00e5lla p\u00e5 med uppf\u00f6dning. Denna \u00e4r ringm\u00e4rkt s\u00e5 det m\u00e5ste ju g\u00e5 att sp\u00e5ra den exakta \u00e4garen.<\/p>\n<p align=\"center\"><a href=\"http:\/\/farm8.staticflickr.com\/7217\/7038664797_fd52f0332b_b.jpg\" rel=\"noopener\"> <img decoding=\"async\" class=\"aligncenter\" src=\"http:\/\/farm8.staticflickr.com\/7217\/7038664797_fd52f0332b.jpg\" alt=\"Prakt duva\" width=\"803\" height=\"602\" border=\"0\" \/><\/a><\/p>\n","protected":false},"excerpt":{"rendered":"<p>D\u00e5 hade jag med kameran idag och fick se att prakt duvan satt kvar utanf\u00f6r d\u00f6rren. Den ser inte skadad ut men den flyger ju inte iv\u00e4g s\u00e5 n\u00e5got fel \u00e4r det nog.\u00a0 Gubbarna har satt ut mat och vatten men den klarar sig nog inte s\u00e5 l\u00e4nge till med tanke p\u00e5 alla rovf\u00e5glar som &#8230; <\/p>\n<p class=\"read-more-container\"><a title=\"Prakt duva\" class=\"read-more button\" href=\"https:\/\/necessities.info\/index.php\/2012\/04\/02\/prakt-duva\/\" aria-label=\"L\u00e4s mer om Prakt duva\">\u2665 L\u00e4s mer \u2665 <\/a><\/p>\n","protected":false},"author":1,"featured_media":34386,"comment_status":"open","ping_status":"open","sticky":false,"template":"","format":"standard","meta":{"advgb_blocks_editor_width":"","advgb_blocks_columns_visual_guide":"","footnotes":""},"categories":[4327],"tags":[1717],"class_list":["post-11488","post","type-post","status-publish","format-standard","has-post-thumbnail","hentry","category-jobb","tag-jobb"],"author_meta":{"display_name":"Ingalill","author_link":"https:\/\/necessities.info\/author\/ingalill\/"},"featured_img":"https:\/\/necessities.info\/wp-content\/uploads\/2012\/04\/6892571262_bed8335c5d_b-300x212.jpg","jetpack_featured_media_url":"https:\/\/necessities.info\/wp-content\/uploads\/2012\/04\/6892571262_bed8335c5d_b.jpg","coauthors":[],"tax_additional":{"categories":{"linked":["<a href=\"https:\/\/necessities.info\/index.php\/category\/smatt-o-gott\/jobb\/\" class=\"advgb-post-tax-term\">jobb<\/a>"],"unlinked":["<span class=\"advgb-post-tax-term\">jobb<\/span>"]},"tags":{"linked":["<a href=\"https:\/\/necessities.info\/index.php\/category\/smatt-o-gott\/jobb\/\" class=\"advgb-post-tax-term\">jobb<\/a>"],"unlinked":["<span class=\"advgb-post-tax-term\">jobb<\/span>"]}},"comment_count":"7","relative_dates":{"created":"Publicerad 14 \u00e5r sedan","modified":"Uppdaterad 3 m\u00e5nader sedan"},"absolute_dates":{"created":"Publicerat den 2 april 2012","modified":"Uppdaterad den 10 februari 2026"},"absolute_dates_time":{"created":"Publicerat den 2 april 2012 14:01","modified":"Uppdaterad den 10 februari 2026 11:51"},"featured_img_caption":"","series_order":"","jetpack_likes_enabled":true,"_links":{"self":[{"href":"https:\/\/necessities.info\/index.php\/wp-json\/wp\/v2\/posts\/11488","targetHints":{"allow":["GET"]}}],"collection":[{"href":"https:\/\/necessities.info\/index.php\/wp-json\/wp\/v2\/posts"}],"about":[{"href":"https:\/\/necessities.info\/index.php\/wp-json\/wp\/v2\/types\/post"}],"author":[{"embeddable":true,"href":"https:\/\/necessities.info\/index.php\/wp-json\/wp\/v2\/users\/1"}],"replies":[{"embeddable":true,"href":"https:\/\/necessities.info\/index.php\/wp-json\/wp\/v2\/comments?post=11488"}],"version-history":[{"count":1,"href":"https:\/\/necessities.info\/index.php\/wp-json\/wp\/v2\/posts\/11488\/revisions"}],"predecessor-version":[{"id":53930,"href":"https:\/\/necessities.info\/index.php\/wp-json\/wp\/v2\/posts\/11488\/revisions\/53930"}],"wp:featuredmedia":[{"embeddable":true,"href":"https:\/\/necessities.info\/index.php\/wp-json\/wp\/v2\/media\/34386"}],"wp:attachment":[{"href":"https:\/\/necessities.info\/index.php\/wp-json\/wp\/v2\/media?parent=11488"}],"wp:term":[{"taxonomy":"category","embeddable":true,"href":"https:\/\/necessities.info\/index.php\/wp-json\/wp\/v2\/categories?post=11488"},{"taxonomy":"post_tag","embeddable":true,"href":"https:\/\/necessities.info\/index.php\/wp-json\/wp\/v2\/tags?post=11488"}],"curies":[{"name":"wp","href":"https:\/\/api.w.org\/{rel}","templated":true}]}}