{"id":11543,"date":"2012-06-08T19:34:40","date_gmt":"2012-06-08T19:34:40","guid":{"rendered":"https:\/\/www.necessities.info\/?p=11501"},"modified":"2023-05-10T08:04:48","modified_gmt":"2023-05-10T06:04:48","slug":"goteborg-2","status":"publish","type":"post","link":"https:\/\/necessities.info\/index.php\/2012\/06\/08\/goteborg-2\/","title":{"rendered":"G\u00f6teborg"},"content":{"rendered":"<p align=\"center\"><a href=\"http:\/\/farm9.staticflickr.com\/8146\/7352220454_79a0c2fdea_b.jpg\" rel=\"noopener\"> <img decoding=\"async\" class=\"aligncenter\" src=\"http:\/\/farm9.staticflickr.com\/8146\/7352220454_79a0c2fdea.jpg\" alt=\"G\u00f6teborg\" width=\"807\" height=\"605\" border=\"0\" \/><\/a><\/p>\n<p align=\"left\">Var och tr\u00e4ffade handl\u00e4ggaren som skall hj\u00e4lpa mig n\u00e4r jag blir arbetsl\u00f6s. F\u00e5 s\u00e4ga att jag blev \u00f6verraskad positiv. Hade h\u00f6rt fr\u00e5n flera att jobbcoacher inte var n\u00e5got att ha och att det absolut inte kommer att ge mig ett skit! Nu hade mitt fack rekommenderat det till min chef som tyckte att jag absolut skulle g\u00e5 p\u00e5 detta. Jag \u00e4r ju korkad om jag inte tar emot all hj\u00e4lp jag kan f\u00e5 och Utvecklingshuset gav ett gott intryck. Sedan \u00e4r det v\u00e4l lite upp till var och en hur man uppfattar ting men jag kan absolut t\u00e4nka mig att g\u00f6ra n\u00e5got annat och tycker inte att de k\u00f6rde \u00f6ver en, eller bara sitter av tid.<\/p>\n<p align=\"center\"><a href=\"http:\/\/farm8.staticflickr.com\/7089\/7167009361_b7ed7073ea_b.jpg\" rel=\"noopener\"> <img decoding=\"async\" class=\"aligncenter\" src=\"http:\/\/farm8.staticflickr.com\/7089\/7167009361_b7ed7073ea.jpg\" alt=\"G\u00f6teborg\" width=\"804\" height=\"603\" border=\"0\" \/><\/a><\/p>\n<p align=\"left\">De var positiva och kom med en hel del ideer. Lite synd bara att de inte kan k\u00f6ra ig\u00e5ng f\u00f6rr\u00e4n jag \u00e4r helt arbetsl\u00f6s. Det \u00e4r illa nog att f\u00f6rs\u00f6ka h\u00e5lla motivationen uppe som det \u00e4r nu, det \u00e4r ju liksom ingen bomullsfabrik jag jobbar p\u00e5 och toaletterna \u00e4r alldeles f\u00f6r f\u00e5 mot antal gubbar som anv\u00e4nder dem. Men men! Det blir nog bra i slut\u00e4ndan. Just nu vill jag bara bli bra i halsen, sist jag var s\u00e5 h\u00e4r d\u00e5lig var n\u00e4r jag sommarjobbade som 15 \u00e5ring p\u00e5 ett dagis. \u00c4hhh! Det var ju bara f\u00f6r ett par \u00e5r sedan, vad knorrar jag om?\u00a0 Hann att se hur fin G\u00f6teborg egentligen \u00e4r n\u00e4r gubben k\u00f6rde\u00a0 \ud83d\ude42<\/p>\n","protected":false},"excerpt":{"rendered":"<p>Var och tr\u00e4ffade handl\u00e4ggaren som skall hj\u00e4lpa mig n\u00e4r jag blir arbetsl\u00f6s. F\u00e5 s\u00e4ga att jag blev \u00f6verraskad positiv. Hade h\u00f6rt fr\u00e5n flera att jobbcoacher inte var n\u00e5got att ha och att det absolut inte kommer att ge mig ett skit! Nu hade mitt fack rekommenderat det till min chef som tyckte att jag absolut &#8230; <\/p>\n<p class=\"read-more-container\"><a title=\"G\u00f6teborg\" class=\"read-more button\" href=\"https:\/\/necessities.info\/index.php\/2012\/06\/08\/goteborg-2\/\" aria-label=\"L\u00e4s mer om G\u00f6teborg\">\u2665 L\u00e4s mer \u2665 <\/a><\/p>\n","protected":false},"author":1,"featured_media":34388,"comment_status":"open","ping_status":"open","sticky":false,"template":"","format":"standard","meta":{"advgb_blocks_editor_width":"","advgb_blocks_columns_visual_guide":"","footnotes":""},"categories":[4327],"tags":[1717],"class_list":["post-11543","post","type-post","status-publish","format-standard","has-post-thumbnail","hentry","category-jobb","tag-jobb"],"author_meta":{"display_name":"Ingalill","author_link":"https:\/\/necessities.info\/author\/ingalill\/"},"featured_img":"https:\/\/necessities.info\/wp-content\/uploads\/2012\/06\/7352220454_79a0c2fdea-300x225.jpg","jetpack_featured_media_url":"https:\/\/necessities.info\/wp-content\/uploads\/2012\/06\/7352220454_79a0c2fdea.jpg","coauthors":[],"tax_additional":{"categories":{"linked":["<a href=\"https:\/\/necessities.info\/index.php\/category\/smatt-o-gott\/jobb\/\" class=\"advgb-post-tax-term\">jobb<\/a>"],"unlinked":["<span class=\"advgb-post-tax-term\">jobb<\/span>"]},"tags":{"linked":["<a href=\"https:\/\/necessities.info\/index.php\/category\/smatt-o-gott\/jobb\/\" class=\"advgb-post-tax-term\">jobb<\/a>"],"unlinked":["<span class=\"advgb-post-tax-term\">jobb<\/span>"]}},"comment_count":"2","relative_dates":{"created":"Publicerad 14 \u00e5r sedan","modified":"Uppdaterad 3 \u00e5r sedan"},"absolute_dates":{"created":"Publicerat den 8 juni 2012","modified":"Uppdaterad den 10 maj 2023"},"absolute_dates_time":{"created":"Publicerat den 8 juni 2012 19:34","modified":"Uppdaterad den 10 maj 2023 08:04"},"featured_img_caption":"","series_order":"","jetpack_likes_enabled":true,"_links":{"self":[{"href":"https:\/\/necessities.info\/index.php\/wp-json\/wp\/v2\/posts\/11543","targetHints":{"allow":["GET"]}}],"collection":[{"href":"https:\/\/necessities.info\/index.php\/wp-json\/wp\/v2\/posts"}],"about":[{"href":"https:\/\/necessities.info\/index.php\/wp-json\/wp\/v2\/types\/post"}],"author":[{"embeddable":true,"href":"https:\/\/necessities.info\/index.php\/wp-json\/wp\/v2\/users\/1"}],"replies":[{"embeddable":true,"href":"https:\/\/necessities.info\/index.php\/wp-json\/wp\/v2\/comments?post=11543"}],"version-history":[{"count":0,"href":"https:\/\/necessities.info\/index.php\/wp-json\/wp\/v2\/posts\/11543\/revisions"}],"wp:featuredmedia":[{"embeddable":true,"href":"https:\/\/necessities.info\/index.php\/wp-json\/wp\/v2\/media\/34388"}],"wp:attachment":[{"href":"https:\/\/necessities.info\/index.php\/wp-json\/wp\/v2\/media?parent=11543"}],"wp:term":[{"taxonomy":"category","embeddable":true,"href":"https:\/\/necessities.info\/index.php\/wp-json\/wp\/v2\/categories?post=11543"},{"taxonomy":"post_tag","embeddable":true,"href":"https:\/\/necessities.info\/index.php\/wp-json\/wp\/v2\/tags?post=11543"}],"curies":[{"name":"wp","href":"https:\/\/api.w.org\/{rel}","templated":true}]}}