{"id":12259,"date":"2013-03-26T14:29:23","date_gmt":"2013-03-26T14:29:23","guid":{"rendered":"https:\/\/www.necessities.info\/?p=12259"},"modified":"2026-02-10T11:50:23","modified_gmt":"2026-02-10T10:50:23","slug":"255-with-your-glasses-askew-on-your-face","status":"publish","type":"post","link":"https:\/\/necessities.info\/index.php\/2013\/03\/26\/255-with-your-glasses-askew-on-your-face\/","title":{"rendered":"255) With your glasses askew on your face."},"content":{"rendered":"<p align=\"center\"><a href=\"http:\/\/farm9.staticflickr.com\/8532\/8592715082_4f0b71a2e5_b.jpg\" rel=\"noopener\"> <img decoding=\"async\" class=\"aligncenter\" src=\"http:\/\/farm9.staticflickr.com\/8532\/8592715082_4f0b71a2e5.jpg\" alt=\"255) With your glasses askew on your face.\" width=\"799\" height=\"532\" border=\"0\" \/><\/a><\/p>\n<p align=\"left\">Tur det \u00e4r l\u00e5ngledighet p\u00e5 G. Har haft s\u00e5 j\u00e4&#8230; ont i halsen att jag bara sovit i snitt 3 timmar per natt och i dag gick det extremt segt att jobba. Sedan skall vi ju inte tala om hur in i nordens grinig jag blir. Tidigt en morgon s\u00e5 m\u00f6tte jag en mupp i trappan som h\u00f6ll p\u00e5 att tv\u00e4tta, flyttade mig artigt \u00e5t sidan och b\u00f6rjade prata med muppen. F\u00e5r sedan under dagen reda p\u00e5 att muppen ringt chefen och menat p\u00e5, att jag slabbade ner golvet s\u00e5 bl\u00f6tt att hon ramlat ner f\u00f6r alla trapporna! Nu \u00e4r jag en s\u00e5dan d\u00e4r korkskruv att faller n\u00e5gon i trappan s\u00e5 nog tusan skulle jag rusa fram med hela min imponerande l\u00e4ngd 1.60 p\u00e5 52 kilo och f\u00e5ngat upp personen! Tror inte det hade lyckats s\u00e5 bra.<\/p>\n<p align=\"center\"><a href=\"http:\/\/farm9.staticflickr.com\/8517\/8592715178_03629ff951_b.jpg\" rel=\"noopener\"> <img decoding=\"async\" class=\"aligncenter\" src=\"http:\/\/farm9.staticflickr.com\/8517\/8592715178_03629ff951.jpg\" alt=\"255) With your glasses askew on your face.\" width=\"797\" height=\"530\" border=\"0\" \/><\/a><\/p>\n<p align=\"left\">M\u00f6ter muppen idag n\u00e4r jag putsade entr\u00e9 d\u00f6rren och hon v\u00e4ntade p\u00e5 att jag skulle \u00f6ppna! Pfft! Normalfall absolut, n\u00e4r jag sovit d\u00e5ligt och det dessutom var muppen! Aldrig! Ii hel&#8230; muppen stod bra l\u00e4nge och v\u00e4ntade medan jag tittade p\u00e5 henne innan hon fattade att jag l\u00e4r aldrig \u00f6ppna d\u00f6rren f\u00f6r henne. Usch! Avskyr n\u00e4r jag kommer in i de l\u00e4gena att n\u00e5gon g\u00e5tt f\u00f6r l\u00e5ngt, jag\u00a0 blir verkligen en skit! S\u00e5 nu har jag tagit en Treo uppblandat i gr\u00e4dde! funkade finfin sist. Idag blev det katastrof! T\u00e4nkte inte p\u00e5 det att jag har haft sv\u00e5rt att \u00e4ta i ett par dar! N\u00e5got som min mage talade om med buller o b\u00e5ng. Bl\u00e4\u00e4 s\u00e4ger jag bara! Sitter nu och f\u00f6rs\u00f6ker h\u00e5lla mig vaken, matt som ett ut sketet p\u00e4ron med en hackande centrifug i kistan.<\/p>\n","protected":false},"excerpt":{"rendered":"<p>Tur det \u00e4r l\u00e5ngledighet p\u00e5 G. Har haft s\u00e5 j\u00e4&#8230; ont i halsen att jag bara sovit i snitt 3 timmar per natt och i dag gick det extremt segt att jobba. Sedan skall vi ju inte tala om hur in i nordens grinig jag blir. Tidigt en morgon s\u00e5 m\u00f6tte jag en mupp i &#8230; <\/p>\n<p class=\"read-more-container\"><a title=\"255) With your glasses askew on your face.\" class=\"read-more button\" href=\"https:\/\/necessities.info\/index.php\/2013\/03\/26\/255-with-your-glasses-askew-on-your-face\/\" aria-label=\"L\u00e4s mer om 255) With your glasses askew on your face.\">\u2665 L\u00e4s mer \u2665 <\/a><\/p>\n","protected":false},"author":1,"featured_media":33712,"comment_status":"open","ping_status":"open","sticky":false,"template":"","format":"standard","meta":{"advgb_blocks_editor_width":"","advgb_blocks_columns_visual_guide":"","footnotes":""},"categories":[4327,4332],"tags":[1717,6175],"class_list":["post-12259","post","type-post","status-publish","format-standard","has-post-thumbnail","hentry","category-jobb","category-sjalvportratt-1913","tag-jobb","tag-sjalvportratt-1913"],"author_meta":{"display_name":"Ingalill","author_link":"https:\/\/necessities.info\/author\/ingalill\/"},"featured_img":"https:\/\/necessities.info\/wp-content\/uploads\/2013\/03\/8592715082_4f0b71a2e5_b-300x200.jpg","jetpack_featured_media_url":"https:\/\/necessities.info\/wp-content\/uploads\/2013\/03\/8592715082_4f0b71a2e5_b.jpg","coauthors":[],"tax_additional":{"categories":{"linked":["<a href=\"https:\/\/necessities.info\/index.php\/category\/smatt-o-gott\/jobb\/\" class=\"advgb-post-tax-term\">jobb<\/a>","<a href=\"https:\/\/necessities.info\/index.php\/category\/fototeman\/sjalvportratt-1913\/\" class=\"advgb-post-tax-term\">Sj\u00e4lvportr\u00e4tt 1913....<\/a>"],"unlinked":["<span class=\"advgb-post-tax-term\">jobb<\/span>","<span class=\"advgb-post-tax-term\">Sj\u00e4lvportr\u00e4tt 1913....<\/span>"]},"tags":{"linked":["<a href=\"https:\/\/necessities.info\/index.php\/category\/fototeman\/sjalvportratt-1913\/\" class=\"advgb-post-tax-term\">jobb<\/a>","<a href=\"https:\/\/necessities.info\/index.php\/category\/fototeman\/sjalvportratt-1913\/\" class=\"advgb-post-tax-term\">sj\u00e4lvportr\u00e4tt 1913..<\/a>"],"unlinked":["<span class=\"advgb-post-tax-term\">jobb<\/span>","<span class=\"advgb-post-tax-term\">sj\u00e4lvportr\u00e4tt 1913..<\/span>"]}},"comment_count":"0","relative_dates":{"created":"Publicerad 13 \u00e5r sedan","modified":"Uppdaterad 3 m\u00e5nader sedan"},"absolute_dates":{"created":"Publicerat den 26 mars 2013","modified":"Uppdaterad den 10 februari 2026"},"absolute_dates_time":{"created":"Publicerat den 26 mars 2013 14:29","modified":"Uppdaterad den 10 februari 2026 11:50"},"featured_img_caption":"","series_order":"","jetpack_likes_enabled":true,"_links":{"self":[{"href":"https:\/\/necessities.info\/index.php\/wp-json\/wp\/v2\/posts\/12259","targetHints":{"allow":["GET"]}}],"collection":[{"href":"https:\/\/necessities.info\/index.php\/wp-json\/wp\/v2\/posts"}],"about":[{"href":"https:\/\/necessities.info\/index.php\/wp-json\/wp\/v2\/types\/post"}],"author":[{"embeddable":true,"href":"https:\/\/necessities.info\/index.php\/wp-json\/wp\/v2\/users\/1"}],"replies":[{"embeddable":true,"href":"https:\/\/necessities.info\/index.php\/wp-json\/wp\/v2\/comments?post=12259"}],"version-history":[{"count":1,"href":"https:\/\/necessities.info\/index.php\/wp-json\/wp\/v2\/posts\/12259\/revisions"}],"predecessor-version":[{"id":52254,"href":"https:\/\/necessities.info\/index.php\/wp-json\/wp\/v2\/posts\/12259\/revisions\/52254"}],"wp:featuredmedia":[{"embeddable":true,"href":"https:\/\/necessities.info\/index.php\/wp-json\/wp\/v2\/media\/33712"}],"wp:attachment":[{"href":"https:\/\/necessities.info\/index.php\/wp-json\/wp\/v2\/media?parent=12259"}],"wp:term":[{"taxonomy":"category","embeddable":true,"href":"https:\/\/necessities.info\/index.php\/wp-json\/wp\/v2\/categories?post=12259"},{"taxonomy":"post_tag","embeddable":true,"href":"https:\/\/necessities.info\/index.php\/wp-json\/wp\/v2\/tags?post=12259"}],"curies":[{"name":"wp","href":"https:\/\/api.w.org\/{rel}","templated":true}]}}