{"id":12262,"date":"2013-03-27T15:05:20","date_gmt":"2013-03-27T15:05:20","guid":{"rendered":"https:\/\/www.necessities.info\/?p=12262"},"modified":"2026-02-09T09:52:16","modified_gmt":"2026-02-09T08:52:16","slug":"112-in-an-elevator","status":"publish","type":"post","link":"https:\/\/necessities.info\/index.php\/2013\/03\/27\/112-in-an-elevator\/","title":{"rendered":"112) In an elevator"},"content":{"rendered":"<p align=\"center\"><a href=\"http:\/\/farm9.staticflickr.com\/8381\/8595529660_5ac52f20bc_b.jpg\" rel=\"noopener\"> <img decoding=\"async\" class=\"aligncenter\" src=\"http:\/\/farm9.staticflickr.com\/8381\/8595529660_5ac52f20bc.jpg\" alt=\"P\u00e5skpynt\" width=\"802\" height=\"534\" border=\"0\" \/><\/a><\/p>\n<p align=\"left\">F\u00f6rkylningen b\u00f6rjar bli b\u00e4ttre och jag har tagit antiinflammatoriska halstabletter och de var riktigt bra. Fast jag vet inte riktigt om jag tog de f\u00f6r t\u00e4tt f\u00f6r halsen blev bed\u00f6vad som om man varit hos tandl\u00e4karen, skit l\u00e4bbigt! Gick fint att jobba och k\u00e4nde mig inte s\u00e5 seg. N\u00e4r jag kom hem och skulle fota p\u00e5skpyntet h\u00f6ll jag p\u00e5 att f\u00e5 en chock! Amor hade verkligen levt r\u00f6varen d\u00e4rinne och v\u00e4lt ner en hel del. Hmm! F\u00e5r st\u00e4da d\u00e4r i morgon.<\/p>\n<p align=\"center\"><a href=\"http:\/\/farm9.staticflickr.com\/8506\/8595526536_52cfaf77de_b.jpg\" rel=\"noopener\"> <img decoding=\"async\" class=\"aligncenter\" src=\"http:\/\/farm9.staticflickr.com\/8506\/8595526536_52cfaf77de_z.jpg\" alt=\"112) In an elevator\" width=\"545\" height=\"727\" border=\"0\" \/><\/a><\/p>\n<p align=\"left\">Sedan b\u00f6rjar det bli jobbigt att ta bilder n\u00e4r min duk \u00e4r s\u00e5 kort, trodde den skulle r\u00e4cka till men den g\u00f6r inte det. Skall se om jag f\u00e5r tag p\u00e5 en som \u00e4r 2 meter. Det blir s\u00e5 fult n\u00e4r duken tar slut och man f\u00e5r f\u00f6rl\u00e4nga det i photoshop. Jag f\u00e5r inte till skarvarna s\u00e5 bra och har lagt p\u00e5 textures s\u00e5 det inte skall bli s\u00e5 p\u00e5tagligt. Sj\u00e4lvklart kom lilla modellen upp och skulle vara med. Undrar om inte han \u00e4lskar det rummet lika mycket som jag g\u00f6r. Fast jag b\u00f6r nog ha det st\u00e4ngt om n\u00e4tterna.<\/p>\n<p align=\"center\"><a href=\"http:\/\/farm9.staticflickr.com\/8243\/8594430713_81b0241bd3_b.jpg\" rel=\"noopener\"> <img decoding=\"async\" class=\"aligncenter\" src=\"http:\/\/farm9.staticflickr.com\/8243\/8594430713_81b0241bd3_z.jpg\" alt=\"Amor\" width=\"519\" height=\"742\" border=\"0\" \/><\/a><\/p>\n","protected":false},"excerpt":{"rendered":"<p>F\u00f6rkylningen b\u00f6rjar bli b\u00e4ttre och jag har tagit antiinflammatoriska halstabletter och de var riktigt bra. Fast jag vet inte riktigt om jag tog de f\u00f6r t\u00e4tt f\u00f6r halsen blev bed\u00f6vad som om man varit hos tandl\u00e4karen, skit l\u00e4bbigt! Gick fint att jobba och k\u00e4nde mig inte s\u00e5 seg. N\u00e4r jag kom hem och skulle fota &#8230; <\/p>\n<p class=\"read-more-container\"><a title=\"112) In an elevator\" class=\"read-more button\" href=\"https:\/\/necessities.info\/index.php\/2013\/03\/27\/112-in-an-elevator\/\" aria-label=\"L\u00e4s mer om 112) In an elevator\">\u2665 L\u00e4s mer \u2665 <\/a><\/p>\n","protected":false},"author":1,"featured_media":35728,"comment_status":"open","ping_status":"open","sticky":false,"template":"","format":"standard","meta":{"advgb_blocks_editor_width":"","advgb_blocks_columns_visual_guide":"","footnotes":""},"categories":[4332],"tags":[6175],"class_list":["post-12262","post","type-post","status-publish","format-standard","has-post-thumbnail","hentry","category-sjalvportratt-1913","tag-sjalvportratt-1913"],"author_meta":{"display_name":"Ingalill","author_link":"https:\/\/necessities.info\/author\/ingalill\/"},"featured_img":"https:\/\/necessities.info\/wp-content\/uploads\/2013\/03\/8595526536_52cfaf77de_b-225x300.jpg","jetpack_featured_media_url":"https:\/\/necessities.info\/wp-content\/uploads\/2013\/03\/8595526536_52cfaf77de_b.jpg","coauthors":[],"tax_additional":{"categories":{"linked":["<a href=\"https:\/\/necessities.info\/index.php\/category\/fototeman\/sjalvportratt-1913\/\" class=\"advgb-post-tax-term\">Sj\u00e4lvportr\u00e4tt 1913....<\/a>"],"unlinked":["<span class=\"advgb-post-tax-term\">Sj\u00e4lvportr\u00e4tt 1913....<\/span>"]},"tags":{"linked":["<a href=\"https:\/\/necessities.info\/index.php\/category\/fototeman\/sjalvportratt-1913\/\" class=\"advgb-post-tax-term\">sj\u00e4lvportr\u00e4tt 1913..<\/a>"],"unlinked":["<span class=\"advgb-post-tax-term\">sj\u00e4lvportr\u00e4tt 1913..<\/span>"]}},"comment_count":"2","relative_dates":{"created":"Publicerad 13 \u00e5r sedan","modified":"Uppdaterad 3 m\u00e5nader sedan"},"absolute_dates":{"created":"Publicerat den 27 mars 2013","modified":"Uppdaterad den 9 februari 2026"},"absolute_dates_time":{"created":"Publicerat den 27 mars 2013 15:05","modified":"Uppdaterad den 9 februari 2026 09:52"},"featured_img_caption":"","series_order":"","jetpack_likes_enabled":true,"_links":{"self":[{"href":"https:\/\/necessities.info\/index.php\/wp-json\/wp\/v2\/posts\/12262","targetHints":{"allow":["GET"]}}],"collection":[{"href":"https:\/\/necessities.info\/index.php\/wp-json\/wp\/v2\/posts"}],"about":[{"href":"https:\/\/necessities.info\/index.php\/wp-json\/wp\/v2\/types\/post"}],"author":[{"embeddable":true,"href":"https:\/\/necessities.info\/index.php\/wp-json\/wp\/v2\/users\/1"}],"replies":[{"embeddable":true,"href":"https:\/\/necessities.info\/index.php\/wp-json\/wp\/v2\/comments?post=12262"}],"version-history":[{"count":1,"href":"https:\/\/necessities.info\/index.php\/wp-json\/wp\/v2\/posts\/12262\/revisions"}],"predecessor-version":[{"id":52253,"href":"https:\/\/necessities.info\/index.php\/wp-json\/wp\/v2\/posts\/12262\/revisions\/52253"}],"wp:featuredmedia":[{"embeddable":true,"href":"https:\/\/necessities.info\/index.php\/wp-json\/wp\/v2\/media\/35728"}],"wp:attachment":[{"href":"https:\/\/necessities.info\/index.php\/wp-json\/wp\/v2\/media?parent=12262"}],"wp:term":[{"taxonomy":"category","embeddable":true,"href":"https:\/\/necessities.info\/index.php\/wp-json\/wp\/v2\/categories?post=12262"},{"taxonomy":"post_tag","embeddable":true,"href":"https:\/\/necessities.info\/index.php\/wp-json\/wp\/v2\/tags?post=12262"}],"curies":[{"name":"wp","href":"https:\/\/api.w.org\/{rel}","templated":true}]}}