{"id":12266,"date":"2013-03-28T15:05:13","date_gmt":"2013-03-28T15:05:13","guid":{"rendered":"https:\/\/www.necessities.info\/?p=12266"},"modified":"2026-02-09T09:51:59","modified_gmt":"2026-02-09T08:51:59","slug":"182-in-your-pyjamas","status":"publish","type":"post","link":"https:\/\/necessities.info\/index.php\/2013\/03\/28\/182-in-your-pyjamas\/","title":{"rendered":"182) In your pyjamas"},"content":{"rendered":"<p align=\"center\"><a href=\"http:\/\/farm9.staticflickr.com\/8389\/8597038455_434c19eded_b.jpg\" rel=\"noopener\"> <img decoding=\"async\" class=\"aligncenter\" src=\"http:\/\/farm9.staticflickr.com\/8389\/8597038455_434c19eded.jpg\" alt=\"Amor\" width=\"800\" height=\"549\" border=\"0\" \/><\/a><\/p>\n<p align=\"left\">Hmmm! D\u00e4r ligger han i fin soffan och vr\u00e4ker sig! Han skall bara veta att det blir kastrering och rakning av tovor n\u00e4sta vecka. Har tagit en go varm dusch och hoppat i mys stassen s\u00e5 nu \u00e4r det bara att k\u00f6ra ig\u00e5ng och g\u00f6ra en rej\u00e4l stor st\u00e4dning. Det \u00e4r v\u00e4l egentligen inte hela v\u00e4rlden att han h\u00e5ller p\u00e5 med blommorna om han bara hade gett tusan i att smaka p\u00e5 allt. Han gick ju h\u00e5rt \u00e5t mitt gamla julprydnader i julas och nu har han knaprat p\u00e5 dekorations svampar och fj\u00e4drar.<\/p>\n<p align=\"center\"><a href=\"http:\/\/farm9.staticflickr.com\/8376\/8598142076_cd318b13f0_b.jpg\" rel=\"noopener\"> <img decoding=\"async\" class=\"aligncenter\" src=\"http:\/\/farm9.staticflickr.com\/8376\/8598142076_cd318b13f0_z.jpg\" alt=\"182) In your pyjamas\" width=\"543\" height=\"814\" border=\"0\" \/><\/a><\/p>\n<p align=\"left\">Men han v\u00e4xer v\u00e4l snart i fr\u00e5n det d\u00e4r s\u00e5 man skall v\u00e4l inte klaga. Sedan \u00e4r det ganska mysigt att han vill vara med s\u00e5 lite svinn f\u00e5r man v\u00e4l r\u00e4kna med. P\u00e5 Maxi hade de rea p\u00e5 band och st\u00e4mplar s\u00e5 det passade jag p\u00e5 att k\u00f6pa in lite fler av. P\u00e5 hemv\u00e4gen hoppade jag in p\u00e5 H&amp;M d\u00e4r jag k\u00f6pte pyjamasen p\u00e5 bilden, fast jag kommer att ha det som softa runt kl\u00e4der. Men s\u00e5 mycket fint de hade f\u00e5tt in, fick skynda mig ut f\u00f6r att inte bli fast bland kl\u00e4derna. Nej nu skall jag forts\u00e4tta att st\u00e4da!<\/p>\n<p align=\"center\"><a href=\"http:\/\/farm9.staticflickr.com\/8388\/8597037773_cee4e6c76a_b.jpg\" rel=\"noopener\"> <img decoding=\"async\" class=\"aligncenter\" src=\"http:\/\/farm9.staticflickr.com\/8388\/8597037773_cee4e6c76a.jpg\" alt=\"Pyssel\" width=\"797\" height=\"531\" border=\"0\" \/><\/a><\/p>\n","protected":false},"excerpt":{"rendered":"<p>Hmmm! D\u00e4r ligger han i fin soffan och vr\u00e4ker sig! Han skall bara veta att det blir kastrering och rakning av tovor n\u00e4sta vecka. Har tagit en go varm dusch och hoppat i mys stassen s\u00e5 nu \u00e4r det bara att k\u00f6ra ig\u00e5ng och g\u00f6ra en rej\u00e4l stor st\u00e4dning. Det \u00e4r v\u00e4l egentligen inte hela &#8230; <\/p>\n<p class=\"read-more-container\"><a title=\"182) In your pyjamas\" class=\"read-more button\" href=\"https:\/\/necessities.info\/index.php\/2013\/03\/28\/182-in-your-pyjamas\/\" aria-label=\"L\u00e4s mer om 182) In your pyjamas\">\u2665 L\u00e4s mer \u2665 <\/a><\/p>\n","protected":false},"author":1,"featured_media":35731,"comment_status":"open","ping_status":"open","sticky":false,"template":"","format":"standard","meta":{"advgb_blocks_editor_width":"","advgb_blocks_columns_visual_guide":"","footnotes":""},"categories":[4332],"tags":[6175],"class_list":["post-12266","post","type-post","status-publish","format-standard","has-post-thumbnail","hentry","category-sjalvportratt-1913","tag-sjalvportratt-1913"],"author_meta":{"display_name":"Ingalill","author_link":"https:\/\/necessities.info\/author\/ingalill\/"},"featured_img":"https:\/\/necessities.info\/wp-content\/uploads\/2013\/03\/8598142076_cd318b13f0_b-200x300.jpg","jetpack_featured_media_url":"https:\/\/necessities.info\/wp-content\/uploads\/2013\/03\/8598142076_cd318b13f0_b.jpg","coauthors":[],"tax_additional":{"categories":{"linked":["<a href=\"https:\/\/necessities.info\/index.php\/category\/fototeman\/sjalvportratt-1913\/\" class=\"advgb-post-tax-term\">Sj\u00e4lvportr\u00e4tt 1913....<\/a>"],"unlinked":["<span class=\"advgb-post-tax-term\">Sj\u00e4lvportr\u00e4tt 1913....<\/span>"]},"tags":{"linked":["<a href=\"https:\/\/necessities.info\/index.php\/category\/fototeman\/sjalvportratt-1913\/\" class=\"advgb-post-tax-term\">sj\u00e4lvportr\u00e4tt 1913..<\/a>"],"unlinked":["<span class=\"advgb-post-tax-term\">sj\u00e4lvportr\u00e4tt 1913..<\/span>"]}},"comment_count":"1","relative_dates":{"created":"Publicerad 13 \u00e5r sedan","modified":"Uppdaterad 3 m\u00e5nader sedan"},"absolute_dates":{"created":"Publicerat den 28 mars 2013","modified":"Uppdaterad den 9 februari 2026"},"absolute_dates_time":{"created":"Publicerat den 28 mars 2013 15:05","modified":"Uppdaterad den 9 februari 2026 09:51"},"featured_img_caption":"","series_order":"","jetpack_likes_enabled":true,"_links":{"self":[{"href":"https:\/\/necessities.info\/index.php\/wp-json\/wp\/v2\/posts\/12266","targetHints":{"allow":["GET"]}}],"collection":[{"href":"https:\/\/necessities.info\/index.php\/wp-json\/wp\/v2\/posts"}],"about":[{"href":"https:\/\/necessities.info\/index.php\/wp-json\/wp\/v2\/types\/post"}],"author":[{"embeddable":true,"href":"https:\/\/necessities.info\/index.php\/wp-json\/wp\/v2\/users\/1"}],"replies":[{"embeddable":true,"href":"https:\/\/necessities.info\/index.php\/wp-json\/wp\/v2\/comments?post=12266"}],"version-history":[{"count":1,"href":"https:\/\/necessities.info\/index.php\/wp-json\/wp\/v2\/posts\/12266\/revisions"}],"predecessor-version":[{"id":52252,"href":"https:\/\/necessities.info\/index.php\/wp-json\/wp\/v2\/posts\/12266\/revisions\/52252"}],"wp:featuredmedia":[{"embeddable":true,"href":"https:\/\/necessities.info\/index.php\/wp-json\/wp\/v2\/media\/35731"}],"wp:attachment":[{"href":"https:\/\/necessities.info\/index.php\/wp-json\/wp\/v2\/media?parent=12266"}],"wp:term":[{"taxonomy":"category","embeddable":true,"href":"https:\/\/necessities.info\/index.php\/wp-json\/wp\/v2\/categories?post=12266"},{"taxonomy":"post_tag","embeddable":true,"href":"https:\/\/necessities.info\/index.php\/wp-json\/wp\/v2\/tags?post=12266"}],"curies":[{"name":"wp","href":"https:\/\/api.w.org\/{rel}","templated":true}]}}