{"id":12681,"date":"2015-01-24T19:24:20","date_gmt":"2015-01-24T19:24:20","guid":{"rendered":"https:\/\/www.necessities.info\/?p=12681"},"modified":"2026-02-09T10:26:42","modified_gmt":"2026-02-09T09:26:42","slug":"fototriss-del-288-prickar","status":"publish","type":"post","link":"https:\/\/necessities.info\/index.php\/2015\/01\/24\/fototriss-del-288-prickar\/","title":{"rendered":"Fototriss del 288: Prickar"},"content":{"rendered":"<h3 class=\"post-title entry-title\"><span style=\"font-size: medium;\"> <a href=\"http:\/\/fototriss.blogspot.se\/2015\/01\/fototriss-del-288-prickar.html\" rel=\"noopener\"> Fototriss del 288: Prickar <\/a><\/span><\/h3>\n<p align=\"left\"><b>1.<\/b> Gillar de h\u00e4r julgranskulorna, men k\u00f6pte dem f\u00f6r att fylla dem med n\u00e5got.<\/p>\n<p align=\"center\"><a title=\"Fototriss del 288: Prickar by Ingalill Sj\u00f6gren, on Flickr\" href=\"https:\/\/www.flickr.com\/photos\/krakel\/16356164622\" rel=\"noopener\"> <img decoding=\"async\" class=\"aligncenter\" src=\"https:\/\/farm8.staticflickr.com\/7365\/16356164622_b51def2b2a.jpg\" alt=\"Fototriss del 288: Prickar\" width=\"803\" height=\"542\" border=\"0\" \/><\/a><\/p>\n<p align=\"left\"><b>2.<\/b> Jag brukar kolla igenom mjukisdjuren p\u00e5 RK n\u00e4r jag \u00e4r d\u00e4r, oftast \u00e4r det minimjukisar jag \u00e4r ute efter. Men den h\u00e4r kaninen \u00e4r bara f\u00f6r h\u00e4rlig. De brukar kosta 5 kr eller 10 kr<\/p>\n<p align=\"center\"><a title=\"Fototriss del 288: Prickar by Ingalill Sj\u00f6gren, on Flickr\" href=\"https:\/\/www.flickr.com\/photos\/krakel\/15734607694\" rel=\"noopener\"> <img decoding=\"async\" class=\"aligncenter\" src=\"https:\/\/farm8.staticflickr.com\/7417\/15734607694_4a2142b5b4.jpg\" alt=\"Fototriss del 288: Prickar\" width=\"800\" height=\"554\" border=\"0\" \/><\/a><\/p>\n<p align=\"left\"><b>3.<\/b> Min prickiga favorit gris, k\u00f6pt som juldekoration men \u00e4r uppe \u00e5ret runt.<\/p>\n<p align=\"center\"><a title=\"Fototriss del 288: Prickar by Ingalill Sj\u00f6gren, on Flickr\" href=\"https:\/\/www.flickr.com\/photos\/krakel\/16357035595\" rel=\"noopener\"> <img decoding=\"async\" class=\"aligncenter\" src=\"https:\/\/farm8.staticflickr.com\/7393\/16357035595_f9f18b3acb.jpg\" alt=\"Fototriss del 288: Prickar\" width=\"580\" height=\"910\" border=\"0\" \/><\/a><\/p>\n","protected":false},"excerpt":{"rendered":"<p>Fototriss del 288: Prickar 1. Gillar de h\u00e4r julgranskulorna, men k\u00f6pte dem f\u00f6r att fylla dem med n\u00e5got. 2. Jag brukar kolla igenom mjukisdjuren p\u00e5 RK n\u00e4r jag \u00e4r d\u00e4r, oftast \u00e4r det minimjukisar jag \u00e4r ute efter. Men den h\u00e4r kaninen \u00e4r bara f\u00f6r h\u00e4rlig. De brukar kosta 5 kr eller 10 kr 3. &#8230; <\/p>\n<p class=\"read-more-container\"><a title=\"Fototriss del 288: Prickar\" class=\"read-more button\" href=\"https:\/\/necessities.info\/index.php\/2015\/01\/24\/fototriss-del-288-prickar\/\" aria-label=\"L\u00e4s mer om Fototriss del 288: Prickar\">\u2665 L\u00e4s mer \u2665 <\/a><\/p>\n","protected":false},"author":1,"featured_media":35840,"comment_status":"open","ping_status":"open","sticky":false,"template":"","format":"standard","meta":{"advgb_blocks_editor_width":"","advgb_blocks_columns_visual_guide":"","footnotes":""},"categories":[4323],"tags":[6179],"class_list":["post-12681","post","type-post","status-publish","format-standard","has-post-thumbnail","hentry","category-fototriss","tag-fototriss-tisdagtema"],"author_meta":{"display_name":"Ingalill","author_link":"https:\/\/necessities.info\/author\/ingalill\/"},"featured_img":"https:\/\/necessities.info\/wp-content\/uploads\/2015\/01\/16356164622_b51def2b2a-300x203.jpg","jetpack_featured_media_url":"https:\/\/necessities.info\/wp-content\/uploads\/2015\/01\/16356164622_b51def2b2a.jpg","coauthors":[],"tax_additional":{"categories":{"linked":["<a href=\"https:\/\/necessities.info\/index.php\/category\/fototeman\/fototriss\/\" class=\"advgb-post-tax-term\">Fototriss \/ Tisdagtema<\/a>"],"unlinked":["<span class=\"advgb-post-tax-term\">Fototriss \/ Tisdagtema<\/span>"]},"tags":{"linked":["<a href=\"https:\/\/necessities.info\/index.php\/category\/fototeman\/fototriss\/\" class=\"advgb-post-tax-term\">Fototriss \/ Tisdagtema<\/a>"],"unlinked":["<span class=\"advgb-post-tax-term\">Fototriss \/ Tisdagtema<\/span>"]}},"comment_count":"2","relative_dates":{"created":"Publicerad 11 \u00e5r sedan","modified":"Uppdaterad 3 m\u00e5nader sedan"},"absolute_dates":{"created":"Publicerat den 24 januari 2015","modified":"Uppdaterad den 9 februari 2026"},"absolute_dates_time":{"created":"Publicerat den 24 januari 2015 19:24","modified":"Uppdaterad den 9 februari 2026 10:26"},"featured_img_caption":"","series_order":"","jetpack_likes_enabled":true,"_links":{"self":[{"href":"https:\/\/necessities.info\/index.php\/wp-json\/wp\/v2\/posts\/12681","targetHints":{"allow":["GET"]}}],"collection":[{"href":"https:\/\/necessities.info\/index.php\/wp-json\/wp\/v2\/posts"}],"about":[{"href":"https:\/\/necessities.info\/index.php\/wp-json\/wp\/v2\/types\/post"}],"author":[{"embeddable":true,"href":"https:\/\/necessities.info\/index.php\/wp-json\/wp\/v2\/users\/1"}],"replies":[{"embeddable":true,"href":"https:\/\/necessities.info\/index.php\/wp-json\/wp\/v2\/comments?post=12681"}],"version-history":[{"count":1,"href":"https:\/\/necessities.info\/index.php\/wp-json\/wp\/v2\/posts\/12681\/revisions"}],"predecessor-version":[{"id":52353,"href":"https:\/\/necessities.info\/index.php\/wp-json\/wp\/v2\/posts\/12681\/revisions\/52353"}],"wp:featuredmedia":[{"embeddable":true,"href":"https:\/\/necessities.info\/index.php\/wp-json\/wp\/v2\/media\/35840"}],"wp:attachment":[{"href":"https:\/\/necessities.info\/index.php\/wp-json\/wp\/v2\/media?parent=12681"}],"wp:term":[{"taxonomy":"category","embeddable":true,"href":"https:\/\/necessities.info\/index.php\/wp-json\/wp\/v2\/categories?post=12681"},{"taxonomy":"post_tag","embeddable":true,"href":"https:\/\/necessities.info\/index.php\/wp-json\/wp\/v2\/tags?post=12681"}],"curies":[{"name":"wp","href":"https:\/\/api.w.org\/{rel}","templated":true}]}}