{"id":12684,"date":"2015-01-25T16:36:45","date_gmt":"2015-01-25T16:36:45","guid":{"rendered":"https:\/\/www.necessities.info\/?p=12684"},"modified":"2026-02-09T13:30:19","modified_gmt":"2026-02-09T12:30:19","slug":"harlig-vinterdag-2","status":"publish","type":"post","link":"https:\/\/necessities.info\/index.php\/2015\/01\/25\/harlig-vinterdag-2\/","title":{"rendered":"H\u00e4rlig vinterdag"},"content":{"rendered":"<p align=\"center\">\u00a0<a title=\"Hagen by Ingalill Sj\u00f6gren, on Flickr\" href=\"https:\/\/www.flickr.com\/photos\/krakel\/16176871218\" rel=\"noopener\"><img decoding=\"async\" class=\"aligncenter\" src=\"https:\/\/farm9.staticflickr.com\/8571\/16176871218_1a217f32f8.jpg\" alt=\"Hagen\" width=\"808\" height=\"538\" border=\"0\" \/><\/a><\/p>\n<p align=\"left\">Underbar morgon och s\u00e5 h\u00e4rligt att se all sn\u00f6. Tror inte jag \u00e4r lika munter imorgon n\u00e4r jag skall k\u00f6ra runt p\u00e5 v\u00e4garna, men idag vill jag bara njuta av det fina vinter v\u00e4dret s\u00e5 f\u00e5r jag ta bekymret med halkan imorgon. Det var s\u00e5 kallt att linsen immade igen och gav ett mystiskt filter effekt. Hoppas det blir flera s\u00e5dana h\u00e4r dagar s\u00e5 det inte bara sm\u00e4lter och b\u00f6rjar regna igen.<\/p>\n<p align=\"center\"><a title=\"Hagen by Ingalill Sj\u00f6gren, on Flickr\" href=\"https:\/\/www.flickr.com\/photos\/krakel\/15744522283\" rel=\"noopener\"> <img decoding=\"async\" class=\"aligncenter\" src=\"https:\/\/farm8.staticflickr.com\/7317\/15744522283_ba1f40a0a4.jpg\" alt=\"Hagen\" width=\"752\" height=\"489\" border=\"0\" \/><\/a><\/p>\n<p align=\"left\">\u00c4ven mina klumpar njut av solen och jag gav dem h\u00f6et p\u00e5 utsidan s\u00e5 jag kunde st\u00e4da rent ordentligt i boxarna och kalka upp golvet. Ser att vi beh\u00f6ver cementera om det till sommaren igen och fixa till lite vid boxarna. Sen \u00e4r v\u00e4ggarna skitiga igen och det \u00e4r v\u00e4l den stora nackdelen med att anv\u00e4nda torv som b\u00e4dd. Det dammar bra n\u00e4r klumparna rumstera om i boxarna.<\/p>\n<p align=\"center\"><a title=\"Bellman o Beethoven by Ingalill Sj\u00f6gren, on Flickr\" href=\"https:\/\/www.flickr.com\/photos\/krakel\/16364473975\" rel=\"noopener\"> <img decoding=\"async\" class=\"aligncenter\" src=\"https:\/\/farm9.staticflickr.com\/8636\/16364473975_de996cc9d1.jpg\" alt=\"Bellman o Beethoven\" width=\"794\" height=\"520\" border=\"0\" \/><\/a><\/p>\n<p align=\"left\"><span class=\"Apple-style-span\">Jag passade p\u00e5 att ta av dem t\u00e4ckena s\u00e5 de kunde rulla runt i sn\u00f6n och bara njuta. Beethoven ser s\u00e5 rolig ut med sin mustasch och sk\u00e4gg och n\u00e4r man bara kollar p\u00e5 mulen s\u00e5 ser det ut som en d\u00f6skalle! Jag kanske skulle ha d\u00f6pt honom till Fantomen. Han har verkligen ett speciellt utseende.<\/span><\/p>\n<p align=\"center\"><a title=\"Beethoven o Bellman by Ingalill Sj\u00f6gren, on Flickr\" href=\"https:\/\/www.flickr.com\/photos\/krakel\/15742042504\" rel=\"noopener\"> <img decoding=\"async\" class=\"aligncenter\" src=\"https:\/\/farm8.staticflickr.com\/7325\/15742042504_9b66b19dbe.jpg\" alt=\"Beethoven o Bellman\" width=\"800\" height=\"610\" border=\"0\" \/><\/a><\/p>\n<p align=\"left\">Chillan fick g\u00e5 ut en liten stund i sn\u00f6n men det tyckte hon var vidrigt. Hon s\u00e5g f\u00f6r rolig ut n\u00e4r hon f\u00f6rs\u00f6kte undvika att s\u00e4tta ner tassarna. Till sist skrek hon bara och jag tog in henne igen, s\u00e5 10 minuter i sn\u00f6n och hon kanske lugnar ner sig med att f\u00f6rs\u00f6ka smita ut s\u00e5 fort n\u00e5gon kommer i d\u00f6rren. Fast s\u00e5 enveten som hon \u00e4r har hon garanterat gl\u00f6mt hut kallt det var och skall ut igen. Skall bli gott till v\u00e5ren n\u00e4r hon kommer att f\u00e5 g\u00e5 ut som hon vill.<\/p>\n<p align=\"center\"><a title=\"Chillan by Ingalill Sj\u00f6gren, on Flickr\" href=\"https:\/\/www.flickr.com\/photos\/krakel\/16338527666\" rel=\"noopener\"> <img decoding=\"async\" class=\"aligncenter\" src=\"https:\/\/farm8.staticflickr.com\/7416\/16338527666_bbf5800876.jpg\" alt=\"Chillan\" width=\"789\" height=\"507\" border=\"0\" \/><\/a><\/p>\n","protected":false},"excerpt":{"rendered":"<p>\u00a0 Underbar morgon och s\u00e5 h\u00e4rligt att se all sn\u00f6. Tror inte jag \u00e4r lika munter imorgon n\u00e4r jag skall k\u00f6ra runt p\u00e5 v\u00e4garna, men idag vill jag bara njuta av det fina vinter v\u00e4dret s\u00e5 f\u00e5r jag ta bekymret med halkan imorgon. Det var s\u00e5 kallt att linsen immade igen och gav ett mystiskt &#8230; <\/p>\n<p class=\"read-more-container\"><a title=\"H\u00e4rlig vinterdag\" class=\"read-more button\" href=\"https:\/\/necessities.info\/index.php\/2015\/01\/25\/harlig-vinterdag-2\/\" aria-label=\"L\u00e4s mer om H\u00e4rlig vinterdag\">\u2665 L\u00e4s mer \u2665 <\/a><\/p>\n","protected":false},"author":1,"featured_media":33362,"comment_status":"open","ping_status":"open","sticky":false,"template":"","format":"standard","meta":{"advgb_blocks_editor_width":"","advgb_blocks_columns_visual_guide":"","footnotes":""},"categories":[4325],"tags":[1472,1789,4231],"class_list":["post-12684","post","type-post","status-publish","format-standard","has-post-thumbnail","hentry","category-hastarna","tag-hastarna-2","tag-kallt","tag-vinter"],"author_meta":{"display_name":"Ingalill","author_link":"https:\/\/necessities.info\/author\/ingalill\/"},"featured_img":"https:\/\/necessities.info\/wp-content\/uploads\/2015\/01\/16176871218_1a217f32f8-300x200.jpg","jetpack_featured_media_url":"https:\/\/necessities.info\/wp-content\/uploads\/2015\/01\/16176871218_1a217f32f8.jpg","coauthors":[],"tax_additional":{"categories":{"linked":["<a href=\"https:\/\/necessities.info\/index.php\/category\/djuren-blandat\/hastarna\/\" class=\"advgb-post-tax-term\">H\u00e4starna<\/a>"],"unlinked":["<span class=\"advgb-post-tax-term\">H\u00e4starna<\/span>"]},"tags":{"linked":["<a href=\"https:\/\/necessities.info\/index.php\/category\/djuren-blandat\/hastarna\/\" class=\"advgb-post-tax-term\">h\u00e4starna<\/a>","<a href=\"https:\/\/necessities.info\/index.php\/category\/djuren-blandat\/hastarna\/\" class=\"advgb-post-tax-term\">kallt<\/a>","<a href=\"https:\/\/necessities.info\/index.php\/category\/djuren-blandat\/hastarna\/\" class=\"advgb-post-tax-term\">vinter<\/a>"],"unlinked":["<span class=\"advgb-post-tax-term\">h\u00e4starna<\/span>","<span class=\"advgb-post-tax-term\">kallt<\/span>","<span class=\"advgb-post-tax-term\">vinter<\/span>"]}},"comment_count":"3","relative_dates":{"created":"Publicerad 11 \u00e5r sedan","modified":"Uppdaterad 3 m\u00e5nader sedan"},"absolute_dates":{"created":"Publicerat den 25 januari 2015","modified":"Uppdaterad den 9 februari 2026"},"absolute_dates_time":{"created":"Publicerat den 25 januari 2015 16:36","modified":"Uppdaterad den 9 februari 2026 13:30"},"featured_img_caption":"","series_order":"","jetpack_likes_enabled":true,"_links":{"self":[{"href":"https:\/\/necessities.info\/index.php\/wp-json\/wp\/v2\/posts\/12684","targetHints":{"allow":["GET"]}}],"collection":[{"href":"https:\/\/necessities.info\/index.php\/wp-json\/wp\/v2\/posts"}],"about":[{"href":"https:\/\/necessities.info\/index.php\/wp-json\/wp\/v2\/types\/post"}],"author":[{"embeddable":true,"href":"https:\/\/necessities.info\/index.php\/wp-json\/wp\/v2\/users\/1"}],"replies":[{"embeddable":true,"href":"https:\/\/necessities.info\/index.php\/wp-json\/wp\/v2\/comments?post=12684"}],"version-history":[{"count":1,"href":"https:\/\/necessities.info\/index.php\/wp-json\/wp\/v2\/posts\/12684\/revisions"}],"predecessor-version":[{"id":52965,"href":"https:\/\/necessities.info\/index.php\/wp-json\/wp\/v2\/posts\/12684\/revisions\/52965"}],"wp:featuredmedia":[{"embeddable":true,"href":"https:\/\/necessities.info\/index.php\/wp-json\/wp\/v2\/media\/33362"}],"wp:attachment":[{"href":"https:\/\/necessities.info\/index.php\/wp-json\/wp\/v2\/media?parent=12684"}],"wp:term":[{"taxonomy":"category","embeddable":true,"href":"https:\/\/necessities.info\/index.php\/wp-json\/wp\/v2\/categories?post=12684"},{"taxonomy":"post_tag","embeddable":true,"href":"https:\/\/necessities.info\/index.php\/wp-json\/wp\/v2\/tags?post=12684"}],"curies":[{"name":"wp","href":"https:\/\/api.w.org\/{rel}","templated":true}]}}