{"id":12688,"date":"2015-02-01T10:06:32","date_gmt":"2015-02-01T10:06:32","guid":{"rendered":"https:\/\/www.necessities.info\/?p=12688"},"modified":"2026-02-09T10:26:27","modified_gmt":"2026-02-09T09:26:27","slug":"fototriss-del-289-b-som-i","status":"publish","type":"post","link":"https:\/\/necessities.info\/index.php\/2015\/02\/01\/fototriss-del-289-b-som-i\/","title":{"rendered":"Fototriss del 289: B som i&#8230;"},"content":{"rendered":"<h3 class=\"post-title entry-title\"><span style=\"font-size: medium;\"><a href=\"http:\/\/fototriss.blogspot.se\/2015\/01\/fototriss-del-289-b-som-i.html\" rel=\"noopener\">Fototriss del 289: B som i&#8230;<\/a><\/span><\/h3>\n<p align=\"left\"><b>1.<\/b> Chillan som <b>B<\/b>usar<\/p>\n<p align=\"center\"><a title=\"Fototriss del 289: B som i... by Ingalill Sj\u00f6gren, on Flickr\" href=\"https:\/\/www.flickr.com\/photos\/krakel\/16416043902\" rel=\"noopener\"> <img decoding=\"async\" class=\"aligncenter\" src=\"https:\/\/farm8.staticflickr.com\/7405\/16416043902_4755067b32.jpg\" alt=\"Fototriss del 289: B som i...\" width=\"804\" height=\"648\" border=\"0\" \/><\/a><\/p>\n<p align=\"left\"><b>2.<\/b> Min korn<b>b<\/b>l\u00e5a flaska jag fann ute i hagen n\u00e4r jag rensade.<\/p>\n<p align=\"center\"><a title=\"Fototriss del 289: B som i... by Ingalill Sj\u00f6gren, on Flickr\" href=\"https:\/\/www.flickr.com\/photos\/krakel\/16230752879\" rel=\"noopener\"> <img decoding=\"async\" class=\"aligncenter\" src=\"https:\/\/farm8.staticflickr.com\/7294\/16230752879_6c5c7ce442.jpg\" alt=\"Fototriss del 289: B som i...\" width=\"794\" height=\"516\" border=\"0\" \/><\/a><\/p>\n<p align=\"left\"><b>3.<\/b> En kvargl\u00f6md ljus<b>b<\/b>l\u00e5 hink.<\/p>\n<p align=\"center\"><a title=\"Fototriss del 289: B som i... by Ingalill Sj\u00f6gren, on Flickr\" href=\"https:\/\/www.flickr.com\/photos\/krakel\/16415210661\" rel=\"noopener\"> <img decoding=\"async\" class=\"aligncenter\" src=\"https:\/\/farm9.staticflickr.com\/8633\/16415210661_b8cd11d27d.jpg\" alt=\"Fototriss del 289: B som i...\" width=\"799\" height=\"532\" border=\"0\" \/><\/a><\/p>\n","protected":false},"excerpt":{"rendered":"<p>Fototriss del 289: B som i&#8230; 1. Chillan som Busar 2. Min kornbl\u00e5a flaska jag fann ute i hagen n\u00e4r jag rensade. 3. En kvargl\u00f6md ljusbl\u00e5 hink.<\/p>\n","protected":false},"author":1,"featured_media":35838,"comment_status":"open","ping_status":"open","sticky":false,"template":"","format":"standard","meta":{"advgb_blocks_editor_width":"","advgb_blocks_columns_visual_guide":"","footnotes":""},"categories":[4323],"tags":[619,6179],"class_list":["post-12688","post","type-post","status-publish","format-standard","has-post-thumbnail","hentry","category-fototriss","tag-chillan","tag-fototriss-tisdagtema"],"author_meta":{"display_name":"Ingalill","author_link":"https:\/\/necessities.info\/author\/ingalill\/"},"featured_img":"https:\/\/necessities.info\/wp-content\/uploads\/2015\/02\/16416043902_4755067b32-300x242.jpg","jetpack_featured_media_url":"https:\/\/necessities.info\/wp-content\/uploads\/2015\/02\/16416043902_4755067b32.jpg","coauthors":[],"tax_additional":{"categories":{"linked":["<a href=\"https:\/\/necessities.info\/index.php\/category\/fototeman\/fototriss\/\" class=\"advgb-post-tax-term\">Fototriss \/ Tisdagtema<\/a>"],"unlinked":["<span class=\"advgb-post-tax-term\">Fototriss \/ Tisdagtema<\/span>"]},"tags":{"linked":["<a href=\"https:\/\/necessities.info\/index.php\/category\/fototeman\/fototriss\/\" class=\"advgb-post-tax-term\">Chillan<\/a>","<a href=\"https:\/\/necessities.info\/index.php\/category\/fototeman\/fototriss\/\" class=\"advgb-post-tax-term\">Fototriss \/ Tisdagtema<\/a>"],"unlinked":["<span class=\"advgb-post-tax-term\">Chillan<\/span>","<span class=\"advgb-post-tax-term\">Fototriss \/ Tisdagtema<\/span>"]}},"comment_count":"0","relative_dates":{"created":"Publicerad 11 \u00e5r sedan","modified":"Uppdaterad 3 m\u00e5nader sedan"},"absolute_dates":{"created":"Publicerat den 1 februari 2015","modified":"Uppdaterad den 9 februari 2026"},"absolute_dates_time":{"created":"Publicerat den 1 februari 2015 10:06","modified":"Uppdaterad den 9 februari 2026 10:26"},"featured_img_caption":"","series_order":"","jetpack_likes_enabled":true,"_links":{"self":[{"href":"https:\/\/necessities.info\/index.php\/wp-json\/wp\/v2\/posts\/12688","targetHints":{"allow":["GET"]}}],"collection":[{"href":"https:\/\/necessities.info\/index.php\/wp-json\/wp\/v2\/posts"}],"about":[{"href":"https:\/\/necessities.info\/index.php\/wp-json\/wp\/v2\/types\/post"}],"author":[{"embeddable":true,"href":"https:\/\/necessities.info\/index.php\/wp-json\/wp\/v2\/users\/1"}],"replies":[{"embeddable":true,"href":"https:\/\/necessities.info\/index.php\/wp-json\/wp\/v2\/comments?post=12688"}],"version-history":[{"count":1,"href":"https:\/\/necessities.info\/index.php\/wp-json\/wp\/v2\/posts\/12688\/revisions"}],"predecessor-version":[{"id":52352,"href":"https:\/\/necessities.info\/index.php\/wp-json\/wp\/v2\/posts\/12688\/revisions\/52352"}],"wp:featuredmedia":[{"embeddable":true,"href":"https:\/\/necessities.info\/index.php\/wp-json\/wp\/v2\/media\/35838"}],"wp:attachment":[{"href":"https:\/\/necessities.info\/index.php\/wp-json\/wp\/v2\/media?parent=12688"}],"wp:term":[{"taxonomy":"category","embeddable":true,"href":"https:\/\/necessities.info\/index.php\/wp-json\/wp\/v2\/categories?post=12688"},{"taxonomy":"post_tag","embeddable":true,"href":"https:\/\/necessities.info\/index.php\/wp-json\/wp\/v2\/tags?post=12688"}],"curies":[{"name":"wp","href":"https:\/\/api.w.org\/{rel}","templated":true}]}}