{"id":12693,"date":"2015-03-04T22:07:12","date_gmt":"2015-03-04T22:07:12","guid":{"rendered":"https:\/\/www.necessities.info\/?p=12693"},"modified":"2026-02-10T11:49:31","modified_gmt":"2026-02-10T10:49:31","slug":"en-dag-pa-kontoret","status":"publish","type":"post","link":"https:\/\/necessities.info\/index.php\/2015\/03\/04\/en-dag-pa-kontoret\/","title":{"rendered":"En dag p\u00e5 kontoret!"},"content":{"rendered":"<p align=\"center\"><a title=\"G\u00f6teborg by Ingalill Sj\u00f6gren, on Flickr\" href=\"https:\/\/www.flickr.com\/photos\/krakel\/16529907948\" rel=\"noopener\"> <img decoding=\"async\" class=\"aligncenter\" src=\"https:\/\/farm9.staticflickr.com\/8677\/16529907948_d097b8111e.jpg\" alt=\"G\u00f6teborg\" width=\"801\" height=\"601\" border=\"0\" \/><\/a><\/p>\n<p align=\"left\">Idag tog jag med min kamera till jobbet och kommer nog att forts\u00e4tta med det \u00e4ven om det k\u00e4nns som jag har tillr\u00e4ckligt med jox att sl\u00e4pa p\u00e5. Men jag har s\u00e5 varierande st\u00e4llen och det dyker alltid upp n\u00e5got att fotografera. Visserligen \u00e4r min mobil kanon att fota med, smidigt som attan men jag saknar att fotografera med min kamera. S\u00e5 idag hade jag riktigt roligt och det blev en himla massa bilder. F\u00f6rs\u00f6kt att l\u00e4gga upp s\u00e5 lite som m\u00f6jligt men det blev en hel del iallafall.<\/p>\n<p align=\"center\"><a title=\"K\u00e4llare by Ingalill Sj\u00f6gren, on Flickr\" href=\"https:\/\/www.flickr.com\/photos\/krakel\/16510202967\" rel=\"noopener\"> <img decoding=\"async\" class=\"aligncenter\" src=\"https:\/\/farm9.staticflickr.com\/8661\/16510202967_91e06195fe.jpg\" alt=\"K\u00e4llare\" width=\"807\" height=\"605\" border=\"0\" \/><\/a><\/p>\n<p>S\u00e5 idag b\u00f6rjade jobbet mitt i G\u00f6teborg och p\u00e5 en riktigt gammal fastighet. Det roligaste var n\u00e4r jag fick den h\u00e4r st\u00e4dningen och testade varenda d\u00f6rr innan jag fann st\u00e4dutrustningen och kunde b\u00f6ra jobba. Vissa d\u00f6rrar skulle definitivt inte \u00f6ppnas och det \u00e4r tur att jag inte bekymrar mig s\u00e5 mycket om skumma k\u00e4llare och kusliga vindar, f\u00f6r det har de gott om p\u00e5 det h\u00e4r f\u00f6retaget. Sedan b\u00f6rjar det bli riktigt kul att se s\u00e5 mycket av G\u00f6teborg.<\/p>\n<p align=\"center\"><a title=\"Trapphus by Ingalill Sj\u00f6gren, on Flickr\" href=\"https:\/\/www.flickr.com\/photos\/krakel\/16531354629\" rel=\"noopener\"> <img decoding=\"async\" class=\"aligncenter\" src=\"https:\/\/farm9.staticflickr.com\/8595\/16531354629_7eb63f8d23.jpg\" alt=\"Trapphus\" width=\"801\" height=\"601\" border=\"0\" \/><\/a><\/p>\n<p align=\"left\"><span class=\"Apple-style-span\">Just de h\u00e4r trapporna ligger kloss intill min favo trappa och de har samma m\u00f6nster i de stora trapphusen. Sedan har jag sett samma statyer lite varstans i G\u00f6teborg s\u00e5 de byggnaderna m\u00e5ste ha byggts samtidigt och ha n\u00e5got gemensamt. Jag t\u00e4nkte s\u00e4tta mig n\u00e5gon dag och se om jag kan hitta n\u00e5gon information p\u00e5 n\u00e4tet, de m\u00e5ste ju vara samma arkitekt som varit inblandad. De \u00e4r otroligt pampiga \u00e4ven om trapporna \u00e4r fulla av h\u00e5l och trappstegen lutar bra p\u00e5 sina st\u00e4llen.<\/span><\/p>\n<p align=\"center\"><a title=\"Trapphus by Ingalill Sj\u00f6gren, on Flickr\" href=\"https:\/\/www.flickr.com\/photos\/krakel\/16716205931\" rel=\"noopener\"> <img decoding=\"async\" class=\"aligncenter\" src=\"https:\/\/farm9.staticflickr.com\/8568\/16716205931_c320b62054.jpg\" alt=\"Trapphus\" width=\"801\" height=\"601\" border=\"0\" \/><\/a><\/p>\n<p align=\"left\">Andra stoppet var i G\u00e5rda och en helt annan typ av st\u00e4dning. Jag har b\u00f6rjat gilla att ha den i mitten varje dag \u00e4ven om jag kan \u00e4ndra runt den under dagen. Det \u00e4r en 50 + boende med en byggnad som vunnit priser \u00f6ver designen och hur v\u00e4lordnat det \u00e4r. Det fins restaurang, bibliotek med film visning, salonger, gym, pingis, biljard, fris\u00f6r, fotv\u00e5rd, sjukgymnastik m.m. Hela huset g\u00e5r som ett u med Torne<\/p>\n<p align=\"left\">huset som centrumplats.<\/p>\n<p align=\"center\"><a title=\"G\u00e5rda by Ingalill Sj\u00f6gren, on Flickr\" href=\"https:\/\/www.flickr.com\/photos\/krakel\/16716405952\" rel=\"noopener\"> <img decoding=\"async\" class=\"aligncenter\" src=\"https:\/\/farm9.staticflickr.com\/8601\/16716405952_1bb73f0588.jpg\" alt=\"G\u00e5rda\" width=\"804\" height=\"603\" border=\"0\" \/><\/a><\/p>\n<p align=\"left\">Idag tog jag extra i g\u00e4stmatsalen och putsade d\u00f6rrarna lite v\u00e4l intensivt s\u00e5 en siffra for av. H\u00e4r \u00e4r betydligt lugnare \u00e4ven om det \u00e4r mycket att g\u00f6ra. Jag \u00e4r h\u00e4r 3 timmar varje dag och har f\u00e5tt bra flyt i hur jag smartast kan dela upp st\u00e4dningen. Sedan h\u00e4nder det alltid n\u00e5got eftersom det \u00e4r s\u00e5 stort och det \u00e4r gott att Mari som sitter i receptionen hj\u00e4lper till att h\u00e5lla koll n\u00e4r det varit \u00f6vernattningsg\u00e4ster i g\u00e4strummen eller fest i salongerna. Det \u00e4r ett hus med mycket aktiviteter som man f\u00e5r h\u00e5lla koll p\u00e5. V\u00e4ldigt trevliga och pratglada hyresg\u00e4ster som \u00e4r m\u00e5na om att man skall trivas och att allt g\u00e5r smidigt.<\/p>\n<p align=\"center\"><a title=\"K\u00f6k by Ingalill Sj\u00f6gren, on Flickr\" href=\"https:\/\/www.flickr.com\/photos\/krakel\/16529906768\" rel=\"noopener\"> <img decoding=\"async\" class=\"aligncenter\" src=\"https:\/\/farm9.staticflickr.com\/8675\/16529906768_44443920cc.jpg\" alt=\"K\u00f6k\" width=\"804\" height=\"603\" border=\"0\" \/><\/a><\/p>\n<p align=\"left\">Det \u00e4r en stor marmorg\u00e5ng med sittplatser vid varje trapphus med tv\u00e4ttstugor, toaletter och f\u00f6rr\u00e5d.\u00a0 Himla gott nu n\u00e4r det varit kallt att slippa g\u00e5 ut mellan trapphusen. S\u00e5 har jag blivit lite kall p\u00e5 de andra trapporna s\u00e5 \u00e4r det ju kanon att komma hit och g\u00e5 runt i v\u00e4rmen. Sedan jobbar Christer h\u00e4r som vaktm\u00e4stare s\u00e5 blir det fel n\u00e5gonstans \u00e4r det bara att h\u00e4mta honom. Han \u00e4r en riktig glad prick som \u00e4lskar att hitta p\u00e5 hyss. Idag sneak han l\u00e4ngs v\u00e4ggen och h\u00f6ll p\u00e5 att skr\u00e4mma slag p\u00e5 mig n\u00e4r jag damms\u00f6g alla mattor.<\/p>\n<p align=\"center\"><a title=\"T- H by Ingalill Sj\u00f6gren, on Flickr\" href=\"https:\/\/www.flickr.com\/photos\/krakel\/16510202857\" rel=\"noopener\"> <img decoding=\"async\" class=\"aligncenter\" src=\"https:\/\/farm9.staticflickr.com\/8663\/16510202857_5e0907c096.jpg\" alt=\"T- H\" width=\"808\" height=\"606\" border=\"0\" \/><\/a><\/p>\n<p align=\"left\">Sista anhalten denna dag blev Hisingen och en riktigt stor bostadsf\u00f6rening s\u00e5 jag\u00c2\u00a0 f\u00e5r forts\u00e4tta d\u00e4r \u00e4ven imorgon. Ligger v\u00e4ldigt vackert vid \u00e5n och \u00e4r egentligen v\u00e4ldigt fin, men jag gillar de gamla trapphusen b\u00e4st \u00e4ven om de oftast saknar hiss och har gamla smala k\u00f6kstrappor som extra trappa. Men idag var det lite soligt s\u00e5 jag kunde sitta vid vattnet och k\u00e4ka lunch. K\u00f6pte givetvis kryddstark mat och gl\u00f6mde drickan. Men hallondonutsen var vr\u00e5l goda s\u00e5 det kompenserade upp att jag missat drickan.<\/p>\n<p align=\"center\"><a title=\"Hisingen by Ingalill Sj\u00f6gren, on Flickr\" href=\"https:\/\/www.flickr.com\/photos\/krakel\/16097527543\" rel=\"noopener\"> <img decoding=\"async\" class=\"aligncenter\" src=\"https:\/\/farm9.staticflickr.com\/8580\/16097527543_6b06bd9714.jpg\" alt=\"Hisingen\" width=\"801\" height=\"601\" border=\"0\" \/><\/a><\/p>\n<p align=\"left\">Den trappuppg\u00e5ngen som har 10 v\u00e5ningar har en vidunderlig utsikt \u00f6ver Hisingen s\u00e5 d\u00e4r tog jag en del kort. Det blir lite lugnare st\u00e4dning h\u00e4r imorgon s\u00e5 jag skall passa p\u00e5 att ta v\u00e4ggar och speglar lite extra. Jag brukar f\u00f6rs\u00f6ka g\u00f6ra s\u00e5 mycket f\u00f6rsta dagen s\u00e5 kan man ha dag tv\u00e5 till att plocka fimpar och kolla s\u00e5 det ser fr\u00e4scht ut. Denna st\u00e4dningen \u00e4r v\u00e4l lite sm\u00e5tung eftersom trapporna \u00e4r ganska skarpt vridna s\u00e5 det k\u00e4nns ganska omg\u00e5ende i ryggen och h\u00f6fterna. Men jag trivs b\u00e4ttre med att g\u00e5 runt s\u00e5 h\u00e4r \u00e4n att vara p\u00e5 ett st\u00e4lle.<\/p>\n<p align=\"center\"><a title=\"Hisingen by Ingalill Sj\u00f6gren, on Flickr\" href=\"https:\/\/www.flickr.com\/photos\/krakel\/16529907298\" rel=\"noopener\"> <img decoding=\"async\" class=\"aligncenter\" src=\"https:\/\/farm9.staticflickr.com\/8598\/16529907298_79b0ddeedc.jpg\" alt=\"Hisingen\" width=\"640\" height=\"375\" border=\"0\" \/><\/a><\/p>\n","protected":false},"excerpt":{"rendered":"<p>Idag tog jag med min kamera till jobbet och kommer nog att forts\u00e4tta med det \u00e4ven om det k\u00e4nns som jag har tillr\u00e4ckligt med jox att sl\u00e4pa p\u00e5. Men jag har s\u00e5 varierande st\u00e4llen och det dyker alltid upp n\u00e5got att fotografera. Visserligen \u00e4r min mobil kanon att fota med, smidigt som attan men jag &#8230; <\/p>\n<p class=\"read-more-container\"><a title=\"En dag p\u00e5 kontoret!\" class=\"read-more button\" href=\"https:\/\/necessities.info\/index.php\/2015\/03\/04\/en-dag-pa-kontoret\/\" aria-label=\"L\u00e4s mer om En dag p\u00e5 kontoret!\">\u2665 L\u00e4s mer \u2665 <\/a><\/p>\n","protected":false},"author":1,"featured_media":33691,"comment_status":"open","ping_status":"open","sticky":false,"template":"","format":"standard","meta":{"advgb_blocks_editor_width":"","advgb_blocks_columns_visual_guide":"","footnotes":""},"categories":[4327],"tags":[1717],"class_list":["post-12693","post","type-post","status-publish","format-standard","has-post-thumbnail","hentry","category-jobb","tag-jobb"],"author_meta":{"display_name":"Ingalill","author_link":"https:\/\/necessities.info\/author\/ingalill\/"},"featured_img":"https:\/\/necessities.info\/wp-content\/uploads\/2015\/03\/16529907948_d097b8111e-300x225.jpg","jetpack_featured_media_url":"https:\/\/necessities.info\/wp-content\/uploads\/2015\/03\/16529907948_d097b8111e.jpg","coauthors":[],"tax_additional":{"categories":{"linked":["<a href=\"https:\/\/necessities.info\/index.php\/category\/smatt-o-gott\/jobb\/\" class=\"advgb-post-tax-term\">jobb<\/a>"],"unlinked":["<span class=\"advgb-post-tax-term\">jobb<\/span>"]},"tags":{"linked":["<a href=\"https:\/\/necessities.info\/index.php\/category\/smatt-o-gott\/jobb\/\" class=\"advgb-post-tax-term\">jobb<\/a>"],"unlinked":["<span class=\"advgb-post-tax-term\">jobb<\/span>"]}},"comment_count":"2","relative_dates":{"created":"Publicerad 11 \u00e5r sedan","modified":"Uppdaterad 3 m\u00e5nader sedan"},"absolute_dates":{"created":"Publicerat den 4 mars 2015","modified":"Uppdaterad den 10 februari 2026"},"absolute_dates_time":{"created":"Publicerat den 4 mars 2015 22:07","modified":"Uppdaterad den 10 februari 2026 11:49"},"featured_img_caption":"","series_order":"","jetpack_likes_enabled":true,"_links":{"self":[{"href":"https:\/\/necessities.info\/index.php\/wp-json\/wp\/v2\/posts\/12693","targetHints":{"allow":["GET"]}}],"collection":[{"href":"https:\/\/necessities.info\/index.php\/wp-json\/wp\/v2\/posts"}],"about":[{"href":"https:\/\/necessities.info\/index.php\/wp-json\/wp\/v2\/types\/post"}],"author":[{"embeddable":true,"href":"https:\/\/necessities.info\/index.php\/wp-json\/wp\/v2\/users\/1"}],"replies":[{"embeddable":true,"href":"https:\/\/necessities.info\/index.php\/wp-json\/wp\/v2\/comments?post=12693"}],"version-history":[{"count":1,"href":"https:\/\/necessities.info\/index.php\/wp-json\/wp\/v2\/posts\/12693\/revisions"}],"predecessor-version":[{"id":53925,"href":"https:\/\/necessities.info\/index.php\/wp-json\/wp\/v2\/posts\/12693\/revisions\/53925"}],"wp:featuredmedia":[{"embeddable":true,"href":"https:\/\/necessities.info\/index.php\/wp-json\/wp\/v2\/media\/33691"}],"wp:attachment":[{"href":"https:\/\/necessities.info\/index.php\/wp-json\/wp\/v2\/media?parent=12693"}],"wp:term":[{"taxonomy":"category","embeddable":true,"href":"https:\/\/necessities.info\/index.php\/wp-json\/wp\/v2\/categories?post=12693"},{"taxonomy":"post_tag","embeddable":true,"href":"https:\/\/necessities.info\/index.php\/wp-json\/wp\/v2\/tags?post=12693"}],"curies":[{"name":"wp","href":"https:\/\/api.w.org\/{rel}","templated":true}]}}