{"id":12698,"date":"2015-06-05T21:36:15","date_gmt":"2015-06-05T21:36:15","guid":{"rendered":"https:\/\/www.necessities.info\/?p=12698"},"modified":"2026-02-10T16:57:03","modified_gmt":"2026-02-10T15:57:03","slug":"stora-o-turen","status":"publish","type":"post","link":"https:\/\/necessities.info\/index.php\/2015\/06\/05\/stora-o-turen\/","title":{"rendered":"Stora \u00d6 &#8211; Turen"},"content":{"rendered":"<p align=\"center\"><a title=\"Page1 by Ingalill Sj\u00f6gren, on Flickr\" href=\"https:\/\/www.flickr.com\/photos\/krakel\/18503313891\" rel=\"noopener\"> <img decoding=\"async\" class=\"aligncenter\" src=\"https:\/\/c1.staticflickr.com\/1\/346\/18503313891_3b147c5754.jpg\" alt=\"Page1\" width=\"802\" height=\"624\" border=\"0\" \/><\/a><\/p>\n<p>Idag gjorde vi en heldags utflykt runt hela \u00f6n. F\u00f6rsta stopet var \u00f6ns st\u00f6rsta te fabrik Cha Gorreana. Jag blev lite frustrerad p\u00e5 en del av gubbarna! Skulle fotografera! Vips s\u00e5 stod d\u00e4r en gubbe, flyttade de p\u00e5 sig s\u00e5 att andra kom \u00e5t att fotografera? Nope! Det blev djungelns lag och de slutade med att de tittade surt p\u00e5 mig n\u00e4r jag kn\u00f6dde mig f\u00f6rst ut och fram till alt s\u00e5 det fick v\u00e4nta tills jag var klar. Men sen blev de tr\u00f6ttare alt eftersom timmarna gick s\u00e5 de fl\u00f6t p\u00e5 fint och alla kunde fotografera utan st\u00f6rande objekt i f\u00f6rgrunden.<\/p>\n<p align=\"center\"><a title=\"052 by Ingalill Sj\u00f6gren, on Flickr\" href=\"https:\/\/www.flickr.com\/photos\/krakel\/18313472958\" rel=\"noopener\"> <img decoding=\"async\" class=\"aligncenter\" src=\"https:\/\/c1.staticflickr.com\/1\/360\/18313472958_223b8a401f.jpg\" alt=\"052\" width=\"803\" height=\"540\" border=\"0\" \/><\/a><\/p>\n<p>Gubben k\u00f6pte te glass och det var klart bland det \u00e4ckligaste jag har smakat. Sabba glass p\u00e5 det viset! Vi k\u00f6pte lite olika Lik\u00f6rer som var j\u00e4tte goda d\u00e4remot. Mj\u00f6lk Lik\u00f6r &#8211; Mums!<\/p>\n<p align=\"center\"><a title=\"060 by Ingalill Sj\u00f6gren, on Flickr\" href=\"https:\/\/www.flickr.com\/photos\/krakel\/18496879852\" rel=\"noopener\"> <img decoding=\"async\" class=\"aligncenter\" src=\"https:\/\/c1.staticflickr.com\/1\/471\/18496879852_eda17d421b.jpg\" alt=\"060\" width=\"802\" height=\"534\" border=\"0\" \/><\/a><\/p>\n<p>Sen stannade vi p\u00e5 Pico Do Ferro, en utsiktspunkt \u00f6ver krateromr\u00e5det Furnas med sina rykande k\u00e4llor och sin gr\u00f6na sj\u00f6. S\u00e5 himla m\u00e4ktigt att se. Verkligen skiftande natur och vackra rastplatser som lokalbefolkningen \u00e5ker med sina familjer till f\u00f6r att grilla och umg\u00e5s. De l\u00e4gger verkligen ner massa arbeten med blomster arrangemang och att det skall vara rent och snyggt.<\/p>\n<p align=\"center\"><a title=\"20150605_111625 by Ingalill Sj\u00f6gren, on Flickr\" href=\"https:\/\/www.flickr.com\/photos\/krakel\/18313449678\" rel=\"noopener\"><img decoding=\"async\" class=\"aligncenter\" src=\"https:\/\/c1.staticflickr.com\/1\/451\/18313449678_6fbfbec1ee.jpg\" alt=\"20150605_111625\" width=\"802\" height=\"451\" border=\"0\" \/><\/a><\/p>\n<p>Sedan bar det av till Pvoacao d\u00e4r vi \u00e5t en god lunch. Vi tog oss en promenad i byn medan resten av g\u00e4nget v\u00e4ntade p\u00e5 kakor och kaffe. Det var bara en fr\u00e5n Norrk\u00f6ping som rekade f\u00f6r eventuell pension\u00e4r flytt. Han tyckte att svenska v\u00e4dret k\u00f6rde ner en till fotkn\u00f6larna. Han tyckte det var viktigt att h\u00e5lla dr\u00f6mmarna vid liv \u00e4ven om det kanske aldrig blir av. Vi k\u00e4nde igen hans iver och energi fr\u00e5n v\u00e5r Italien resa d\u00e5 vi kollade runt i samma syfte.<\/p>\n<p align=\"center\"><a title=\"069 by Ingalill Sj\u00f6gren, on Flickr\" href=\"https:\/\/www.flickr.com\/photos\/krakel\/18503117011\" rel=\"noopener\"> <img decoding=\"async\" class=\"aligncenter\" src=\"https:\/\/c1.staticflickr.com\/1\/461\/18503117011_33ecb95a21.jpg\" alt=\"069\" width=\"801\" height=\"534\" border=\"0\" \/><\/a><\/p>\n<p>Efter lunchen stannade vi vid 2 rastplatser med vidunderlig utsikt och massa h\u00e4rliga blommor att titta p\u00e5. D\u00e4r kom nog v\u00e4rldens lataste bonde som vallade ner sina kor p\u00e5 v\u00e4gen med bilen. buss chauff\u00f6ren blev inte speciellt glad eftersom de inte skall valla djuren mitt p\u00e5 dagen utan g\u00f6ra det p\u00e5 kv\u00e4llen d\u00e5 det \u00e4r minst trafik. Men vi tyckte det var kul att titta p\u00e5 \ud83d\ude42<\/p>\n<p align=\"center\"><a title=\"144 by Ingalill Sj\u00f6gren, on Flickr\" href=\"https:\/\/www.flickr.com\/photos\/krakel\/18496866512\" rel=\"noopener\"> <img decoding=\"async\" class=\"aligncenter\" src=\"https:\/\/c1.staticflickr.com\/1\/331\/18496866512_b5b22aeab6.jpg\" alt=\"144\" width=\"805\" height=\"578\" border=\"0\" \/><\/a><\/p>\n<p>Sista stoppet var vid flera vattenfall och en gammal kvarn. Otroligt mycket att se p\u00e5 idag och kameran har g\u00e5tt varm. Hoppas det blir lika fr\u00e4ckt imorgon och att v\u00e4dret blir kanon.<\/p>\n<p align=\"center\"><a title=\"172 by Ingalill Sj\u00f6gren, on Flickr\" href=\"https:\/\/www.flickr.com\/photos\/krakel\/18474810916\" rel=\"noopener\"> <img decoding=\"async\" class=\"aligncenter\" src=\"https:\/\/c1.staticflickr.com\/1\/262\/18474810916_4f6f5c3195.jpg\" alt=\"172\" width=\"599\" height=\"897\" border=\"0\" \/><\/a><\/p>\n","protected":false},"excerpt":{"rendered":"<p>Idag gjorde vi en heldags utflykt runt hela \u00f6n. F\u00f6rsta stopet var \u00f6ns st\u00f6rsta te fabrik Cha Gorreana. Jag blev lite frustrerad p\u00e5 en del av gubbarna! Skulle fotografera! Vips s\u00e5 stod d\u00e4r en gubbe, flyttade de p\u00e5 sig s\u00e5 att andra kom \u00e5t att fotografera? Nope! Det blev djungelns lag och de slutade med &#8230; <\/p>\n<p class=\"read-more-container\"><a title=\"Stora \u00d6 &#8211; Turen\" class=\"read-more button\" href=\"https:\/\/necessities.info\/index.php\/2015\/06\/05\/stora-o-turen\/\" aria-label=\"L\u00e4s mer om Stora \u00d6 &#8211; Turen\">\u2665 L\u00e4s mer \u2665 <\/a><\/p>\n","protected":false},"author":1,"featured_media":34506,"comment_status":"open","ping_status":"open","sticky":false,"template":"","format":"standard","meta":{"advgb_blocks_editor_width":"","advgb_blocks_columns_visual_guide":"","footnotes":""},"categories":[4331],"tags":[2840],"class_list":["post-12698","post","type-post","status-publish","format-standard","has-post-thumbnail","hentry","category-resor","tag-portugal"],"author_meta":{"display_name":"Ingalill","author_link":"https:\/\/necessities.info\/author\/ingalill\/"},"featured_img":"https:\/\/necessities.info\/wp-content\/uploads\/2015\/06\/18503313891_3b147c5754-300x233.jpg","jetpack_featured_media_url":"https:\/\/necessities.info\/wp-content\/uploads\/2015\/06\/18503313891_3b147c5754.jpg","coauthors":[],"tax_additional":{"categories":{"linked":["<a href=\"https:\/\/necessities.info\/index.php\/category\/resor\/\" class=\"advgb-post-tax-term\">Resor<\/a>"],"unlinked":["<span class=\"advgb-post-tax-term\">Resor<\/span>"]},"tags":{"linked":["<a href=\"https:\/\/necessities.info\/index.php\/category\/resor\/\" class=\"advgb-post-tax-term\">Portugal<\/a>"],"unlinked":["<span class=\"advgb-post-tax-term\">Portugal<\/span>"]}},"comment_count":"0","relative_dates":{"created":"Publicerad 11 \u00e5r sedan","modified":"Uppdaterad 2 m\u00e5nader sedan"},"absolute_dates":{"created":"Publicerat den 5 juni 2015","modified":"Uppdaterad den 10 februari 2026"},"absolute_dates_time":{"created":"Publicerat den 5 juni 2015 21:36","modified":"Uppdaterad den 10 februari 2026 16:57"},"featured_img_caption":"","series_order":"","jetpack_likes_enabled":true,"_links":{"self":[{"href":"https:\/\/necessities.info\/index.php\/wp-json\/wp\/v2\/posts\/12698","targetHints":{"allow":["GET"]}}],"collection":[{"href":"https:\/\/necessities.info\/index.php\/wp-json\/wp\/v2\/posts"}],"about":[{"href":"https:\/\/necessities.info\/index.php\/wp-json\/wp\/v2\/types\/post"}],"author":[{"embeddable":true,"href":"https:\/\/necessities.info\/index.php\/wp-json\/wp\/v2\/users\/1"}],"replies":[{"embeddable":true,"href":"https:\/\/necessities.info\/index.php\/wp-json\/wp\/v2\/comments?post=12698"}],"version-history":[{"count":1,"href":"https:\/\/necessities.info\/index.php\/wp-json\/wp\/v2\/posts\/12698\/revisions"}],"predecessor-version":[{"id":54225,"href":"https:\/\/necessities.info\/index.php\/wp-json\/wp\/v2\/posts\/12698\/revisions\/54225"}],"wp:featuredmedia":[{"embeddable":true,"href":"https:\/\/necessities.info\/index.php\/wp-json\/wp\/v2\/media\/34506"}],"wp:attachment":[{"href":"https:\/\/necessities.info\/index.php\/wp-json\/wp\/v2\/media?parent=12698"}],"wp:term":[{"taxonomy":"category","embeddable":true,"href":"https:\/\/necessities.info\/index.php\/wp-json\/wp\/v2\/categories?post=12698"},{"taxonomy":"post_tag","embeddable":true,"href":"https:\/\/necessities.info\/index.php\/wp-json\/wp\/v2\/tags?post=12698"}],"curies":[{"name":"wp","href":"https:\/\/api.w.org\/{rel}","templated":true}]}}