{"id":12701,"date":"2015-06-07T19:16:30","date_gmt":"2015-06-07T19:16:30","guid":{"rendered":"https:\/\/www.necessities.info\/?p=12701"},"modified":"2026-02-10T16:56:43","modified_gmt":"2026-02-10T15:56:43","slug":"furnas-kallorna","status":"publish","type":"post","link":"https:\/\/necessities.info\/index.php\/2015\/06\/07\/furnas-kallorna\/","title":{"rendered":"Furnas k\u00e4llorna"},"content":{"rendered":"\n<a data-flickr-embed=\"true\" href=\"https:\/\/www.flickr.com\/photos\/krakel\/18571105276\/in\/album-72157651756466293\" title=\"002\" rel=\"noopener\"><img decoding=\"async\" src=\"https:\/\/live.staticflickr.com\/350\/18571105276_4e901be54e_c.jpg\" width=\"800\" height=\"587\" alt=\"002\"\/><\/a><script async src=\"\/\/embedr.flickr.com\/assets\/client-code.js\" charset=\"utf-8\"><\/script>\n\n\n\n<p>Utflykten idag bar av mot en stor vulkankrater med en sj\u00f6 i mitten, d\u00e4r fans \u00e4ven en massa varma k\u00e4llor. Men f\u00f6rst bes\u00f6kte vi en forskningsanl\u00e4ggning som arbetar med att f\u00f6rb\u00e4ttra milj\u00f6n i sj\u00f6n eftersom den \u00e4r s\u00e5 extremt \u00f6verg\u00f6dd. Men de f\u00f6rs\u00f6ker \u00e4ven f\u00f6rb\u00e4ttra och r\u00e4dda floran f\u00f6r \u00f6vrigt. Intressant att se vilket enormt jobb de l\u00e4gger ner att dokumentera vilka arter som \u00e4r utrotade och hur de skall f\u00f6rs\u00f6ka f\u00e5 tillbaka de in i milj\u00f6n.<\/p>\n\n\n\n<a data-flickr-embed=\"true\" href=\"https:\/\/www.flickr.com\/photos\/krakel\/18411321259\/in\/album-72157651756466293\" title=\"020\" rel=\"noopener\"><img decoding=\"async\" src=\"https:\/\/live.staticflickr.com\/498\/18411321259_7066b16e9f_c.jpg\" width=\"800\" height=\"533\" alt=\"020\"\/><\/a><script async src=\"\/\/embedr.flickr.com\/assets\/client-code.js\" charset=\"utf-8\"><\/script>\n\n\n\n<p>Sedan gick vi runt bland de varma k\u00e4llorna och provsmakade vattnet som inneh\u00f6ll olika mineraler, det smakade mest som gammalt vichyvatten. I en av k\u00e4llorna l\u00e5g det massa plastp\u00e5sar och vi trodde f\u00f6rst att det var skr\u00e4p! men det var n\u00e5gra av byborna som till lagade sin majs, d\u00e4r av s\u00e4ckarna.<\/p>\n\n\n\n<a data-flickr-embed=\"true\" href=\"https:\/\/www.flickr.com\/photos\/krakel\/18409728028\/in\/album-72157651756466293\" title=\"034\" rel=\"noopener\"><img decoding=\"async\" src=\"https:\/\/live.staticflickr.com\/389\/18409728028_e976e4ce43_c.jpg\" width=\"800\" height=\"582\" alt=\"034\"\/><\/a><script async src=\"\/\/embedr.flickr.com\/assets\/client-code.js\" charset=\"utf-8\"><\/script>\n\n\n\n<p>Det roligaste p\u00e5 turen var n\u00e4r vi badade i det 35 gradiga vattnet och folk skojade om att de inte k\u00e4nde igen varandra eftersom de nu hade blivit s\u00e5 unga. Badade man i k\u00e4llaren s\u00e5 skulle man bli minst 10 \u00e5r yngre. S\u00e5 resten av turen sprang vi runt p\u00e5 spenstiga ben. Nej men \u00e4rligt! Det var vr\u00e5l gott att simma runt i det varma vattnet. Man skulle ha m\u00f6rk bad dr\u00e4ckt eftersom det var s\u00e5 mycket j\u00e4rn i vattnet att den f\u00e4rgade kl\u00e4derna.<\/p>\n\n\n\n<a data-flickr-embed=\"true\" href=\"https:\/\/www.flickr.com\/photos\/krakel\/18571095816\/in\/album-72157651756466293\" title=\"058\" rel=\"noopener\"><img decoding=\"async\" src=\"https:\/\/live.staticflickr.com\/383\/18571095816_bbd44d6476_c.jpg\" width=\"800\" height=\"533\" alt=\"058\"\/><\/a><script async src=\"\/\/embedr.flickr.com\/assets\/client-code.js\" charset=\"utf-8\"><\/script>\n\n\n\n<a data-flickr-embed=\"true\" href=\"https:\/\/www.flickr.com\/photos\/krakel\/18409884770\/in\/album-72157651756466293\" title=\"063\" rel=\"noopener\"><img decoding=\"async\" src=\"https:\/\/live.staticflickr.com\/366\/18409884770_4685f2b9fd_c.jpg\" width=\"800\" height=\"533\" alt=\"063\"\/><\/a><script async src=\"\/\/embedr.flickr.com\/assets\/client-code.js\" charset=\"utf-8\"><\/script>\n\n\n\n<p>Lunchen sedan bestod av mat lagad i en underjordisk k\u00e4llare och hade puttrat i 6 timmar. J\u00e4ttegott och inneh\u00f6ll olika k\u00f6tt och gr\u00f6nsakssorter. Det var en lokal speciallite. <\/p>\n\n\n\n<a data-flickr-embed=\"true\" href=\"https:\/\/www.flickr.com\/photos\/krakel\/17976895663\/in\/album-72157651756466293\" title=\"20150607_133510\" rel=\"noopener\"><img decoding=\"async\" src=\"https:\/\/live.staticflickr.com\/487\/17976895663_1e8a16223a_c.jpg\" width=\"800\" height=\"450\" alt=\"20150607_133510\"\/><\/a><script async src=\"\/\/embedr.flickr.com\/assets\/client-code.js\" charset=\"utf-8\"><\/script>\n\n\n\n<p>M\u00e4tta och bel\u00e5tna vandrade vi sedan runt i den vackra Terra Nostra Parken, d\u00e4r hade vi beh\u00f6vt mera timmar.<\/p>\n\n\n\n<a data-flickr-embed=\"true\" href=\"https:\/\/www.flickr.com\/photos\/krakel\/17974897024\/in\/album-72157651756466293\" title=\"116\" rel=\"noopener\"><img decoding=\"async\" src=\"https:\/\/live.staticflickr.com\/309\/17974897024_a5049efde5_c.jpg\" width=\"800\" height=\"533\" alt=\"116\"\/><\/a><script async src=\"\/\/embedr.flickr.com\/assets\/client-code.js\" charset=\"utf-8\"><\/script>\n","protected":false},"excerpt":{"rendered":"<p>Utflykten idag bar av mot en stor vulkankrater med en sj\u00f6 i mitten, d\u00e4r fans \u00e4ven en massa varma k\u00e4llor. Men f\u00f6rst bes\u00f6kte vi en forskningsanl\u00e4ggning som arbetar med att f\u00f6rb\u00e4ttra milj\u00f6n i sj\u00f6n eftersom den \u00e4r s\u00e5 extremt \u00f6verg\u00f6dd. Men de f\u00f6rs\u00f6ker \u00e4ven f\u00f6rb\u00e4ttra och r\u00e4dda floran f\u00f6r \u00f6vrigt. Intressant att se vilket enormt &#8230; <\/p>\n<p class=\"read-more-container\"><a title=\"Furnas k\u00e4llorna\" class=\"read-more button\" href=\"https:\/\/necessities.info\/index.php\/2015\/06\/07\/furnas-kallorna\/\" aria-label=\"L\u00e4s mer om Furnas k\u00e4llorna\">\u2665 L\u00e4s mer \u2665 <\/a><\/p>\n","protected":false},"author":1,"featured_media":34511,"comment_status":"open","ping_status":"open","sticky":false,"template":"","format":"standard","meta":{"advgb_blocks_editor_width":"","advgb_blocks_columns_visual_guide":"","footnotes":""},"categories":[4331],"tags":[2840],"class_list":["post-12701","post","type-post","status-publish","format-standard","has-post-thumbnail","hentry","category-resor","tag-portugal"],"author_meta":{"display_name":"Ingalill","author_link":"https:\/\/necessities.info\/author\/ingalill\/"},"featured_img":"https:\/\/necessities.info\/wp-content\/uploads\/2015\/06\/002-300x220.jpg","jetpack_featured_media_url":"https:\/\/necessities.info\/wp-content\/uploads\/2015\/06\/002.jpg","coauthors":[],"tax_additional":{"categories":{"linked":["<a href=\"https:\/\/necessities.info\/index.php\/category\/resor\/\" class=\"advgb-post-tax-term\">Resor<\/a>"],"unlinked":["<span class=\"advgb-post-tax-term\">Resor<\/span>"]},"tags":{"linked":["<a href=\"https:\/\/necessities.info\/index.php\/category\/resor\/\" class=\"advgb-post-tax-term\">Portugal<\/a>"],"unlinked":["<span class=\"advgb-post-tax-term\">Portugal<\/span>"]}},"comment_count":"0","relative_dates":{"created":"Publicerad 11 \u00e5r sedan","modified":"Uppdaterad 3 m\u00e5nader sedan"},"absolute_dates":{"created":"Publicerat den 7 juni 2015","modified":"Uppdaterad den 10 februari 2026"},"absolute_dates_time":{"created":"Publicerat den 7 juni 2015 19:16","modified":"Uppdaterad den 10 februari 2026 16:56"},"featured_img_caption":"","series_order":"","jetpack_likes_enabled":true,"_links":{"self":[{"href":"https:\/\/necessities.info\/index.php\/wp-json\/wp\/v2\/posts\/12701","targetHints":{"allow":["GET"]}}],"collection":[{"href":"https:\/\/necessities.info\/index.php\/wp-json\/wp\/v2\/posts"}],"about":[{"href":"https:\/\/necessities.info\/index.php\/wp-json\/wp\/v2\/types\/post"}],"author":[{"embeddable":true,"href":"https:\/\/necessities.info\/index.php\/wp-json\/wp\/v2\/users\/1"}],"replies":[{"embeddable":true,"href":"https:\/\/necessities.info\/index.php\/wp-json\/wp\/v2\/comments?post=12701"}],"version-history":[{"count":2,"href":"https:\/\/necessities.info\/index.php\/wp-json\/wp\/v2\/posts\/12701\/revisions"}],"predecessor-version":[{"id":49244,"href":"https:\/\/necessities.info\/index.php\/wp-json\/wp\/v2\/posts\/12701\/revisions\/49244"}],"wp:featuredmedia":[{"embeddable":true,"href":"https:\/\/necessities.info\/index.php\/wp-json\/wp\/v2\/media\/34511"}],"wp:attachment":[{"href":"https:\/\/necessities.info\/index.php\/wp-json\/wp\/v2\/media?parent=12701"}],"wp:term":[{"taxonomy":"category","embeddable":true,"href":"https:\/\/necessities.info\/index.php\/wp-json\/wp\/v2\/categories?post=12701"},{"taxonomy":"post_tag","embeddable":true,"href":"https:\/\/necessities.info\/index.php\/wp-json\/wp\/v2\/tags?post=12701"}],"curies":[{"name":"wp","href":"https:\/\/api.w.org\/{rel}","templated":true}]}}