{"id":135,"date":"2007-07-24T15:24:50","date_gmt":"2007-07-24T13:24:50","guid":{"rendered":"https:\/\/www.necessities.info\/archives\/147-guid.html"},"modified":"2026-02-09T10:59:35","modified_gmt":"2026-02-09T09:59:35","slug":"varme","status":"publish","type":"post","link":"https:\/\/necessities.info\/index.php\/2007\/07\/24\/varme\/","title":{"rendered":"V\u00e4rme"},"content":{"rendered":"<p><span style=\"color: #000080;\"><strong>Tisdagstema: V\u00e4rme <\/strong><\/span>Claes-Olof och jag var ute i regnet och drog ny el tr\u00e5d f\u00f6r h\u00e4starna. Gr\u00e4set var s\u00e5 h\u00f6gt att vi blev genom bl\u00f6ta upp till kn\u00e4na och skorna skall vi bara inte prata om. N\u00e4r vi var klara s\u00e5 fikade vi p\u00e5 uteplatsen och min gubbe kramade infrav\u00e4rmen. Den \u00e4r verkligen guld v\u00e4rd n\u00e4r det \u00e4r kallt ute. S\u00e5 h\u00e4r \u00e4r ett lite collage av v\u00e4rme.<\/p>\n<p style=\"text-align: center;\"><img decoding=\"async\" class=\"wp-image-30332 aligncenter\" src=\"https:\/\/necessities.info\/wp-content\/uploads\/2007\/07\/Page1-300x225.jpeg\" alt=\"\" width=\"791\" height=\"593\" srcset=\"https:\/\/necessities.info\/wp-content\/uploads\/2007\/07\/Page1-300x225.jpeg 300w, https:\/\/necessities.info\/wp-content\/uploads\/2007\/07\/Page1-768x576.jpeg 768w, https:\/\/necessities.info\/wp-content\/uploads\/2007\/07\/Page1.jpeg 800w\" sizes=\"(max-width: 791px) 100vw, 791px\" \/><\/p>\n","protected":false},"excerpt":{"rendered":"<p>Tisdagstema: V\u00e4rme Claes-Olof och jag var ute i regnet och drog ny el tr\u00e5d f\u00f6r h\u00e4starna. Gr\u00e4set var s\u00e5 h\u00f6gt att vi blev genom bl\u00f6ta upp till kn\u00e4na och skorna skall vi bara inte prata om. N\u00e4r vi var klara s\u00e5 fikade vi p\u00e5 uteplatsen och min gubbe kramade infrav\u00e4rmen. Den \u00e4r verkligen guld v\u00e4rd &#8230; <\/p>\n<p class=\"read-more-container\"><a title=\"V\u00e4rme\" class=\"read-more button\" href=\"https:\/\/necessities.info\/index.php\/2007\/07\/24\/varme\/\" aria-label=\"L\u00e4s mer om V\u00e4rme\">\u2665 L\u00e4s mer \u2665 <\/a><\/p>\n","protected":false},"author":1,"featured_media":30332,"comment_status":"open","ping_status":"open","sticky":false,"template":"","format":"standard","meta":{"advgb_blocks_editor_width":"","advgb_blocks_columns_visual_guide":"","footnotes":""},"categories":[4323],"tags":[6179],"class_list":["post-135","post","type-post","status-publish","format-standard","has-post-thumbnail","hentry","category-fototriss","tag-fototriss-tisdagtema"],"author_meta":{"display_name":"Ingalill","author_link":"https:\/\/necessities.info\/author\/ingalill\/"},"featured_img":"https:\/\/necessities.info\/wp-content\/uploads\/2007\/07\/Page1-300x225.jpeg","jetpack_featured_media_url":"https:\/\/necessities.info\/wp-content\/uploads\/2007\/07\/Page1.jpeg","coauthors":[],"tax_additional":{"categories":{"linked":["<a href=\"https:\/\/necessities.info\/index.php\/category\/fototeman\/fototriss\/\" class=\"advgb-post-tax-term\">Fototriss \/ Tisdagtema<\/a>"],"unlinked":["<span class=\"advgb-post-tax-term\">Fototriss \/ Tisdagtema<\/span>"]},"tags":{"linked":["<a href=\"https:\/\/necessities.info\/index.php\/category\/fototeman\/fototriss\/\" class=\"advgb-post-tax-term\">Fototriss \/ Tisdagtema<\/a>"],"unlinked":["<span class=\"advgb-post-tax-term\">Fototriss \/ Tisdagtema<\/span>"]}},"comment_count":"0","relative_dates":{"created":"Publicerad 19 \u00e5r sedan","modified":"Uppdaterad 3 m\u00e5nader sedan"},"absolute_dates":{"created":"Publicerat den 24 juli 2007","modified":"Uppdaterad den 9 februari 2026"},"absolute_dates_time":{"created":"Publicerat den 24 juli 2007 15:24","modified":"Uppdaterad den 9 februari 2026 10:59"},"featured_img_caption":"","series_order":"","jetpack_likes_enabled":true,"_links":{"self":[{"href":"https:\/\/necessities.info\/index.php\/wp-json\/wp\/v2\/posts\/135","targetHints":{"allow":["GET"]}}],"collection":[{"href":"https:\/\/necessities.info\/index.php\/wp-json\/wp\/v2\/posts"}],"about":[{"href":"https:\/\/necessities.info\/index.php\/wp-json\/wp\/v2\/types\/post"}],"author":[{"embeddable":true,"href":"https:\/\/necessities.info\/index.php\/wp-json\/wp\/v2\/users\/1"}],"replies":[{"embeddable":true,"href":"https:\/\/necessities.info\/index.php\/wp-json\/wp\/v2\/comments?post=135"}],"version-history":[{"count":1,"href":"https:\/\/necessities.info\/index.php\/wp-json\/wp\/v2\/posts\/135\/revisions"}],"predecessor-version":[{"id":52474,"href":"https:\/\/necessities.info\/index.php\/wp-json\/wp\/v2\/posts\/135\/revisions\/52474"}],"wp:featuredmedia":[{"embeddable":true,"href":"https:\/\/necessities.info\/index.php\/wp-json\/wp\/v2\/media\/30332"}],"wp:attachment":[{"href":"https:\/\/necessities.info\/index.php\/wp-json\/wp\/v2\/media?parent=135"}],"wp:term":[{"taxonomy":"category","embeddable":true,"href":"https:\/\/necessities.info\/index.php\/wp-json\/wp\/v2\/categories?post=135"},{"taxonomy":"post_tag","embeddable":true,"href":"https:\/\/necessities.info\/index.php\/wp-json\/wp\/v2\/tags?post=135"}],"curies":[{"name":"wp","href":"https:\/\/api.w.org\/{rel}","templated":true}]}}