{"id":136,"date":"2007-07-26T01:39:37","date_gmt":"2007-07-26T01:39:37","guid":{"rendered":"https:\/\/www.necessities.info\/archives\/149-guid.html"},"modified":"2026-02-10T11:24:59","modified_gmt":"2026-02-10T10:24:59","slug":"liseberg","status":"publish","type":"post","link":"https:\/\/necessities.info\/index.php\/2007\/07\/26\/liseberg\/","title":{"rendered":"Liseberg"},"content":{"rendered":"<p>K\u00e4rringtr\u00e4ff i g\u00e5r och det var Elvys tur att best\u00e4mma, s\u00e5 det blev Liseberg. Den f\u00f6rsta fina dagen p\u00e5 l\u00e4nge och det m\u00e4rktes direkt n\u00e4r vi kom till Liseberg. Det var fullsmockat med folk och k\u00f6erna var upp\u00e5t 40 minuter och \u00f6ver p\u00e5 en del attraktioner. Patric f\u00f6ljde med oss idag och fick k\u00f6a bra l\u00e4nge, tur att han har en \u00e4ngels t\u00e5lamod. Patric storebro Fredric har kommit i den \u00e5ldern att k\u00e4rrintr\u00e4ffar och s\u00e5dant \u00e4r pinsamt och det h\u00e5ller man sig s\u00e5 l\u00e5ngt bort det bara g\u00e5r. Synd f\u00f6r han missade en riktigt fin dag p\u00e5 Liseberg . Det Patric absolut ville g\u00e5 in i var spelhallen d\u00e4r han spelade mot Elvy och Rosa. Han vann klart \u00f6verl\u00e4gset, fast jag f\u00e5r erk\u00e4nna att Elvy s\u00e5g lite rolig ut n\u00e4r hon spelade med en hand och h\u00f6ll stenh\u00e5rt i kameran med den andra. Sedan begav vi oss till Colorado d\u00e4r k\u00f6n var enorm, jag och Elvy to kort p\u00e5 olika attraktioner s\u00e5 l\u00e4nge medan Rosa och Patric stod i k\u00f6n men jag blev lite fundersam n\u00e4r jag s\u00e5g tre s\u00e4kerhetsvakter g\u00e5 bort till Colorado. N\u00e4r vi kom fram stod b\u00e5tarna stilla och ingen k\u00f6. Vi hade enats om att m\u00f6tas vid spegelhallen men lyckades g\u00e5 om varandra i alla fall. Det blev till att g\u00e5 runt och leta efter Rosa och Patric.<\/p>\n<p style=\"text-align: center;\"><img decoding=\"async\" class=\"aligncenter wp-image-30337 size-full\" src=\"https:\/\/necessities.info\/wp-content\/uploads\/2007\/07\/lisl1.jpg\" alt=\"\" width=\"800\" height=\"600\" srcset=\"https:\/\/necessities.info\/wp-content\/uploads\/2007\/07\/lisl1.jpg 800w, https:\/\/necessities.info\/wp-content\/uploads\/2007\/07\/lisl1-300x225.jpg 300w, https:\/\/necessities.info\/wp-content\/uploads\/2007\/07\/lisl1-768x576.jpg 768w\" sizes=\"(max-width: 800px) 100vw, 800px\" \/><\/p>\n<p>N\u00e4r vi till sist fann varandra s\u00e5 bj\u00f6d Rosa p\u00e5 kaffe och Patric p\u00e5 vindruvor. Det k\u00e4ndes helt suver\u00e4nt att f\u00e5 sitta ner och bara ta det lugnt en stund. Patrick ber\u00e4ttade med f\u00f6rtjusning att han hade sett font\u00e4nen spruta i takt med musiken. Precis n\u00e4r han ber\u00e4ttat f\u00e4rdigt s\u00e5 satte font\u00e4nen i g\u00e5ng igen och det var v\u00e4ldigt l\u00e4ckert att se vattenstr\u00e5larna spruta i takt med musiken. Patric gick och k\u00f6pte sig sockervadd, det var det b\u00e4sta jag visste med Liseberg n\u00e4r jag var liten. Det gick absolut inte att ha varit p\u00e5 Liseberg utan att ha k\u00f6pt det, nuf\u00f6rtiden tycker jag det \u00e4r lite v\u00e4l kladdigt och kan vara utan. Men en liten smakbit tog jag allt.<\/p>\n<p style=\"text-align: center;\"><img decoding=\"async\" class=\"aligncenter wp-image-30338 size-full\" src=\"https:\/\/necessities.info\/wp-content\/uploads\/2007\/07\/lis2.jpg\" alt=\"\" width=\"800\" height=\"600\" srcset=\"https:\/\/necessities.info\/wp-content\/uploads\/2007\/07\/lis2.jpg 800w, https:\/\/necessities.info\/wp-content\/uploads\/2007\/07\/lis2-300x225.jpg 300w, https:\/\/necessities.info\/wp-content\/uploads\/2007\/07\/lis2-768x576.jpg 768w\" sizes=\"(max-width: 800px) 100vw, 800px\" \/><\/p>\n<p>Vi fortsatte att g\u00e5 runt och Patric \u00e5kte Nyckelpigan och b\u00e5tarna, jag passade p\u00e5 att fotografera blommor och byggnader. Barbados skulle upptr\u00e4da vid dansbanan och vi t\u00e4nkte att lite av k\u00f6erna kanske skulle mattas ner, men ack vad vi bedrog oss. Det verkade bara komma mer och mer folk . V\u00e4dret h\u00f6ll sig kanon hela tiden s\u00e5 det var bara till att passa p\u00e5 och njuta.<\/p>\n<p style=\"text-align: center;\"><img decoding=\"async\" class=\"aligncenter wp-image-30339 size-full\" src=\"https:\/\/necessities.info\/wp-content\/uploads\/2007\/07\/lis3.jpg\" alt=\"\" width=\"800\" height=\"600\" srcset=\"https:\/\/necessities.info\/wp-content\/uploads\/2007\/07\/lis3.jpg 800w, https:\/\/necessities.info\/wp-content\/uploads\/2007\/07\/lis3-300x225.jpg 300w, https:\/\/necessities.info\/wp-content\/uploads\/2007\/07\/lis3-768x576.jpg 768w\" sizes=\"(max-width: 800px) 100vw, 800px\" \/><\/p>\n<p>Kolla in Rosas min i ett hav av godis. Skyltf\u00f6nstret s\u00e5g s\u00e5 l\u00e4ckert ut att jag bara var tvungen att ta kort medan Rosa handlade. Sm\u00e5butikerna \u00e4r s\u00e5 fint ordnade och de har lagt ner mycket energi p\u00e5 att dekorera f\u00f6nstren. Det var s\u00e5 packat med folk att jag v\u00e4ntade p\u00e5 utsidan, funderar att bes\u00f6ka Liseberg igen n\u00e4r skolorna har b\u00f6rjat eller vid jul. Jag missade jul marknaden f\u00f6rra \u00e5ret s\u00e5 Elvy tyckte att vi gott kunde ta en k\u00e4rringonsdag till det.<\/p>\n<p style=\"text-align: center;\"><img decoding=\"async\" class=\"aligncenter wp-image-30340 size-full\" src=\"https:\/\/necessities.info\/wp-content\/uploads\/2007\/07\/lis4.jpg\" alt=\"\" width=\"800\" height=\"600\" srcset=\"https:\/\/necessities.info\/wp-content\/uploads\/2007\/07\/lis4.jpg 800w, https:\/\/necessities.info\/wp-content\/uploads\/2007\/07\/lis4-300x225.jpg 300w, https:\/\/necessities.info\/wp-content\/uploads\/2007\/07\/lis4-768x576.jpg 768w\" sizes=\"(max-width: 800px) 100vw, 800px\" \/><\/p>\n<p>Vi gick upp och tittade en stund innan vi besl\u00f6t oss f\u00f6r att g\u00e5 hem. Elvys minneskort hade blivit fullt nu igen s\u00e5 jag lovade att ta ett par kort p\u00e5 Carl-Einar H\u00e4ckner innan vi begav oss hem\u00e5t. K\u00e4ndes lite dumt att bara ta ett par kort och sedan g\u00e5, han \u00e4r ruskigt rolig att se p\u00e5 men parkeringstiden b\u00f6rjade ta slut och b\u00f6ter \u00e4r det sista vi ville ha. Vi sv\u00e4ngde in och tog oss en hamburgare p\u00e5 hemv\u00e4gen, vi var vr\u00e5lhungriga hela h\u00f6gen. Jag har haft det j\u00e4tteroligt idag.<\/p>\n","protected":false},"excerpt":{"rendered":"<p>K\u00e4rringtr\u00e4ff i g\u00e5r och det var Elvys tur att best\u00e4mma, s\u00e5 det blev Liseberg. Den f\u00f6rsta fina dagen p\u00e5 l\u00e4nge och det m\u00e4rktes direkt n\u00e4r vi kom till Liseberg. Det var fullsmockat med folk och k\u00f6erna var upp\u00e5t 40 minuter och \u00f6ver p\u00e5 en del attraktioner. Patric f\u00f6ljde med oss idag och fick k\u00f6a bra &#8230; <\/p>\n<p class=\"read-more-container\"><a title=\"Liseberg\" class=\"read-more button\" href=\"https:\/\/necessities.info\/index.php\/2007\/07\/26\/liseberg\/\" aria-label=\"L\u00e4s mer om Liseberg\">\u2665 L\u00e4s mer \u2665 <\/a><\/p>\n","protected":false},"author":1,"featured_media":30337,"comment_status":"open","ping_status":"open","sticky":false,"template":"","format":"standard","meta":{"advgb_blocks_editor_width":"","advgb_blocks_columns_visual_guide":"","footnotes":""},"categories":[4328],"tags":[1815,4056],"class_list":["post-136","post","type-post","status-publish","format-standard","has-post-thumbnail","hentry","category-karringonsdag","tag-karringonsdag-2","tag-utflykt"],"author_meta":{"display_name":"Ingalill","author_link":"https:\/\/necessities.info\/author\/ingalill\/"},"featured_img":"https:\/\/necessities.info\/wp-content\/uploads\/2007\/07\/lisl1-300x225.jpg","jetpack_featured_media_url":"https:\/\/necessities.info\/wp-content\/uploads\/2007\/07\/lisl1.jpg","coauthors":[],"tax_additional":{"categories":{"linked":["<a href=\"https:\/\/necessities.info\/index.php\/category\/smatt-o-gott\/karringonsdag\/\" class=\"advgb-post-tax-term\">K\u00e4rringonsdag<\/a>"],"unlinked":["<span class=\"advgb-post-tax-term\">K\u00e4rringonsdag<\/span>"]},"tags":{"linked":["<a href=\"https:\/\/necessities.info\/index.php\/category\/smatt-o-gott\/karringonsdag\/\" class=\"advgb-post-tax-term\">k\u00e4rringonsdag<\/a>","<a href=\"https:\/\/necessities.info\/index.php\/category\/smatt-o-gott\/karringonsdag\/\" class=\"advgb-post-tax-term\">utflykt<\/a>"],"unlinked":["<span class=\"advgb-post-tax-term\">k\u00e4rringonsdag<\/span>","<span class=\"advgb-post-tax-term\">utflykt<\/span>"]}},"comment_count":"0","relative_dates":{"created":"Publicerad 19 \u00e5r sedan","modified":"Uppdaterad 3 m\u00e5nader sedan"},"absolute_dates":{"created":"Publicerat den 26 juli 2007","modified":"Uppdaterad den 10 februari 2026"},"absolute_dates_time":{"created":"Publicerat den 26 juli 2007 01:39","modified":"Uppdaterad den 10 februari 2026 11:24"},"featured_img_caption":"","series_order":"","jetpack_likes_enabled":true,"_links":{"self":[{"href":"https:\/\/necessities.info\/index.php\/wp-json\/wp\/v2\/posts\/136","targetHints":{"allow":["GET"]}}],"collection":[{"href":"https:\/\/necessities.info\/index.php\/wp-json\/wp\/v2\/posts"}],"about":[{"href":"https:\/\/necessities.info\/index.php\/wp-json\/wp\/v2\/types\/post"}],"author":[{"embeddable":true,"href":"https:\/\/necessities.info\/index.php\/wp-json\/wp\/v2\/users\/1"}],"replies":[{"embeddable":true,"href":"https:\/\/necessities.info\/index.php\/wp-json\/wp\/v2\/comments?post=136"}],"version-history":[{"count":1,"href":"https:\/\/necessities.info\/index.php\/wp-json\/wp\/v2\/posts\/136\/revisions"}],"predecessor-version":[{"id":53864,"href":"https:\/\/necessities.info\/index.php\/wp-json\/wp\/v2\/posts\/136\/revisions\/53864"}],"wp:featuredmedia":[{"embeddable":true,"href":"https:\/\/necessities.info\/index.php\/wp-json\/wp\/v2\/media\/30337"}],"wp:attachment":[{"href":"https:\/\/necessities.info\/index.php\/wp-json\/wp\/v2\/media?parent=136"}],"wp:term":[{"taxonomy":"category","embeddable":true,"href":"https:\/\/necessities.info\/index.php\/wp-json\/wp\/v2\/categories?post=136"},{"taxonomy":"post_tag","embeddable":true,"href":"https:\/\/necessities.info\/index.php\/wp-json\/wp\/v2\/tags?post=136"}],"curies":[{"name":"wp","href":"https:\/\/api.w.org\/{rel}","templated":true}]}}