{"id":144,"date":"2007-08-08T20:54:20","date_gmt":"2007-08-08T20:54:20","guid":{"rendered":"https:\/\/www.necessities.info\/archives\/157-guid.html"},"modified":"2026-02-10T11:24:21","modified_gmt":"2026-02-10T10:24:21","slug":"vrak-i-dag","status":"publish","type":"post","link":"https:\/\/necessities.info\/index.php\/2007\/08\/08\/vrak-i-dag\/","title":{"rendered":"Vrak i dag"},"content":{"rendered":"<p>I dag har jag varit fullst\u00e4ndigt vrak, segt p\u00e5 jobbet och jag gick och funderade p\u00e5 vad vi skulle g\u00f6ra hemma hos Rosa. Tog en l\u00e5ngpromenad med Shakira, Claes-Olof skulle inte komma hem f\u00f6rr\u00e4n en timme senare och jag ville inte ta med Shakira ner till Rosa nu n\u00e4r hennes katt har f\u00e5tt en kattunge. Det var s\u00e5 varm och kvavt ute att jag funderade p\u00e5 att s\u00e4tta mig ner och vila och ta bussen hem. B\u00e5de jag och Shakira var vrak n\u00e4r vi kom hem. Shakira s\u00e5 riktigt n\u00f6jd ut n\u00e4r hon slapp f\u00f6lja med ut igen, normalt vill hon absolut med. Jag var s\u00e5 tr\u00f6tt att jag gl\u00f6mde min kamera s\u00e5 Elvy \u00e5kte hem och h\u00e4mtade den medan jag gr\u00e4vde h\u00e5let till r\u00f6ret.<\/p>\n<p>Rosa bj\u00f6d p\u00e5 j\u00e4tte god mat och jag k\u00e4nde att jag egentligen bara ville g\u00e5 hem och l\u00e4gga mig . S\u00e5 matt hade Rosa k\u00e4nt sig sist vi var uppe hos mig och r\u00f6jde och \u00e4nd\u00e5 h\u00f6ll hon hum\u00f6ret uppe!<\/p>\n<table style=\"border-collapse: collapse; width: 100%; height: 58px;\">\n<tbody>\n<tr style=\"height: 58px;\">\n<td style=\"width: 62.5227%; height: 58px;\"><img decoding=\"async\" class=\"aligncenter wp-image-30374 \" src=\"https:\/\/necessities.info\/wp-content\/uploads\/2007\/08\/bilder-03.jpg\" alt=\"\" width=\"435\" height=\"327\" \/><\/td>\n<td style=\"width: 37.4773%; height: 58px;\"><img decoding=\"async\" class=\" wp-image-30375 aligncenter\" src=\"https:\/\/necessities.info\/wp-content\/uploads\/2007\/08\/IMG_2888-225x300.jpg\" alt=\"\" width=\"293\" height=\"391\" srcset=\"https:\/\/necessities.info\/wp-content\/uploads\/2007\/08\/IMG_2888-225x300.jpg 225w, https:\/\/necessities.info\/wp-content\/uploads\/2007\/08\/IMG_2888.jpg 250w\" sizes=\"(max-width: 293px) 100vw, 293px\" \/><\/td>\n<\/tr>\n<\/tbody>\n<\/table>\n<p>Jag fick anstr\u00e4nga mig av bara tusan i dag f\u00f6r att h\u00e5lla ett r\u00f6r uppe. Vi fick gr\u00e4vt upp och cementerat det r\u00f6ret p\u00e5 2 r\u00f6da, s\u00e5 det blev till att g\u00f6ra lite krukor av cementen som blev \u00f6ver. Det m\u00e4rks att vi har k\u00f6rt k\u00e4rringkv\u00e4llar ett bra tag nu f\u00f6r allt g\u00e5r mycket fortare och smidigare. Det gamla r\u00f6ret till parabolen st\u00e5r skevt och inte fast ordentligt, s\u00e5 Rosa f\u00e5r st\u00e4lla om parabolen varje g\u00e5ng det har bl\u00e5st ute.<\/p>\n<p>H\u00e4r g\u00f6r Elvy och Rosa krukor, det skall bli sp\u00e4nnande att se hur de blev om n\u00e5gra dagar.<\/p>\n<table style=\"border-collapse: collapse; width: 100%; height: 108px;\">\n<tbody>\n<tr style=\"height: 108px;\">\n<td style=\"width: 54.9002%; height: 108px;\"><img decoding=\"async\" class=\" wp-image-30377 aligncenter\" src=\"https:\/\/necessities.info\/wp-content\/uploads\/2007\/08\/IMG_2900.jpg\" alt=\"\" width=\"484\" height=\"364\" \/><\/td>\n<td style=\"width: 45.0998%; height: 108px;\"><img decoding=\"async\" class=\"alignnone  wp-image-30378\" src=\"https:\/\/necessities.info\/wp-content\/uploads\/2007\/08\/IMG_2902.jpg\" alt=\"\" width=\"530\" height=\"399\" \/><\/td>\n<\/tr>\n<\/tbody>\n<\/table>\n<p style=\"text-align: center;\">\n","protected":false},"excerpt":{"rendered":"<p>I dag har jag varit fullst\u00e4ndigt vrak, segt p\u00e5 jobbet och jag gick och funderade p\u00e5 vad vi skulle g\u00f6ra hemma hos Rosa. Tog en l\u00e5ngpromenad med Shakira, Claes-Olof skulle inte komma hem f\u00f6rr\u00e4n en timme senare och jag ville inte ta med Shakira ner till Rosa nu n\u00e4r hennes katt har f\u00e5tt en kattunge. &#8230; <\/p>\n<p class=\"read-more-container\"><a title=\"Vrak i dag\" class=\"read-more button\" href=\"https:\/\/necessities.info\/index.php\/2007\/08\/08\/vrak-i-dag\/\" aria-label=\"L\u00e4s mer om Vrak i dag\">\u2665 L\u00e4s mer \u2665 <\/a><\/p>\n","protected":false},"author":1,"featured_media":30377,"comment_status":"open","ping_status":"open","sticky":false,"template":"","format":"standard","meta":{"advgb_blocks_editor_width":"","advgb_blocks_columns_visual_guide":"","footnotes":""},"categories":[4328],"tags":[1815],"class_list":["post-144","post","type-post","status-publish","format-standard","has-post-thumbnail","hentry","category-karringonsdag","tag-karringonsdag-2"],"author_meta":{"display_name":"Ingalill","author_link":"https:\/\/necessities.info\/author\/ingalill\/"},"featured_img":"https:\/\/necessities.info\/wp-content\/uploads\/2007\/08\/IMG_2900.jpg","jetpack_featured_media_url":"https:\/\/necessities.info\/wp-content\/uploads\/2007\/08\/IMG_2900.jpg","coauthors":[],"tax_additional":{"categories":{"linked":["<a href=\"https:\/\/necessities.info\/index.php\/category\/smatt-o-gott\/karringonsdag\/\" class=\"advgb-post-tax-term\">K\u00e4rringonsdag<\/a>"],"unlinked":["<span class=\"advgb-post-tax-term\">K\u00e4rringonsdag<\/span>"]},"tags":{"linked":["<a href=\"https:\/\/necessities.info\/index.php\/category\/smatt-o-gott\/karringonsdag\/\" class=\"advgb-post-tax-term\">k\u00e4rringonsdag<\/a>"],"unlinked":["<span class=\"advgb-post-tax-term\">k\u00e4rringonsdag<\/span>"]}},"comment_count":"0","relative_dates":{"created":"Publicerad 19 \u00e5r sedan","modified":"Uppdaterad 3 m\u00e5nader sedan"},"absolute_dates":{"created":"Publicerat den 8 augusti 2007","modified":"Uppdaterad den 10 februari 2026"},"absolute_dates_time":{"created":"Publicerat den 8 augusti 2007 20:54","modified":"Uppdaterad den 10 februari 2026 11:24"},"featured_img_caption":"","series_order":"","jetpack_likes_enabled":true,"_links":{"self":[{"href":"https:\/\/necessities.info\/index.php\/wp-json\/wp\/v2\/posts\/144","targetHints":{"allow":["GET"]}}],"collection":[{"href":"https:\/\/necessities.info\/index.php\/wp-json\/wp\/v2\/posts"}],"about":[{"href":"https:\/\/necessities.info\/index.php\/wp-json\/wp\/v2\/types\/post"}],"author":[{"embeddable":true,"href":"https:\/\/necessities.info\/index.php\/wp-json\/wp\/v2\/users\/1"}],"replies":[{"embeddable":true,"href":"https:\/\/necessities.info\/index.php\/wp-json\/wp\/v2\/comments?post=144"}],"version-history":[{"count":1,"href":"https:\/\/necessities.info\/index.php\/wp-json\/wp\/v2\/posts\/144\/revisions"}],"predecessor-version":[{"id":53862,"href":"https:\/\/necessities.info\/index.php\/wp-json\/wp\/v2\/posts\/144\/revisions\/53862"}],"wp:featuredmedia":[{"embeddable":true,"href":"https:\/\/necessities.info\/index.php\/wp-json\/wp\/v2\/media\/30377"}],"wp:attachment":[{"href":"https:\/\/necessities.info\/index.php\/wp-json\/wp\/v2\/media?parent=144"}],"wp:term":[{"taxonomy":"category","embeddable":true,"href":"https:\/\/necessities.info\/index.php\/wp-json\/wp\/v2\/categories?post=144"},{"taxonomy":"post_tag","embeddable":true,"href":"https:\/\/necessities.info\/index.php\/wp-json\/wp\/v2\/tags?post=144"}],"curies":[{"name":"wp","href":"https:\/\/api.w.org\/{rel}","templated":true}]}}