{"id":203,"date":"2007-11-02T21:53:09","date_gmt":"2007-11-02T21:53:09","guid":{"rendered":"https:\/\/www.necessities.info\/archives\/216-guid.html"},"modified":"2026-02-10T12:46:48","modified_gmt":"2026-02-10T11:46:48","slug":"alla-helgona-helgen","status":"publish","type":"post","link":"https:\/\/necessities.info\/index.php\/2007\/11\/02\/alla-helgona-helgen\/","title":{"rendered":"Alla helgona helgen"},"content":{"rendered":"<p>Vi samlades och \u00e5kte till v\u00e5ra gravar och satte kransar och ljus. Jag har aldrig gillat att \u00e5ka till graven utan tycker det \u00e4r b\u00e4ttre med en minneslund. De man har mist b\u00e4r man med sig hela tiden i tankar och hj\u00e4rtat s\u00e5 jag har tyckt att graven har varit tungsint att bes\u00f6ka, det har k\u00e4nns som ett m\u00e5ste. Men idag n\u00e4r vi var alla tre och pysslade om v\u00e5ra gravar och ber\u00e4ttade minnen s\u00e5 k\u00e4ndes det riktigt bra. Jag \u00f6nskade bara att min syster hade bott i Sverige och kunde varit med denna stund. F\u00f6r f\u00f6rsta g\u00e5ngen s\u00e5 k\u00e4nde jag ett lugn och massa fina minnen d\u00f6k upp. Jag tror vi k\u00e4nde s\u00e5 lite alla tre och vi best\u00e4mde att vi skulle forts\u00e4tta att g\u00e5 tillsammans. Nu har jag mer f\u00f6rst\u00e5else till de som vill ha gravar.<\/p>\n<p style=\"text-align: center;\"><img decoding=\"async\" class=\"aligncenter wp-image-30585 \" src=\"https:\/\/necessities.info\/wp-content\/uploads\/2007\/11\/alla.jpg\" alt=\"\" width=\"640\" height=\"440\" srcset=\"https:\/\/necessities.info\/wp-content\/uploads\/2007\/11\/alla.jpg 400w, https:\/\/necessities.info\/wp-content\/uploads\/2007\/11\/alla-300x206.jpg 300w\" sizes=\"(max-width: 640px) 100vw, 640px\" \/><\/p>\n","protected":false},"excerpt":{"rendered":"<p>Vi samlades och \u00e5kte till v\u00e5ra gravar och satte kransar och ljus. Jag har aldrig gillat att \u00e5ka till graven utan tycker det \u00e4r b\u00e4ttre med en minneslund. De man har mist b\u00e4r man med sig hela tiden i tankar och hj\u00e4rtat s\u00e5 jag har tyckt att graven har varit tungsint att bes\u00f6ka, det har &#8230; <\/p>\n<p class=\"read-more-container\"><a title=\"Alla helgona helgen\" class=\"read-more button\" href=\"https:\/\/necessities.info\/index.php\/2007\/11\/02\/alla-helgona-helgen\/\" aria-label=\"L\u00e4s mer om Alla helgona helgen\">\u2665 L\u00e4s mer \u2665 <\/a><\/p>\n","protected":false},"author":1,"featured_media":30585,"comment_status":"open","ping_status":"open","sticky":false,"template":"","format":"standard","meta":{"advgb_blocks_editor_width":"","advgb_blocks_columns_visual_guide":"","footnotes":""},"categories":[6195],"tags":[6196],"class_list":["post-203","post","type-post","status-publish","format-standard","has-post-thumbnail","hentry","category-blandat","tag-blandat"],"author_meta":{"display_name":"Ingalill","author_link":"https:\/\/necessities.info\/author\/ingalill\/"},"featured_img":"https:\/\/necessities.info\/wp-content\/uploads\/2007\/11\/alla-300x206.jpg","jetpack_featured_media_url":"https:\/\/necessities.info\/wp-content\/uploads\/2007\/11\/alla.jpg","coauthors":[],"tax_additional":{"categories":{"linked":["<a href=\"https:\/\/necessities.info\/index.php\/category\/smatt-o-gott\/blandat\/\" class=\"advgb-post-tax-term\">Blandat<\/a>"],"unlinked":["<span class=\"advgb-post-tax-term\">Blandat<\/span>"]},"tags":{"linked":["<a href=\"https:\/\/necessities.info\/index.php\/category\/smatt-o-gott\/blandat\/\" class=\"advgb-post-tax-term\">Blandat<\/a>"],"unlinked":["<span class=\"advgb-post-tax-term\">Blandat<\/span>"]}},"comment_count":"0","relative_dates":{"created":"Publicerad 18 \u00e5r sedan","modified":"Uppdaterad 2 m\u00e5nader sedan"},"absolute_dates":{"created":"Publicerat den 2 november 2007","modified":"Uppdaterad den 10 februari 2026"},"absolute_dates_time":{"created":"Publicerat den 2 november 2007 21:53","modified":"Uppdaterad den 10 februari 2026 12:46"},"featured_img_caption":"","series_order":"","jetpack_likes_enabled":true,"_links":{"self":[{"href":"https:\/\/necessities.info\/index.php\/wp-json\/wp\/v2\/posts\/203","targetHints":{"allow":["GET"]}}],"collection":[{"href":"https:\/\/necessities.info\/index.php\/wp-json\/wp\/v2\/posts"}],"about":[{"href":"https:\/\/necessities.info\/index.php\/wp-json\/wp\/v2\/types\/post"}],"author":[{"embeddable":true,"href":"https:\/\/necessities.info\/index.php\/wp-json\/wp\/v2\/users\/1"}],"replies":[{"embeddable":true,"href":"https:\/\/necessities.info\/index.php\/wp-json\/wp\/v2\/comments?post=203"}],"version-history":[{"count":1,"href":"https:\/\/necessities.info\/index.php\/wp-json\/wp\/v2\/posts\/203\/revisions"}],"predecessor-version":[{"id":54058,"href":"https:\/\/necessities.info\/index.php\/wp-json\/wp\/v2\/posts\/203\/revisions\/54058"}],"wp:featuredmedia":[{"embeddable":true,"href":"https:\/\/necessities.info\/index.php\/wp-json\/wp\/v2\/media\/30585"}],"wp:attachment":[{"href":"https:\/\/necessities.info\/index.php\/wp-json\/wp\/v2\/media?parent=203"}],"wp:term":[{"taxonomy":"category","embeddable":true,"href":"https:\/\/necessities.info\/index.php\/wp-json\/wp\/v2\/categories?post=203"},{"taxonomy":"post_tag","embeddable":true,"href":"https:\/\/necessities.info\/index.php\/wp-json\/wp\/v2\/tags?post=203"}],"curies":[{"name":"wp","href":"https:\/\/api.w.org\/{rel}","templated":true}]}}