{"id":208,"date":"2007-11-11T18:49:23","date_gmt":"2007-11-11T18:49:23","guid":{"rendered":"https:\/\/www.necessities.info\/archives\/221-guid.html"},"modified":"2026-02-09T16:11:08","modified_gmt":"2026-02-09T15:11:08","slug":"uddevalla","status":"publish","type":"post","link":"https:\/\/necessities.info\/index.php\/2007\/11\/11\/uddevalla\/","title":{"rendered":"Uddevalla"},"content":{"rendered":"<p>\u00c5kte med gubben idag och h\u00e4mtade h\u00f6 i Uddevalla. Det \u00e4r en bit att \u00e5ka men vi brukar passa p\u00e5 att h\u00e4lsa p\u00e5 hans mamma. Inga-Britt har en stor h\u00e4rlig balkong som blev inglasad i somras. Hon har gjort s\u00e5 mysigt och det \u00e4r en vidunderlig utsikt \u00f6ver Uddevalla. Det blev fika och en mysig pratstund. Jag vill s\u00e5 g\u00e4rna g\u00e5 strandpromenaden vid Gustavsberg men idag blev det f\u00f6r sent och det kylnar p\u00e5 ganska rej\u00e4lt p\u00e5 kv\u00e4llen, f\u00e5r se om det blir n\u00e5gon fin vinterdag eller ocks\u00e5 f\u00e5r det bli till v\u00e5ren.<\/p>\n<p style=\"text-align: center;\"><img decoding=\"async\" class=\"aligncenter wp-image-30594 size-full\" src=\"https:\/\/necessities.info\/wp-content\/uploads\/2007\/11\/uddevalla.jpg\" alt=\"\" width=\"800\" height=\"550\" srcset=\"https:\/\/necessities.info\/wp-content\/uploads\/2007\/11\/uddevalla.jpg 800w, https:\/\/necessities.info\/wp-content\/uploads\/2007\/11\/uddevalla-300x206.jpg 300w, https:\/\/necessities.info\/wp-content\/uploads\/2007\/11\/uddevalla-768x528.jpg 768w\" sizes=\"(max-width: 800px) 100vw, 800px\" \/><\/p>\n<p>Jag passade p\u00e5 att fotografera Uddevalla bron men hade mitt stativ hemma s\u00e5 det blev bara ett bra kort. Jag bad gubben fotografera men hans kort blev \u00e4nnu suddigare och han fick igen f\u00f6r att han tycker jag skakar f\u00f6r mycket. Det \u00e4r inte s\u00e5 l\u00e4tt att h\u00e5lla kameran tillr\u00e4ckligt stilla n\u00e4r det \u00e4r s\u00e5pas m\u00f6rkt. Bron och oljecisternerna vid hamnen \u00e4r v\u00e4ldigt vacker p\u00e5 kv\u00e4llen s\u00e5 jag f\u00e5r ta mera kort med stativ n\u00e4sta g\u00e5ng vi \u00e5ker upp.<\/p>\n<p style=\"text-align: center;\"><img decoding=\"async\" class=\"aligncenter wp-image-30596 size-full\" src=\"https:\/\/necessities.info\/wp-content\/uploads\/2007\/11\/259788.jpg\" alt=\"\" width=\"800\" height=\"600\" srcset=\"https:\/\/necessities.info\/wp-content\/uploads\/2007\/11\/259788.jpg 800w, https:\/\/necessities.info\/wp-content\/uploads\/2007\/11\/259788-300x225.jpg 300w, https:\/\/necessities.info\/wp-content\/uploads\/2007\/11\/259788-768x576.jpg 768w\" sizes=\"(max-width: 800px) 100vw, 800px\" \/><\/p>\n","protected":false},"excerpt":{"rendered":"<p>\u00c5kte med gubben idag och h\u00e4mtade h\u00f6 i Uddevalla. Det \u00e4r en bit att \u00e5ka men vi brukar passa p\u00e5 att h\u00e4lsa p\u00e5 hans mamma. Inga-Britt har en stor h\u00e4rlig balkong som blev inglasad i somras. Hon har gjort s\u00e5 mysigt och det \u00e4r en vidunderlig utsikt \u00f6ver Uddevalla. Det blev fika och en mysig &#8230; <\/p>\n<p class=\"read-more-container\"><a title=\"Uddevalla\" class=\"read-more button\" href=\"https:\/\/necessities.info\/index.php\/2007\/11\/11\/uddevalla\/\" aria-label=\"L\u00e4s mer om Uddevalla\">\u2665 L\u00e4s mer \u2665 <\/a><\/p>\n","protected":false},"author":1,"featured_media":30594,"comment_status":"open","ping_status":"open","sticky":false,"template":"","format":"standard","meta":{"advgb_blocks_editor_width":"","advgb_blocks_columns_visual_guide":"","footnotes":""},"categories":[4321],"tags":[921,4005],"class_list":["post-208","post","type-post","status-publish","format-standard","has-post-thumbnail","hentry","category-familjen","tag-familjen-2","tag-uddevalla"],"author_meta":{"display_name":"Ingalill","author_link":"https:\/\/necessities.info\/author\/ingalill\/"},"featured_img":"https:\/\/necessities.info\/wp-content\/uploads\/2007\/11\/uddevalla-300x206.jpg","jetpack_featured_media_url":"https:\/\/necessities.info\/wp-content\/uploads\/2007\/11\/uddevalla.jpg","coauthors":[],"tax_additional":{"categories":{"linked":["<a href=\"https:\/\/necessities.info\/index.php\/category\/familjen\/\" class=\"advgb-post-tax-term\">Familjen<\/a>"],"unlinked":["<span class=\"advgb-post-tax-term\">Familjen<\/span>"]},"tags":{"linked":["<a href=\"https:\/\/necessities.info\/index.php\/category\/familjen\/\" class=\"advgb-post-tax-term\">familjen<\/a>","<a href=\"https:\/\/necessities.info\/index.php\/category\/familjen\/\" class=\"advgb-post-tax-term\">Uddevalla<\/a>"],"unlinked":["<span class=\"advgb-post-tax-term\">familjen<\/span>","<span class=\"advgb-post-tax-term\">Uddevalla<\/span>"]}},"comment_count":"0","relative_dates":{"created":"Publicerad 18 \u00e5r sedan","modified":"Uppdaterad 3 m\u00e5nader sedan"},"absolute_dates":{"created":"Publicerat den 11 november 2007","modified":"Uppdaterad den 9 februari 2026"},"absolute_dates_time":{"created":"Publicerat den 11 november 2007 18:49","modified":"Uppdaterad den 9 februari 2026 16:11"},"featured_img_caption":"","series_order":"","jetpack_likes_enabled":true,"_links":{"self":[{"href":"https:\/\/necessities.info\/index.php\/wp-json\/wp\/v2\/posts\/208","targetHints":{"allow":["GET"]}}],"collection":[{"href":"https:\/\/necessities.info\/index.php\/wp-json\/wp\/v2\/posts"}],"about":[{"href":"https:\/\/necessities.info\/index.php\/wp-json\/wp\/v2\/types\/post"}],"author":[{"embeddable":true,"href":"https:\/\/necessities.info\/index.php\/wp-json\/wp\/v2\/users\/1"}],"replies":[{"embeddable":true,"href":"https:\/\/necessities.info\/index.php\/wp-json\/wp\/v2\/comments?post=208"}],"version-history":[{"count":1,"href":"https:\/\/necessities.info\/index.php\/wp-json\/wp\/v2\/posts\/208\/revisions"}],"predecessor-version":[{"id":53198,"href":"https:\/\/necessities.info\/index.php\/wp-json\/wp\/v2\/posts\/208\/revisions\/53198"}],"wp:featuredmedia":[{"embeddable":true,"href":"https:\/\/necessities.info\/index.php\/wp-json\/wp\/v2\/media\/30594"}],"wp:attachment":[{"href":"https:\/\/necessities.info\/index.php\/wp-json\/wp\/v2\/media?parent=208"}],"wp:term":[{"taxonomy":"category","embeddable":true,"href":"https:\/\/necessities.info\/index.php\/wp-json\/wp\/v2\/categories?post=208"},{"taxonomy":"post_tag","embeddable":true,"href":"https:\/\/necessities.info\/index.php\/wp-json\/wp\/v2\/tags?post=208"}],"curies":[{"name":"wp","href":"https:\/\/api.w.org\/{rel}","templated":true}]}}