{"id":22188,"date":"2021-01-18T17:54:17","date_gmt":"2021-01-18T16:54:17","guid":{"rendered":"https:\/\/www.necessities.info\/?p=22188"},"modified":"2026-02-09T11:48:19","modified_gmt":"2026-02-09T10:48:19","slug":"internationella-nalle-puh-dagen","status":"publish","type":"post","link":"https:\/\/necessities.info\/index.php\/2021\/01\/18\/internationella-nalle-puh-dagen\/","title":{"rendered":"Internationella Nalle Puh-dagen *"},"content":{"rendered":"<p><a title=\"Internationella Nalle Puh-dagen\" href=\"https:\/\/www.flickr.com\/photos\/krakel\/50848837223\/in\/dateposted-public\/\" rel=\"noopener\"><img decoding=\"async\" class=\"aligncenter\" src=\"https:\/\/live.staticflickr.com\/65535\/50848837223_9634b1b0fc_b.jpg\" alt=\"Internationella Nalle Puh-dagen\" width=\"637\" height=\"1309\" \/><\/a><\/p>\n<p>\u00c5hh! Det h\u00e4r m\u00e5ste varit ett av Elvys favorit dagar \ud83d\ude42\u00a0 Hon \u00e4lskade Nalle Phu och gjorde klockor, tavlor och krukor med motiven fr\u00e5n b\u00f6ckerna. Jag har en tavla n\u00e4r Nalle Phu st\u00e5r med en ballong som Elvy gjort n\u00e4r jag fyllde \u00e5r, men jag m\u00e5ste lagt den i f\u00f6rr\u00e5det n\u00e4r jag m\u00e5lade m\u00f6blerna. Jag hade satt den i vitrinsk\u00e5pet. H\u00e4r nedan \u00e4r lite fler av Elvys tavlor.<\/p>\n<p><a title=\"Elvys tavlor\" href=\"https:\/\/www.flickr.com\/photos\/krakel\/50849653872\/in\/dateposted-public\/\" rel=\"noopener\"><img decoding=\"async\" class=\"aligncenter\" src=\"https:\/\/live.staticflickr.com\/65535\/50849653872_d7413298e0_z.jpg\" alt=\"Elvys tavlor\" width=\"798\" height=\"562\" \/><\/a><\/p>\n","protected":false},"excerpt":{"rendered":"<p>\u00c5hh! Det h\u00e4r m\u00e5ste varit ett av Elvys favorit dagar \ud83d\ude42\u00a0 Hon \u00e4lskade Nalle Phu och gjorde klockor, tavlor och krukor med motiven fr\u00e5n b\u00f6ckerna. Jag har en tavla n\u00e4r Nalle Phu st\u00e5r med en ballong som Elvy gjort n\u00e4r jag fyllde \u00e5r, men jag m\u00e5ste lagt den i f\u00f6rr\u00e5det n\u00e4r jag m\u00e5lade m\u00f6blerna. Jag &#8230; <\/p>\n<p class=\"read-more-container\"><a title=\"Internationella Nalle Puh-dagen *\" class=\"read-more button\" href=\"https:\/\/necessities.info\/index.php\/2021\/01\/18\/internationella-nalle-puh-dagen\/\" aria-label=\"L\u00e4s mer om Internationella Nalle Puh-dagen *\">\u2665 L\u00e4s mer \u2665 <\/a><\/p>\n","protected":false},"author":1,"featured_media":36946,"comment_status":"open","ping_status":"open","sticky":false,"template":"","format":"standard","meta":{"advgb_blocks_editor_width":"","advgb_blocks_columns_visual_guide":"","footnotes":""},"categories":[4334],"tags":[6183],"class_list":["post-22188","post","type-post","status-publish","format-standard","has-post-thumbnail","hentry","category-teman","tag-blandade-teman"],"author_meta":{"display_name":"Ingalill","author_link":"https:\/\/necessities.info\/author\/ingalill\/"},"featured_img":"https:\/\/necessities.info\/wp-content\/uploads\/2021\/01\/50848837223_9634b1b0fc_b-146x300.jpg","jetpack_featured_media_url":"https:\/\/necessities.info\/wp-content\/uploads\/2021\/01\/50848837223_9634b1b0fc_b.jpg","coauthors":[],"tax_additional":{"categories":{"linked":["<a href=\"https:\/\/necessities.info\/index.php\/category\/fototeman\/teman\/\" class=\"advgb-post-tax-term\">Blandade Teman<\/a>"],"unlinked":["<span class=\"advgb-post-tax-term\">Blandade Teman<\/span>"]},"tags":{"linked":["<a href=\"https:\/\/necessities.info\/index.php\/category\/fototeman\/teman\/\" class=\"advgb-post-tax-term\">Blandade Teman<\/a>"],"unlinked":["<span class=\"advgb-post-tax-term\">Blandade Teman<\/span>"]}},"comment_count":"0","relative_dates":{"created":"Publicerad 5 \u00e5r sedan","modified":"Uppdaterad 3 m\u00e5nader sedan"},"absolute_dates":{"created":"Publicerat den 18 januari 2021","modified":"Uppdaterad den 9 februari 2026"},"absolute_dates_time":{"created":"Publicerat den 18 januari 2021 17:54","modified":"Uppdaterad den 9 februari 2026 11:48"},"featured_img_caption":"","series_order":"","jetpack_likes_enabled":true,"_links":{"self":[{"href":"https:\/\/necessities.info\/index.php\/wp-json\/wp\/v2\/posts\/22188","targetHints":{"allow":["GET"]}}],"collection":[{"href":"https:\/\/necessities.info\/index.php\/wp-json\/wp\/v2\/posts"}],"about":[{"href":"https:\/\/necessities.info\/index.php\/wp-json\/wp\/v2\/types\/post"}],"author":[{"embeddable":true,"href":"https:\/\/necessities.info\/index.php\/wp-json\/wp\/v2\/users\/1"}],"replies":[{"embeddable":true,"href":"https:\/\/necessities.info\/index.php\/wp-json\/wp\/v2\/comments?post=22188"}],"version-history":[{"count":1,"href":"https:\/\/necessities.info\/index.php\/wp-json\/wp\/v2\/posts\/22188\/revisions"}],"predecessor-version":[{"id":52659,"href":"https:\/\/necessities.info\/index.php\/wp-json\/wp\/v2\/posts\/22188\/revisions\/52659"}],"wp:featuredmedia":[{"embeddable":true,"href":"https:\/\/necessities.info\/index.php\/wp-json\/wp\/v2\/media\/36946"}],"wp:attachment":[{"href":"https:\/\/necessities.info\/index.php\/wp-json\/wp\/v2\/media?parent=22188"}],"wp:term":[{"taxonomy":"category","embeddable":true,"href":"https:\/\/necessities.info\/index.php\/wp-json\/wp\/v2\/categories?post=22188"},{"taxonomy":"post_tag","embeddable":true,"href":"https:\/\/necessities.info\/index.php\/wp-json\/wp\/v2\/tags?post=22188"}],"curies":[{"name":"wp","href":"https:\/\/api.w.org\/{rel}","templated":true}]}}