{"id":22602,"date":"2021-01-27T18:53:45","date_gmt":"2021-01-27T17:53:45","guid":{"rendered":"https:\/\/www.necessities.info\/?p=22602"},"modified":"2026-02-09T11:46:00","modified_gmt":"2026-02-09T10:46:00","slug":"forintelsens-minnesdag","status":"publish","type":"post","link":"https:\/\/necessities.info\/index.php\/2021\/01\/27\/forintelsens-minnesdag\/","title":{"rendered":"F\u00f6rintelsens minnesdag *"},"content":{"rendered":"<p><img decoding=\"async\" class=\"aligncenter wp-image-36886\" src=\"https:\/\/necessities.info\/wp-content\/uploads\/2021\/01\/20200207_064223-300x180.jpg\" alt=\"\" width=\"800\" height=\"480\" srcset=\"https:\/\/necessities.info\/wp-content\/uploads\/2021\/01\/20200207_064223-300x180.jpg 300w, https:\/\/necessities.info\/wp-content\/uploads\/2021\/01\/20200207_064223-768x461.jpg 768w, https:\/\/necessities.info\/wp-content\/uploads\/2021\/01\/20200207_064223.jpg 900w\" sizes=\"(max-width: 800px) 100vw, 800px\" \/><br \/>\nDet \u00e4r den internationella minnesdagen f\u00f6r F\u00f6rintelsens offer \u2013 samma datum som f\u00f6rintelsel\u00e4gret Auschwitz-Birkenau befriades 1945. \u00c5r 2021 \u00e4r det 76 \u00e5r sedan.\u00a0 Omv\u00e4rlden fick d\u00e5 bevittna vad 12 \u00e5r av nazistiskt styre hade skapat.<br \/>\n50 \u00e5r senare h\u00f6gtidligh\u00f6lls minnet av F\u00f6rintelsen f\u00f6r f\u00f6rsta g\u00e5ngen i Sverige. Sedan 1999 har den 27 januari varit en nationell minnesdag och 2005 deklarerade FN dagen som en internationell minnesdag \u00f6ver F\u00f6rintelsens offer.<\/p>\n","protected":false},"excerpt":{"rendered":"<p>Det \u00e4r den internationella minnesdagen f\u00f6r F\u00f6rintelsens offer \u2013 samma datum som f\u00f6rintelsel\u00e4gret Auschwitz-Birkenau befriades 1945. \u00c5r 2021 \u00e4r det 76 \u00e5r sedan.\u00a0 Omv\u00e4rlden fick d\u00e5 bevittna vad 12 \u00e5r av nazistiskt styre hade skapat. 50 \u00e5r senare h\u00f6gtidligh\u00f6lls minnet av F\u00f6rintelsen f\u00f6r f\u00f6rsta g\u00e5ngen i Sverige. Sedan 1999 har den 27 januari varit en &#8230; <\/p>\n<p class=\"read-more-container\"><a title=\"F\u00f6rintelsens minnesdag *\" class=\"read-more button\" href=\"https:\/\/necessities.info\/index.php\/2021\/01\/27\/forintelsens-minnesdag\/\" aria-label=\"L\u00e4s mer om F\u00f6rintelsens minnesdag *\">\u2665 L\u00e4s mer \u2665 <\/a><\/p>\n","protected":false},"author":1,"featured_media":36886,"comment_status":"open","ping_status":"open","sticky":false,"template":"","format":"standard","meta":{"advgb_blocks_editor_width":"","advgb_blocks_columns_visual_guide":"","footnotes":""},"categories":[4334],"tags":[6183],"class_list":["post-22602","post","type-post","status-publish","format-standard","has-post-thumbnail","hentry","category-teman","tag-blandade-teman"],"author_meta":{"display_name":"Ingalill","author_link":"https:\/\/necessities.info\/author\/ingalill\/"},"featured_img":"https:\/\/necessities.info\/wp-content\/uploads\/2021\/01\/20200207_064223-300x180.jpg","jetpack_featured_media_url":"https:\/\/necessities.info\/wp-content\/uploads\/2021\/01\/20200207_064223.jpg","coauthors":[],"tax_additional":{"categories":{"linked":["<a href=\"https:\/\/necessities.info\/index.php\/category\/fototeman\/teman\/\" class=\"advgb-post-tax-term\">Blandade Teman<\/a>"],"unlinked":["<span class=\"advgb-post-tax-term\">Blandade Teman<\/span>"]},"tags":{"linked":["<a href=\"https:\/\/necessities.info\/index.php\/category\/fototeman\/teman\/\" class=\"advgb-post-tax-term\">Blandade Teman<\/a>"],"unlinked":["<span class=\"advgb-post-tax-term\">Blandade Teman<\/span>"]}},"comment_count":"0","relative_dates":{"created":"Publicerad 5 \u00e5r sedan","modified":"Uppdaterad 3 m\u00e5nader sedan"},"absolute_dates":{"created":"Publicerat den 27 januari 2021","modified":"Uppdaterad den 9 februari 2026"},"absolute_dates_time":{"created":"Publicerat den 27 januari 2021 18:53","modified":"Uppdaterad den 9 februari 2026 11:46"},"featured_img_caption":"","series_order":"","jetpack_likes_enabled":true,"_links":{"self":[{"href":"https:\/\/necessities.info\/index.php\/wp-json\/wp\/v2\/posts\/22602","targetHints":{"allow":["GET"]}}],"collection":[{"href":"https:\/\/necessities.info\/index.php\/wp-json\/wp\/v2\/posts"}],"about":[{"href":"https:\/\/necessities.info\/index.php\/wp-json\/wp\/v2\/types\/post"}],"author":[{"embeddable":true,"href":"https:\/\/necessities.info\/index.php\/wp-json\/wp\/v2\/users\/1"}],"replies":[{"embeddable":true,"href":"https:\/\/necessities.info\/index.php\/wp-json\/wp\/v2\/comments?post=22602"}],"version-history":[{"count":1,"href":"https:\/\/necessities.info\/index.php\/wp-json\/wp\/v2\/posts\/22602\/revisions"}],"predecessor-version":[{"id":52651,"href":"https:\/\/necessities.info\/index.php\/wp-json\/wp\/v2\/posts\/22602\/revisions\/52651"}],"wp:featuredmedia":[{"embeddable":true,"href":"https:\/\/necessities.info\/index.php\/wp-json\/wp\/v2\/media\/36886"}],"wp:attachment":[{"href":"https:\/\/necessities.info\/index.php\/wp-json\/wp\/v2\/media?parent=22602"}],"wp:term":[{"taxonomy":"category","embeddable":true,"href":"https:\/\/necessities.info\/index.php\/wp-json\/wp\/v2\/categories?post=22602"},{"taxonomy":"post_tag","embeddable":true,"href":"https:\/\/necessities.info\/index.php\/wp-json\/wp\/v2\/tags?post=22602"}],"curies":[{"name":"wp","href":"https:\/\/api.w.org\/{rel}","templated":true}]}}