{"id":536,"date":"2008-08-25T15:21:11","date_gmt":"2008-08-25T15:21:11","guid":{"rendered":"https:\/\/www.necessities.info\/archives\/568-guid.html"},"modified":"2026-02-10T11:53:20","modified_gmt":"2026-02-10T10:53:20","slug":"vilken-vy-har-du","status":"publish","type":"post","link":"https:\/\/necessities.info\/index.php\/2008\/08\/25\/vilken-vy-har-du\/","title":{"rendered":"Vilken vy har du?"},"content":{"rendered":"<p>Rosa ville vi skulle ta kort utanf\u00f6r v\u00e5ra jobb! S\u00e5 h\u00f6r jag henne utbrista \u00e5\u00e5\u00e5\u00e5\u00e5\u00e5\u00e5\u00e5hh, vilket vackert kort det hade blivit, undrar om de har n\u00e5gon kamera h\u00e4r? Hon kanske har en vacker vy! men min f\u00f6rsta tanke ang\u00e5ende utsidan vid min arbetsplats var (vem vill se massa sten block??) Fast det \u00e4r klart, skulle man gjort en t\u00e4vling om vem som har den fulaste vyn vid sin arbetsplats s\u00e5 vinner garanterat jag. S\u00e5 h\u00e4r \u00e4r den, titta och njut. Inget sten block \u00e4r det andra likt. Men rosorna \u00e4r fina.<\/p>\n<p style=\"text-align: center;\"><img decoding=\"async\" class=\"aligncenter wp-image-31468 size-full\" src=\"https:\/\/necessities.info\/wp-content\/uploads\/2008\/08\/jobbro.jpg\" alt=\"\" width=\"800\" height=\"600\" srcset=\"https:\/\/necessities.info\/wp-content\/uploads\/2008\/08\/jobbro.jpg 800w, https:\/\/necessities.info\/wp-content\/uploads\/2008\/08\/jobbro-300x225.jpg 300w, https:\/\/necessities.info\/wp-content\/uploads\/2008\/08\/jobbro-768x576.jpg 768w\" sizes=\"(max-width: 800px) 100vw, 800px\" \/><\/p>\n","protected":false},"excerpt":{"rendered":"<p>Rosa ville vi skulle ta kort utanf\u00f6r v\u00e5ra jobb! S\u00e5 h\u00f6r jag henne utbrista \u00e5\u00e5\u00e5\u00e5\u00e5\u00e5\u00e5\u00e5hh, vilket vackert kort det hade blivit, undrar om de har n\u00e5gon kamera h\u00e4r? Hon kanske har en vacker vy! men min f\u00f6rsta tanke ang\u00e5ende utsidan vid min arbetsplats var (vem vill se massa sten block??) Fast det \u00e4r klart, skulle &#8230; <\/p>\n<p class=\"read-more-container\"><a title=\"Vilken vy har du?\" class=\"read-more button\" href=\"https:\/\/necessities.info\/index.php\/2008\/08\/25\/vilken-vy-har-du\/\" aria-label=\"L\u00e4s mer om Vilken vy har du?\">\u2665 L\u00e4s mer \u2665 <\/a><\/p>\n","protected":false},"author":1,"featured_media":31468,"comment_status":"open","ping_status":"open","sticky":false,"template":"","format":"standard","meta":{"advgb_blocks_editor_width":"","advgb_blocks_columns_visual_guide":"","footnotes":""},"categories":[4327],"tags":[1717],"class_list":["post-536","post","type-post","status-publish","format-standard","has-post-thumbnail","hentry","category-jobb","tag-jobb"],"author_meta":{"display_name":"Ingalill","author_link":"https:\/\/necessities.info\/author\/ingalill\/"},"featured_img":"https:\/\/necessities.info\/wp-content\/uploads\/2008\/08\/jobbro-300x225.jpg","jetpack_featured_media_url":"https:\/\/necessities.info\/wp-content\/uploads\/2008\/08\/jobbro.jpg","coauthors":[],"tax_additional":{"categories":{"linked":["<a href=\"https:\/\/necessities.info\/index.php\/category\/smatt-o-gott\/jobb\/\" class=\"advgb-post-tax-term\">jobb<\/a>"],"unlinked":["<span class=\"advgb-post-tax-term\">jobb<\/span>"]},"tags":{"linked":["<a href=\"https:\/\/necessities.info\/index.php\/category\/smatt-o-gott\/jobb\/\" class=\"advgb-post-tax-term\">jobb<\/a>"],"unlinked":["<span class=\"advgb-post-tax-term\">jobb<\/span>"]}},"comment_count":"0","relative_dates":{"created":"Publicerad 18 \u00e5r sedan","modified":"Uppdaterad 2 m\u00e5nader sedan"},"absolute_dates":{"created":"Publicerat den 25 augusti 2008","modified":"Uppdaterad den 10 februari 2026"},"absolute_dates_time":{"created":"Publicerat den 25 augusti 2008 15:21","modified":"Uppdaterad den 10 februari 2026 11:53"},"featured_img_caption":"","series_order":"","jetpack_likes_enabled":true,"_links":{"self":[{"href":"https:\/\/necessities.info\/index.php\/wp-json\/wp\/v2\/posts\/536","targetHints":{"allow":["GET"]}}],"collection":[{"href":"https:\/\/necessities.info\/index.php\/wp-json\/wp\/v2\/posts"}],"about":[{"href":"https:\/\/necessities.info\/index.php\/wp-json\/wp\/v2\/types\/post"}],"author":[{"embeddable":true,"href":"https:\/\/necessities.info\/index.php\/wp-json\/wp\/v2\/users\/1"}],"replies":[{"embeddable":true,"href":"https:\/\/necessities.info\/index.php\/wp-json\/wp\/v2\/comments?post=536"}],"version-history":[{"count":1,"href":"https:\/\/necessities.info\/index.php\/wp-json\/wp\/v2\/posts\/536\/revisions"}],"predecessor-version":[{"id":53938,"href":"https:\/\/necessities.info\/index.php\/wp-json\/wp\/v2\/posts\/536\/revisions\/53938"}],"wp:featuredmedia":[{"embeddable":true,"href":"https:\/\/necessities.info\/index.php\/wp-json\/wp\/v2\/media\/31468"}],"wp:attachment":[{"href":"https:\/\/necessities.info\/index.php\/wp-json\/wp\/v2\/media?parent=536"}],"wp:term":[{"taxonomy":"category","embeddable":true,"href":"https:\/\/necessities.info\/index.php\/wp-json\/wp\/v2\/categories?post=536"},{"taxonomy":"post_tag","embeddable":true,"href":"https:\/\/necessities.info\/index.php\/wp-json\/wp\/v2\/tags?post=536"}],"curies":[{"name":"wp","href":"https:\/\/api.w.org\/{rel}","templated":true}]}}