{"id":54744,"date":"2026-04-29T14:37:28","date_gmt":"2026-04-29T12:37:28","guid":{"rendered":"https:\/\/necessities.info\/?p=54744"},"modified":"2026-04-29T14:37:30","modified_gmt":"2026-04-29T12:37:30","slug":"18-bla-bla-himlar-och-vatten-19-av-182","status":"publish","type":"post","link":"https:\/\/necessities.info\/index.php\/2026\/04\/29\/18-bla-bla-himlar-och-vatten-19-av-182\/","title":{"rendered":"18. Bl\u00e5, bl\u00e5 himlar och vatten (19 av 182)"},"content":{"rendered":"\n<center><a data-flickr-embed=\"true\" href=\"https:\/\/www.flickr.com\/photos\/krakel\/55237163752\/in\/dateposted-public\/\" title=\"18. Bl\u00e5, bl\u00e5 himlar och vatten (19 av 182)\" rel=\"noopener\"><img decoding=\"async\" src=\"https:\/\/live.staticflickr.com\/65535\/55237163752_1225c9f2b5_c.jpg\" width=\"800\" height=\"600\" alt=\"18. Bl\u00e5, bl\u00e5 himlar och vatten (19 av 182)\"\/><\/a><script async src=\"\/\/embedr.flickr.com\/assets\/client-code.js\" charset=\"utf-8\"><\/script><\/center>\n\n\n\n<p>En promenad vid Jonsereds tr\u00e4dg\u00e5rdar s\u00e5 h\u00e4r \u00e5rs \u00e4r n\u00e5got alldeles extra, \u00e4ven om inte riktigt alla blommor har slagit ut \u00e4nnu.<\/p>\n\n\n\n<p>Det finns en stillsam sk\u00f6nhet i det d\u00e4r som \u00e4r p\u00e5 v\u00e4g. Knoppar som just b\u00f6rjat spricka upp, rabatter som f\u00f6rsiktigt fylls med f\u00e4rg och gr\u00f6nska som sakta \u00e5terv\u00e4nder efter vintern. Allt k\u00e4nns levande, som om naturen h\u00e5ller andan precis innan den brister ut i full blom.<\/p>\n\n\n\n<center><a data-flickr-embed=\"true\" href=\"https:\/\/www.flickr.com\/photos\/krakel\/55238476625\/in\/dateposted-public\/\" title=\"Jonsereds Tr\u00e4dg\u00e5rd\" rel=\"noopener\"><img decoding=\"async\" src=\"https:\/\/live.staticflickr.com\/65535\/55238476625_86775bb4c6_c.jpg\" width=\"800\" height=\"600\" alt=\"Jonsereds Tr\u00e4dg\u00e5rd\"\/><\/a><script async src=\"\/\/embedr.flickr.com\/assets\/client-code.js\" charset=\"utf-8\"><\/script><\/center>\n\n\n\n<p>Att strosa runt h\u00e4r, ta in omgivningarna och bara vara i stunden \u2013 det \u00e4r verkligen balsam f\u00f6r sj\u00e4len. Och snart, v\u00e4ldigt snart, kommer allt att explodera i f\u00e4rg.<\/p>\n\n\n\n<p><\/p>\n","protected":false},"excerpt":{"rendered":"<p>En promenad vid Jonsereds tr\u00e4dg\u00e5rdar s\u00e5 h\u00e4r \u00e5rs \u00e4r n\u00e5got alldeles extra, \u00e4ven om inte riktigt alla blommor har slagit ut \u00e4nnu. Det finns en stillsam sk\u00f6nhet i det d\u00e4r som \u00e4r p\u00e5 v\u00e4g. Knoppar som just b\u00f6rjat spricka upp, rabatter som f\u00f6rsiktigt fylls med f\u00e4rg och gr\u00f6nska som sakta \u00e5terv\u00e4nder efter vintern. Allt k\u00e4nns &#8230; <\/p>\n<p class=\"read-more-container\"><a title=\"18. Bl\u00e5, bl\u00e5 himlar och vatten (19 av 182)\" class=\"read-more button\" href=\"https:\/\/necessities.info\/index.php\/2026\/04\/29\/18-bla-bla-himlar-och-vatten-19-av-182\/\" aria-label=\"L\u00e4s mer om 18. Bl\u00e5, bl\u00e5 himlar och vatten (19 av 182)\">\u2665 L\u00e4s mer \u2665 <\/a><\/p>\n","protected":false},"author":1,"featured_media":0,"comment_status":"open","ping_status":"open","sticky":false,"template":"","format":"standard","meta":{"advgb_blocks_editor_width":"","advgb_blocks_columns_visual_guide":"","footnotes":""},"categories":[6132],"tags":[6172],"class_list":["post-54744","post","type-post","status-publish","format-standard","hentry","category-182-foto-2026","tag-182-foto-2026"],"author_meta":{"display_name":"Ingalill","author_link":"https:\/\/necessities.info\/author\/ingalill\/"},"featured_img":null,"jetpack_featured_media_url":"","coauthors":[],"tax_additional":{"categories":{"linked":["<a href=\"https:\/\/necessities.info\/index.php\/category\/fototeman\/182-foto-2026\/\" class=\"advgb-post-tax-term\">182 Foto 2026<\/a>"],"unlinked":["<span class=\"advgb-post-tax-term\">182 Foto 2026<\/span>"]},"tags":{"linked":["<a href=\"https:\/\/necessities.info\/index.php\/category\/fototeman\/182-foto-2026\/\" class=\"advgb-post-tax-term\">182 Foto 2026<\/a>"],"unlinked":["<span class=\"advgb-post-tax-term\">182 Foto 2026<\/span>"]}},"comment_count":"0","relative_dates":{"created":"Publicerad 3 timmar sedan","modified":"Uppdaterad 3 timmar sedan"},"absolute_dates":{"created":"Publicerat den 29 april 2026","modified":"Uppdaterad den 29 april 2026"},"absolute_dates_time":{"created":"Publicerat den 29 april 2026 14:37","modified":"Uppdaterad den 29 april 2026 14:37"},"featured_img_caption":"","series_order":"","jetpack_likes_enabled":true,"_links":{"self":[{"href":"https:\/\/necessities.info\/index.php\/wp-json\/wp\/v2\/posts\/54744","targetHints":{"allow":["GET"]}}],"collection":[{"href":"https:\/\/necessities.info\/index.php\/wp-json\/wp\/v2\/posts"}],"about":[{"href":"https:\/\/necessities.info\/index.php\/wp-json\/wp\/v2\/types\/post"}],"author":[{"embeddable":true,"href":"https:\/\/necessities.info\/index.php\/wp-json\/wp\/v2\/users\/1"}],"replies":[{"embeddable":true,"href":"https:\/\/necessities.info\/index.php\/wp-json\/wp\/v2\/comments?post=54744"}],"version-history":[{"count":1,"href":"https:\/\/necessities.info\/index.php\/wp-json\/wp\/v2\/posts\/54744\/revisions"}],"predecessor-version":[{"id":54745,"href":"https:\/\/necessities.info\/index.php\/wp-json\/wp\/v2\/posts\/54744\/revisions\/54745"}],"wp:attachment":[{"href":"https:\/\/necessities.info\/index.php\/wp-json\/wp\/v2\/media?parent=54744"}],"wp:term":[{"taxonomy":"category","embeddable":true,"href":"https:\/\/necessities.info\/index.php\/wp-json\/wp\/v2\/categories?post=54744"},{"taxonomy":"post_tag","embeddable":true,"href":"https:\/\/necessities.info\/index.php\/wp-json\/wp\/v2\/tags?post=54744"}],"curies":[{"name":"wp","href":"https:\/\/api.w.org\/{rel}","templated":true}]}}