{"id":579,"date":"2008-09-16T05:20:28","date_gmt":"2008-09-16T03:20:28","guid":{"rendered":"https:\/\/www.necessities.info\/archives\/611-guid.html"},"modified":"2026-02-09T10:44:40","modified_gmt":"2026-02-09T09:44:40","slug":"tisdagstemahost","status":"publish","type":"post","link":"https:\/\/necessities.info\/index.php\/2008\/09\/16\/tisdagstemahost\/","title":{"rendered":"Tisdagstema:h\u00f6st"},"content":{"rendered":"<p><strong><span style=\"color: #000080;\">Tisdagstema:h\u00f6st<\/span><\/strong> Tr\u00e4den har inte riktigt blivit s\u00e5d\u00e4r h\u00f6stvackra \u00e4nnu, men det kommer v\u00e4l med stormsteg. S\u00e5 jag valde en bild p\u00e5 en blomma som jag f\u00e5tt fr\u00e5n \u00c4tran. Den st\u00e5r h\u00e4r i rabatten med sitt ensamma blad. Det har blivit kyligt p\u00e5 n\u00e4tterna v\u00e4ldigt tidigt i \u00e5r och jag hoppas inte det med att ( mycke r\u00f6nnb\u00e4r) svinkall vinter st\u00e4mmer! F\u00f6r d\u00e5 l\u00e4r h\u00e4r bli vargavinter. Det \u00e4r inte bara mycket r\u00f6nnb\u00e4r utan de \u00e4r stora och fina i \u00e5r ocks\u00e5!?<\/p>\n<p style=\"text-align: center;\"><img decoding=\"async\" class=\"aligncenter wp-image-31586 size-full\" src=\"https:\/\/necessities.info\/wp-content\/uploads\/2008\/09\/IMG_3073.jpg\" alt=\"\" width=\"600\" height=\"901\" srcset=\"https:\/\/necessities.info\/wp-content\/uploads\/2008\/09\/IMG_3073.jpg 600w, https:\/\/necessities.info\/wp-content\/uploads\/2008\/09\/IMG_3073-200x300.jpg 200w\" sizes=\"(max-width: 600px) 100vw, 600px\" \/><\/p>\n","protected":false},"excerpt":{"rendered":"<p>Tisdagstema:h\u00f6st Tr\u00e4den har inte riktigt blivit s\u00e5d\u00e4r h\u00f6stvackra \u00e4nnu, men det kommer v\u00e4l med stormsteg. S\u00e5 jag valde en bild p\u00e5 en blomma som jag f\u00e5tt fr\u00e5n \u00c4tran. Den st\u00e5r h\u00e4r i rabatten med sitt ensamma blad. Det har blivit kyligt p\u00e5 n\u00e4tterna v\u00e4ldigt tidigt i \u00e5r och jag hoppas inte det med att ( &#8230; <\/p>\n<p class=\"read-more-container\"><a title=\"Tisdagstema:h\u00f6st\" class=\"read-more button\" href=\"https:\/\/necessities.info\/index.php\/2008\/09\/16\/tisdagstemahost\/\" aria-label=\"L\u00e4s mer om Tisdagstema:h\u00f6st\">\u2665 L\u00e4s mer \u2665 <\/a><\/p>\n","protected":false},"author":1,"featured_media":31586,"comment_status":"open","ping_status":"open","sticky":false,"template":"","format":"standard","meta":{"advgb_blocks_editor_width":"","advgb_blocks_columns_visual_guide":"","footnotes":""},"categories":[4323],"tags":[6179],"class_list":["post-579","post","type-post","status-publish","format-standard","has-post-thumbnail","hentry","category-fototriss","tag-fototriss-tisdagtema"],"author_meta":{"display_name":"Ingalill","author_link":"https:\/\/necessities.info\/author\/ingalill\/"},"featured_img":"https:\/\/necessities.info\/wp-content\/uploads\/2008\/09\/IMG_3073-200x300.jpg","jetpack_featured_media_url":"https:\/\/necessities.info\/wp-content\/uploads\/2008\/09\/IMG_3073.jpg","coauthors":[],"tax_additional":{"categories":{"linked":["<a href=\"https:\/\/necessities.info\/index.php\/category\/fototeman\/fototriss\/\" class=\"advgb-post-tax-term\">Fototriss \/ Tisdagtema<\/a>"],"unlinked":["<span class=\"advgb-post-tax-term\">Fototriss \/ Tisdagtema<\/span>"]},"tags":{"linked":["<a href=\"https:\/\/necessities.info\/index.php\/category\/fototeman\/fototriss\/\" class=\"advgb-post-tax-term\">Fototriss \/ Tisdagtema<\/a>"],"unlinked":["<span class=\"advgb-post-tax-term\">Fototriss \/ Tisdagtema<\/span>"]}},"comment_count":"0","relative_dates":{"created":"Publicerad 18 \u00e5r sedan","modified":"Uppdaterad 3 m\u00e5nader sedan"},"absolute_dates":{"created":"Publicerat den 16 september 2008","modified":"Uppdaterad den 9 februari 2026"},"absolute_dates_time":{"created":"Publicerat den 16 september 2008 05:20","modified":"Uppdaterad den 9 februari 2026 10:44"},"featured_img_caption":"","series_order":"","jetpack_likes_enabled":true,"_links":{"self":[{"href":"https:\/\/necessities.info\/index.php\/wp-json\/wp\/v2\/posts\/579","targetHints":{"allow":["GET"]}}],"collection":[{"href":"https:\/\/necessities.info\/index.php\/wp-json\/wp\/v2\/posts"}],"about":[{"href":"https:\/\/necessities.info\/index.php\/wp-json\/wp\/v2\/types\/post"}],"author":[{"embeddable":true,"href":"https:\/\/necessities.info\/index.php\/wp-json\/wp\/v2\/users\/1"}],"replies":[{"embeddable":true,"href":"https:\/\/necessities.info\/index.php\/wp-json\/wp\/v2\/comments?post=579"}],"version-history":[{"count":1,"href":"https:\/\/necessities.info\/index.php\/wp-json\/wp\/v2\/posts\/579\/revisions"}],"predecessor-version":[{"id":52429,"href":"https:\/\/necessities.info\/index.php\/wp-json\/wp\/v2\/posts\/579\/revisions\/52429"}],"wp:featuredmedia":[{"embeddable":true,"href":"https:\/\/necessities.info\/index.php\/wp-json\/wp\/v2\/media\/31586"}],"wp:attachment":[{"href":"https:\/\/necessities.info\/index.php\/wp-json\/wp\/v2\/media?parent=579"}],"wp:term":[{"taxonomy":"category","embeddable":true,"href":"https:\/\/necessities.info\/index.php\/wp-json\/wp\/v2\/categories?post=579"},{"taxonomy":"post_tag","embeddable":true,"href":"https:\/\/necessities.info\/index.php\/wp-json\/wp\/v2\/tags?post=579"}],"curies":[{"name":"wp","href":"https:\/\/api.w.org\/{rel}","templated":true}]}}