{"id":595,"date":"2008-09-24T05:07:23","date_gmt":"2008-09-24T05:07:23","guid":{"rendered":"https:\/\/www.necessities.info\/archives\/627-guid.html"},"modified":"2026-02-09T11:18:49","modified_gmt":"2026-02-09T10:18:49","slug":"host-promenad","status":"publish","type":"post","link":"https:\/\/necessities.info\/index.php\/2008\/09\/24\/host-promenad\/","title":{"rendered":"H\u00f6st promenad"},"content":{"rendered":"<p>Dagens bild \u00e4r fr\u00e5n Torekulla. Vi var ute och tog en h\u00e4rlig promenad. Det \u00e4r ganska backig terr\u00e4ng och vi m\u00f6tte flera cyklister. Jag tycker jag har hyfsad kondition, men n\u00e4r man m\u00f6ter en tant med stavar som bl\u00e5ser om en med rasande fart och en stund senare blir om bl\u00e5st igen, blev man lite fundersam. Men vi hade tagit stora slingan, medan tanten garanterat hade tagit den lilla slingan, och p\u00e5 s\u00e5 sett genat oss! M\u00e5ste absolut vara s\u00e5!!??<\/p>\n<p style=\"text-align: center;\"><img decoding=\"async\" class=\"aligncenter wp-image-31616 size-full\" src=\"https:\/\/necessities.info\/wp-content\/uploads\/2008\/09\/2883626211_d66e23c7f3_o.jpg\" alt=\"\" width=\"800\" height=\"533\" srcset=\"https:\/\/necessities.info\/wp-content\/uploads\/2008\/09\/2883626211_d66e23c7f3_o.jpg 800w, https:\/\/necessities.info\/wp-content\/uploads\/2008\/09\/2883626211_d66e23c7f3_o-300x200.jpg 300w, https:\/\/necessities.info\/wp-content\/uploads\/2008\/09\/2883626211_d66e23c7f3_o-768x512.jpg 768w\" sizes=\"(max-width: 800px) 100vw, 800px\" \/><\/p>\n","protected":false},"excerpt":{"rendered":"<p>Dagens bild \u00e4r fr\u00e5n Torekulla. Vi var ute och tog en h\u00e4rlig promenad. Det \u00e4r ganska backig terr\u00e4ng och vi m\u00f6tte flera cyklister. Jag tycker jag har hyfsad kondition, men n\u00e4r man m\u00f6ter en tant med stavar som bl\u00e5ser om en med rasande fart och en stund senare blir om bl\u00e5st igen, blev man lite &#8230; <\/p>\n<p class=\"read-more-container\"><a title=\"H\u00f6st promenad\" class=\"read-more button\" href=\"https:\/\/necessities.info\/index.php\/2008\/09\/24\/host-promenad\/\" aria-label=\"L\u00e4s mer om H\u00f6st promenad\">\u2665 L\u00e4s mer \u2665 <\/a><\/p>\n","protected":false},"author":1,"featured_media":31616,"comment_status":"open","ping_status":"open","sticky":false,"template":"","format":"standard","meta":{"advgb_blocks_editor_width":"","advgb_blocks_columns_visual_guide":"","footnotes":""},"categories":[4318],"tags":[6181],"class_list":["post-595","post","type-post","status-publish","format-standard","has-post-thumbnail","hentry","category-dagens-bild","tag-dagens-bild"],"author_meta":{"display_name":"Ingalill","author_link":"https:\/\/necessities.info\/author\/ingalill\/"},"featured_img":"https:\/\/necessities.info\/wp-content\/uploads\/2008\/09\/2883626211_d66e23c7f3_o-300x200.jpg","jetpack_featured_media_url":"https:\/\/necessities.info\/wp-content\/uploads\/2008\/09\/2883626211_d66e23c7f3_o.jpg","coauthors":[],"tax_additional":{"categories":{"linked":["<a href=\"https:\/\/necessities.info\/index.php\/category\/fototeman\/dagens-bild\/\" class=\"advgb-post-tax-term\">Dagens bild<\/a>"],"unlinked":["<span class=\"advgb-post-tax-term\">Dagens bild<\/span>"]},"tags":{"linked":["<a href=\"https:\/\/necessities.info\/index.php\/category\/fototeman\/dagens-bild\/\" class=\"advgb-post-tax-term\">Dagens bild<\/a>"],"unlinked":["<span class=\"advgb-post-tax-term\">Dagens bild<\/span>"]}},"comment_count":"0","relative_dates":{"created":"Publicerad 18 \u00e5r sedan","modified":"Uppdaterad 3 m\u00e5nader sedan"},"absolute_dates":{"created":"Publicerat den 24 september 2008","modified":"Uppdaterad den 9 februari 2026"},"absolute_dates_time":{"created":"Publicerat den 24 september 2008 05:07","modified":"Uppdaterad den 9 februari 2026 11:18"},"featured_img_caption":"","series_order":"","jetpack_likes_enabled":true,"_links":{"self":[{"href":"https:\/\/necessities.info\/index.php\/wp-json\/wp\/v2\/posts\/595","targetHints":{"allow":["GET"]}}],"collection":[{"href":"https:\/\/necessities.info\/index.php\/wp-json\/wp\/v2\/posts"}],"about":[{"href":"https:\/\/necessities.info\/index.php\/wp-json\/wp\/v2\/types\/post"}],"author":[{"embeddable":true,"href":"https:\/\/necessities.info\/index.php\/wp-json\/wp\/v2\/users\/1"}],"replies":[{"embeddable":true,"href":"https:\/\/necessities.info\/index.php\/wp-json\/wp\/v2\/comments?post=595"}],"version-history":[{"count":1,"href":"https:\/\/necessities.info\/index.php\/wp-json\/wp\/v2\/posts\/595\/revisions"}],"predecessor-version":[{"id":52540,"href":"https:\/\/necessities.info\/index.php\/wp-json\/wp\/v2\/posts\/595\/revisions\/52540"}],"wp:featuredmedia":[{"embeddable":true,"href":"https:\/\/necessities.info\/index.php\/wp-json\/wp\/v2\/media\/31616"}],"wp:attachment":[{"href":"https:\/\/necessities.info\/index.php\/wp-json\/wp\/v2\/media?parent=595"}],"wp:term":[{"taxonomy":"category","embeddable":true,"href":"https:\/\/necessities.info\/index.php\/wp-json\/wp\/v2\/categories?post=595"},{"taxonomy":"post_tag","embeddable":true,"href":"https:\/\/necessities.info\/index.php\/wp-json\/wp\/v2\/tags?post=595"}],"curies":[{"name":"wp","href":"https:\/\/api.w.org\/{rel}","templated":true}]}}