{"id":608,"date":"2008-09-30T05:22:49","date_gmt":"2008-09-30T05:22:49","guid":{"rendered":"https:\/\/www.necessities.info\/archives\/640-guid.html"},"modified":"2026-02-09T10:44:29","modified_gmt":"2026-02-09T09:44:29","slug":"tisdagstemavild","status":"publish","type":"post","link":"https:\/\/necessities.info\/index.php\/2008\/09\/30\/tisdagstemavild\/","title":{"rendered":"Tisdagstema:Vild"},"content":{"rendered":"<p><strong><span style=\"color: #000080;\">Tisdagstema:Vild<\/span><\/strong> Lejonen som l\u00e5g och solade p\u00e5 Bor\u00e5s Djurpark s\u00e5g inte speciellt vilda ut, men som sagt skenet bedrar. Jag blev f\u00f6rv\u00e5nad \u00f6ver att de var s\u00e5 stora. Det var s\u00e5 himla varmt den dagen vi var p\u00e5 djurparken att vi kunde ta flera n\u00e4rbilder p\u00e5 de vilda djuren i lugn och ro. Vi hade verkligen en kanon dag jag och Elvy.<\/p>\n<p style=\"text-align: center;\"><img decoding=\"async\" class=\"aligncenter wp-image-31647 size-full\" src=\"https:\/\/necessities.info\/wp-content\/uploads\/2008\/09\/IMG_8879.jpg\" alt=\"\" width=\"800\" height=\"600\" srcset=\"https:\/\/necessities.info\/wp-content\/uploads\/2008\/09\/IMG_8879.jpg 800w, https:\/\/necessities.info\/wp-content\/uploads\/2008\/09\/IMG_8879-300x225.jpg 300w, https:\/\/necessities.info\/wp-content\/uploads\/2008\/09\/IMG_8879-768x576.jpg 768w\" sizes=\"(max-width: 800px) 100vw, 800px\" \/><\/p>\n","protected":false},"excerpt":{"rendered":"<p>Tisdagstema:Vild Lejonen som l\u00e5g och solade p\u00e5 Bor\u00e5s Djurpark s\u00e5g inte speciellt vilda ut, men som sagt skenet bedrar. Jag blev f\u00f6rv\u00e5nad \u00f6ver att de var s\u00e5 stora. Det var s\u00e5 himla varmt den dagen vi var p\u00e5 djurparken att vi kunde ta flera n\u00e4rbilder p\u00e5 de vilda djuren i lugn och ro. Vi hade &#8230; <\/p>\n<p class=\"read-more-container\"><a title=\"Tisdagstema:Vild\" class=\"read-more button\" href=\"https:\/\/necessities.info\/index.php\/2008\/09\/30\/tisdagstemavild\/\" aria-label=\"L\u00e4s mer om Tisdagstema:Vild\">\u2665 L\u00e4s mer \u2665 <\/a><\/p>\n","protected":false},"author":1,"featured_media":31647,"comment_status":"open","ping_status":"open","sticky":false,"template":"","format":"standard","meta":{"advgb_blocks_editor_width":"","advgb_blocks_columns_visual_guide":"","footnotes":""},"categories":[4323],"tags":[6179],"class_list":["post-608","post","type-post","status-publish","format-standard","has-post-thumbnail","hentry","category-fototriss","tag-fototriss-tisdagtema"],"author_meta":{"display_name":"Ingalill","author_link":"https:\/\/necessities.info\/author\/ingalill\/"},"featured_img":"https:\/\/necessities.info\/wp-content\/uploads\/2008\/09\/IMG_8879-300x225.jpg","jetpack_featured_media_url":"https:\/\/necessities.info\/wp-content\/uploads\/2008\/09\/IMG_8879.jpg","coauthors":[],"tax_additional":{"categories":{"linked":["<a href=\"https:\/\/necessities.info\/index.php\/category\/fototeman\/fototriss\/\" class=\"advgb-post-tax-term\">Fototriss \/ Tisdagtema<\/a>"],"unlinked":["<span class=\"advgb-post-tax-term\">Fototriss \/ Tisdagtema<\/span>"]},"tags":{"linked":["<a href=\"https:\/\/necessities.info\/index.php\/category\/fototeman\/fototriss\/\" class=\"advgb-post-tax-term\">Fototriss \/ Tisdagtema<\/a>"],"unlinked":["<span class=\"advgb-post-tax-term\">Fototriss \/ Tisdagtema<\/span>"]}},"comment_count":"0","relative_dates":{"created":"Publicerad 18 \u00e5r sedan","modified":"Uppdaterad 3 m\u00e5nader sedan"},"absolute_dates":{"created":"Publicerat den 30 september 2008","modified":"Uppdaterad den 9 februari 2026"},"absolute_dates_time":{"created":"Publicerat den 30 september 2008 05:22","modified":"Uppdaterad den 9 februari 2026 10:44"},"featured_img_caption":"","series_order":"","jetpack_likes_enabled":true,"_links":{"self":[{"href":"https:\/\/necessities.info\/index.php\/wp-json\/wp\/v2\/posts\/608","targetHints":{"allow":["GET"]}}],"collection":[{"href":"https:\/\/necessities.info\/index.php\/wp-json\/wp\/v2\/posts"}],"about":[{"href":"https:\/\/necessities.info\/index.php\/wp-json\/wp\/v2\/types\/post"}],"author":[{"embeddable":true,"href":"https:\/\/necessities.info\/index.php\/wp-json\/wp\/v2\/users\/1"}],"replies":[{"embeddable":true,"href":"https:\/\/necessities.info\/index.php\/wp-json\/wp\/v2\/comments?post=608"}],"version-history":[{"count":1,"href":"https:\/\/necessities.info\/index.php\/wp-json\/wp\/v2\/posts\/608\/revisions"}],"predecessor-version":[{"id":48918,"href":"https:\/\/necessities.info\/index.php\/wp-json\/wp\/v2\/posts\/608\/revisions\/48918"}],"wp:featuredmedia":[{"embeddable":true,"href":"https:\/\/necessities.info\/index.php\/wp-json\/wp\/v2\/media\/31647"}],"wp:attachment":[{"href":"https:\/\/necessities.info\/index.php\/wp-json\/wp\/v2\/media?parent=608"}],"wp:term":[{"taxonomy":"category","embeddable":true,"href":"https:\/\/necessities.info\/index.php\/wp-json\/wp\/v2\/categories?post=608"},{"taxonomy":"post_tag","embeddable":true,"href":"https:\/\/necessities.info\/index.php\/wp-json\/wp\/v2\/tags?post=608"}],"curies":[{"name":"wp","href":"https:\/\/api.w.org\/{rel}","templated":true}]}}