{"id":66,"date":"2007-04-11T20:43:49","date_gmt":"2007-04-11T20:43:49","guid":{"rendered":"https:\/\/www.necessities.info\/archives\/76-guid.html"},"modified":"2026-02-10T11:30:01","modified_gmt":"2026-02-10T10:30:01","slug":"karringroj-hos-rosa","status":"publish","type":"post","link":"https:\/\/necessities.info\/index.php\/2007\/04\/11\/karringroj-hos-rosa\/","title":{"rendered":"K\u00e4rringr\u00f6j hos Rosa"},"content":{"rendered":"<p>Vi har varit hemma hos Rosa idag som beh\u00f6vde m\u00e5la om sitt staket. Elvy, Rosa och Tore hade redan b\u00f6rjat m\u00e5la n\u00e4r jag kom s\u00e5 de ville in och \u00e4ta innan vi k\u00f6rde ig\u00e5ng. Jag hade p\u00e5b\u00f6rjat att r\u00f6ja v\u00e4ck mina hallonbuskar och skulle bara vila en halvtimme innan jag skulle fodra, men jag slocknade p\u00e5 direkten s\u00e5 idag var jag allt lite sen. K\u00e4ndes lite snopet att de hade kommit s\u00e5 l\u00e5ngt och att vi gick in och \u00e5t p\u00e5 direkten (ja f\u00f6r mig i alla fall) jag var rej\u00e4lt m\u00e5lar sugen och ville k\u00f6ra ig\u00e5ng.<\/p>\n<table style=\"border-collapse: collapse; width: 100%; height: 90px;\">\n<tbody>\n<tr style=\"height: 90px;\">\n<td style=\"width: 50%; height: 90px;\"><img decoding=\"async\" class=\"size-medium wp-image-29986 aligncenter\" src=\"https:\/\/necessities.info\/wp-content\/uploads\/2007\/04\/IMG_0316-225x300.jpg\" alt=\"\" width=\"225\" height=\"300\" srcset=\"https:\/\/necessities.info\/wp-content\/uploads\/2007\/04\/IMG_0316-225x300.jpg 225w, https:\/\/necessities.info\/wp-content\/uploads\/2007\/04\/IMG_0316.jpg 250w\" sizes=\"(max-width: 225px) 100vw, 225px\" \/><\/td>\n<td style=\"width: 50%; height: 90px;\"><img decoding=\"async\" class=\"wp-image-29987 aligncenter\" src=\"https:\/\/necessities.info\/wp-content\/uploads\/2007\/04\/allatre_staket.jpg\" alt=\"\" width=\"348\" height=\"262\" \/><\/td>\n<\/tr>\n<\/tbody>\n<\/table>\n<p>J\u00f6sses vad de m\u00e5ste ha m\u00e5lat snabbt? Hmm jag kanske skulle passa p\u00e5 att m\u00e5la om huset i sommar!!!?! Tore, Rosa och Elvy verkar ju vara ena riktiga proffs.<\/p>\n<p>Men det var j\u00e4tte gott med paj och sallad. Det var v\u00e4ldigt mysigt att s\u00e4tta sig ner och prata en stund jag k\u00e4nde mig lite stressad \u00f6ver att jag var s\u00e5 sen och nu hann jag g\u00e5 ner i varv innan m\u00e5lningen.<\/p>\n<table style=\"border-collapse: collapse; width: 100%; height: 116px;\">\n<tbody>\n<tr style=\"height: 116px;\">\n<td style=\"width: 50%; height: 116px;\"><img decoding=\"async\" class=\" wp-image-29989 aligncenter\" src=\"https:\/\/necessities.info\/wp-content\/uploads\/2007\/04\/IMG_0318.jpg\" alt=\"\" width=\"320\" height=\"241\" \/><\/td>\n<td style=\"width: 50%; height: 116px;\"><img decoding=\"async\" class=\" wp-image-29990 aligncenter\" src=\"https:\/\/necessities.info\/wp-content\/uploads\/2007\/04\/IMG_0319.jpg\" alt=\"\" width=\"317\" height=\"238\" \/><\/td>\n<\/tr>\n<\/tbody>\n<\/table>\n<p style=\"text-align: left;\">\u00a0Det \u00e4r v\u00e4ldigt roligt n\u00e4r man kan st\u00e5 s\u00e5 h\u00e4r tillsammans och snacka lite skit och diskutera alla planer man har f\u00f6r tr\u00e4dg\u00e5rden. Men jag har lagt m\u00e4rke till att v\u00e5ra planer om vad man kan g\u00f6ra blir bara st\u00f6rre och st\u00f6rre efter varje k\u00e4rring r\u00f6j. Hmm man b\u00f6rjar funderar p\u00e5 hur det h\u00e4r skall sluta? Men h\u00e4r ser ni i alla fall slutresultatet av dagens r\u00f6j.<\/p>\n<p style=\"text-align: center;\"><img decoding=\"async\" class=\"alignnone  wp-image-29991\" src=\"https:\/\/necessities.info\/wp-content\/uploads\/2007\/04\/IMG_0324-300x225.jpg\" alt=\"\" width=\"503\" height=\"377\" srcset=\"https:\/\/necessities.info\/wp-content\/uploads\/2007\/04\/IMG_0324-300x225.jpg 300w, https:\/\/necessities.info\/wp-content\/uploads\/2007\/04\/IMG_0324.jpg 350w\" sizes=\"(max-width: 503px) 100vw, 503px\" \/><\/p>\n","protected":false},"excerpt":{"rendered":"<p>Vi har varit hemma hos Rosa idag som beh\u00f6vde m\u00e5la om sitt staket. Elvy, Rosa och Tore hade redan b\u00f6rjat m\u00e5la n\u00e4r jag kom s\u00e5 de ville in och \u00e4ta innan vi k\u00f6rde ig\u00e5ng. Jag hade p\u00e5b\u00f6rjat att r\u00f6ja v\u00e4ck mina hallonbuskar och skulle bara vila en halvtimme innan jag skulle fodra, men jag slocknade &#8230; <\/p>\n<p class=\"read-more-container\"><a title=\"K\u00e4rringr\u00f6j hos Rosa\" class=\"read-more button\" href=\"https:\/\/necessities.info\/index.php\/2007\/04\/11\/karringroj-hos-rosa\/\" aria-label=\"L\u00e4s mer om K\u00e4rringr\u00f6j hos Rosa\">\u2665 L\u00e4s mer \u2665 <\/a><\/p>\n","protected":false},"author":1,"featured_media":29986,"comment_status":"open","ping_status":"open","sticky":false,"template":"","format":"standard","meta":{"advgb_blocks_editor_width":"","advgb_blocks_columns_visual_guide":"","footnotes":""},"categories":[4328],"tags":[1815],"class_list":["post-66","post","type-post","status-publish","format-standard","has-post-thumbnail","hentry","category-karringonsdag","tag-karringonsdag-2"],"author_meta":{"display_name":"Ingalill","author_link":"https:\/\/necessities.info\/author\/ingalill\/"},"featured_img":"https:\/\/necessities.info\/wp-content\/uploads\/2007\/04\/IMG_0316-225x300.jpg","jetpack_featured_media_url":"https:\/\/necessities.info\/wp-content\/uploads\/2007\/04\/IMG_0316.jpg","coauthors":[],"tax_additional":{"categories":{"linked":["<a href=\"https:\/\/necessities.info\/index.php\/category\/smatt-o-gott\/karringonsdag\/\" class=\"advgb-post-tax-term\">K\u00e4rringonsdag<\/a>"],"unlinked":["<span class=\"advgb-post-tax-term\">K\u00e4rringonsdag<\/span>"]},"tags":{"linked":["<a href=\"https:\/\/necessities.info\/index.php\/category\/smatt-o-gott\/karringonsdag\/\" class=\"advgb-post-tax-term\">k\u00e4rringonsdag<\/a>"],"unlinked":["<span class=\"advgb-post-tax-term\">k\u00e4rringonsdag<\/span>"]}},"comment_count":"1","relative_dates":{"created":"Publicerad 19 \u00e5r sedan","modified":"Uppdaterad 3 m\u00e5nader sedan"},"absolute_dates":{"created":"Publicerat den 11 april 2007","modified":"Uppdaterad den 10 februari 2026"},"absolute_dates_time":{"created":"Publicerat den 11 april 2007 20:43","modified":"Uppdaterad den 10 februari 2026 11:30"},"featured_img_caption":"","series_order":"","jetpack_likes_enabled":true,"_links":{"self":[{"href":"https:\/\/necessities.info\/index.php\/wp-json\/wp\/v2\/posts\/66","targetHints":{"allow":["GET"]}}],"collection":[{"href":"https:\/\/necessities.info\/index.php\/wp-json\/wp\/v2\/posts"}],"about":[{"href":"https:\/\/necessities.info\/index.php\/wp-json\/wp\/v2\/types\/post"}],"author":[{"embeddable":true,"href":"https:\/\/necessities.info\/index.php\/wp-json\/wp\/v2\/users\/1"}],"replies":[{"embeddable":true,"href":"https:\/\/necessities.info\/index.php\/wp-json\/wp\/v2\/comments?post=66"}],"version-history":[{"count":1,"href":"https:\/\/necessities.info\/index.php\/wp-json\/wp\/v2\/posts\/66\/revisions"}],"predecessor-version":[{"id":53876,"href":"https:\/\/necessities.info\/index.php\/wp-json\/wp\/v2\/posts\/66\/revisions\/53876"}],"wp:featuredmedia":[{"embeddable":true,"href":"https:\/\/necessities.info\/index.php\/wp-json\/wp\/v2\/media\/29986"}],"wp:attachment":[{"href":"https:\/\/necessities.info\/index.php\/wp-json\/wp\/v2\/media?parent=66"}],"wp:term":[{"taxonomy":"category","embeddable":true,"href":"https:\/\/necessities.info\/index.php\/wp-json\/wp\/v2\/categories?post=66"},{"taxonomy":"post_tag","embeddable":true,"href":"https:\/\/necessities.info\/index.php\/wp-json\/wp\/v2\/tags?post=66"}],"curies":[{"name":"wp","href":"https:\/\/api.w.org\/{rel}","templated":true}]}}