{"id":8465,"date":"2009-12-12T20:00:06","date_gmt":"2009-12-12T19:00:06","guid":{"rendered":"https:\/\/www.necessities.info\/?p=8465"},"modified":"2026-02-17T08:41:10","modified_gmt":"2026-02-17T07:41:10","slug":"julpynt-i-datarummet","status":"publish","type":"post","link":"https:\/\/necessities.info\/index.php\/2009\/12\/12\/julpynt-i-datarummet\/","title":{"rendered":"Julpynt i datarummet"},"content":{"rendered":"<p style=\"text-align: center;\"><a href=\"http:\/\/farm6.static.flickr.com\/5004\/5254620915_f1d601b7d3_b.jpg\" rel=\"noopener\"> <img decoding=\"async\" class=\"aligncenter\" src=\"http:\/\/farm6.static.flickr.com\/5004\/5254620915_f1d601b7d3.jpg\" alt=\"Datarummet\" width=\"804\" height=\"537\" border=\"0\" \/><\/a><\/p>\n<p>Blev s\u00e5 sugen att s\u00e4tta upp julgranen! Jag dividerade lite fram och tillbaka om vi skulle ha en \u00e4kta i \u00e5r. Gubbens sl\u00e4kt kommer ju ner, och det luktar s\u00e5 ljuvligt med riktig gran. Men \u2013 bara tanken p\u00e5 allt barr fick mig att dra p\u00e5 termobyxorna och vandra upp till loftet i st\u00e4llet.<\/p>\n<p>H\u00e4starna stod och myste i bj\u00f6rkdungen och var inte alls sugna p\u00e5 att hj\u00e4lpa till att ta ner grejer. Beethoven brukar annars vara makal\u00f6s p\u00e5 att dra ut kartongerna som st\u00e5r f\u00f6r n\u00e4ra portarna. Men jag tror att det blir sista \u00e5ret med den gamla plastgranen. Visst har den sin charm, men grenarna orkar knappt h\u00e5lla upp kulorna l\u00e4ngre. Dessutom \u00e4r det nog dags att byta ut pyntet ocks\u00e5.<\/p>\n<p style=\"text-align: center;\"><a href=\"http:\/\/farm6.static.flickr.com\/5005\/5254620389_4915d3367c_b.jpg\" rel=\"noopener\"> <img decoding=\"async\" class=\"aligncenter\" src=\"http:\/\/farm6.static.flickr.com\/5005\/5254620389_4915d3367c.jpg\" alt=\"Vid soffan\" width=\"800\" height=\"534\" border=\"0\" \/><\/a><\/p>\n<p class=\"my-2 [&amp;+p]:mt-4 [&amp;_strong:has(+br)]:inline-block [&amp;_strong:has(+br)]:pb-2\">Gick runt och spanade efter Lill-polarn, som brukar vilja vara med och pynta. Samtidigt var det faktiskt sk\u00f6nt att f\u00e5 kl\u00e4 granen i lugn och ro \u2013 och slippa h\u00f6ra hur\u00a0<em>B\u2011aktigt<\/em>\u00a0det \u00e4r med en 50\u2011tals plastgran d\u00e4r man m\u00e5ste s\u00e4tta dit gren f\u00f6r gren. Han ser inte alls charmen med den! Och som om inte det var illa nog, s\u00e5 sitter det en julklappsvaktare mitt bland grenarna&#8230;<\/p>\n<p style=\"text-align: center;\"><a href=\"https:\/\/www.necessities.info\/pages\/IMG_9288.jpg\"> <img decoding=\"async\" class=\"aligncenter\" src=\"https:\/\/www.necessities.info\/pages\/IMG_9288.jpg\" alt=\"Dator h\u00f6rnet\" width=\"546\" height=\"819\" border=\"0\" \/><\/a><\/p>\n<p>Datorn spelade julmusik f\u00f6r h\u00f6gtryck medan jag gick runt och t\u00e4nde ljus, och julst\u00e4mningen b\u00f6rjade l\u00e5ngsamt sprida sig i huset. Jag \u00e4r s\u00e5 himla n\u00f6jd med alla pl\u00e4dar jag k\u00f6pte p\u00e5 RK \u2013 har verkligen anv\u00e4nt varenda en! I g\u00e5r n\u00e4r jag satt och l\u00e4ste bloggar for en stor tomte i golvet, den som brukar sitta p\u00e5 f\u00e5t\u00f6ljkanten. N\u00e4r jag kollade orsaken s\u00e5g jag Pepper, som vr\u00e4kt ut sig i full l\u00e4ngd s\u00e5 b\u00e5de tomten och tv\u00e5 kuddar f\u00f6ljde med i fallet. Han\u00a0<em>\u00e4r<\/em>\u00a0verkligen en stor katt!<\/p>\n<p style=\"text-align: center;\"><a href=\"http:\/\/farm6.static.flickr.com\/5089\/5255230592_e3b8837177_b.jpg\" rel=\"noopener\"> <img decoding=\"async\" class=\"aligncenter\" src=\"http:\/\/farm6.static.flickr.com\/5089\/5255230592_e3b8837177.jpg\" alt=\"Lill-polarns h\u00f6rne\" width=\"580\" height=\"817\" border=\"0\" \/><\/a><\/p>\n<p>Sist men inte minst \u2013 Lill-polarns lilla h\u00f6rna. Den lilla granen var t\u00e4nd och allt s\u00e5g mysigt ut &#8230; tills jag uppt\u00e4ckte att han var borta! \ud83d\ude2e Jag \u00e4r n\u00e4stan s\u00e4ker p\u00e5 att han stod d\u00e4r nyss och mulade i sig gubbens nyink\u00f6pta bullar. Det h\u00e4r h\u00f6rnet har ju varit en gammal garderob, s\u00e5 det drar r\u00e4tt rej\u00e4lt fr\u00e5n golvlisterna. Han fick en extra tjock matta f\u00f6r att inte stelna till om f\u00f6tterna \u2013 men tydligen har han hittat n\u00e5got roligare att g\u00f6ra.<\/p>\n<p style=\"text-align: center;\"><a href=\"https:\/\/www.necessities.info\/pages\/IMG_9296.jpg\"> <img decoding=\"async\" class=\"aligncenter\" src=\"https:\/\/www.necessities.info\/pages\/IMG_9296.jpg\" alt=\"Julklapps tjuv\" width=\"577\" height=\"866\" border=\"0\" \/><\/a><\/p>\n<p>Jaha! Mycket riktigt \u2013 han passade f\u00f6rst\u00e5s p\u00e5 att sno julklapparna medan jag h\u00f6ll p\u00e5 med annat.<\/p>\n","protected":false},"excerpt":{"rendered":"<p>Blev s\u00e5 sugen att s\u00e4tta upp julgranen! Jag dividerade lite fram och tillbaka om vi skulle ha en \u00e4kta i \u00e5r. Gubbens sl\u00e4kt kommer ju ner, och det luktar s\u00e5 ljuvligt med riktig gran. Men \u2013 bara tanken p\u00e5 allt barr fick mig att dra p\u00e5 termobyxorna och vandra upp till loftet i st\u00e4llet. H\u00e4starna &#8230; <\/p>\n<p class=\"read-more-container\"><a title=\"Julpynt i datarummet\" class=\"read-more button\" href=\"https:\/\/necessities.info\/index.php\/2009\/12\/12\/julpynt-i-datarummet\/\" aria-label=\"L\u00e4s mer om Julpynt i datarummet\">\u2665 L\u00e4s mer \u2665 <\/a><\/p>\n","protected":false},"author":1,"featured_media":36393,"comment_status":"open","ping_status":"open","sticky":false,"template":"","format":"standard","meta":{"advgb_blocks_editor_width":"","advgb_blocks_columns_visual_guide":"","footnotes":""},"categories":[4312],"tags":[6200,1734,1754,2143],"class_list":["post-8465","post","type-post","status-publish","format-standard","has-post-thumbnail","hentry","category-1-objekt-365-dagar","tag-1-objekt-365-dagar","tag-jul","tag-julpynt","tag-lill-polarn"],"author_meta":{"display_name":"Ingalill","author_link":"https:\/\/necessities.info\/author\/ingalill\/"},"featured_img":"https:\/\/necessities.info\/wp-content\/uploads\/2010\/12\/5254620915_f1d601b7d3_b-300x200.jpg","jetpack_featured_media_url":"https:\/\/necessities.info\/wp-content\/uploads\/2010\/12\/5254620915_f1d601b7d3_b.jpg","coauthors":[],"tax_additional":{"categories":{"linked":["<a href=\"https:\/\/necessities.info\/index.php\/category\/fototeman\/1-objekt-365-dagar\/\" class=\"advgb-post-tax-term\">1 objekt 365 dagar<\/a>"],"unlinked":["<span class=\"advgb-post-tax-term\">1 objekt 365 dagar<\/span>"]},"tags":{"linked":["<a href=\"https:\/\/necessities.info\/index.php\/category\/fototeman\/1-objekt-365-dagar\/\" class=\"advgb-post-tax-term\">1 objekt 365 dagar<\/a>","<a href=\"https:\/\/necessities.info\/index.php\/category\/fototeman\/1-objekt-365-dagar\/\" class=\"advgb-post-tax-term\">jul<\/a>","<a href=\"https:\/\/necessities.info\/index.php\/category\/fototeman\/1-objekt-365-dagar\/\" class=\"advgb-post-tax-term\">julpynt<\/a>","<a href=\"https:\/\/necessities.info\/index.php\/category\/fototeman\/1-objekt-365-dagar\/\" class=\"advgb-post-tax-term\">Lill-polarn<\/a>"],"unlinked":["<span class=\"advgb-post-tax-term\">1 objekt 365 dagar<\/span>","<span class=\"advgb-post-tax-term\">jul<\/span>","<span class=\"advgb-post-tax-term\">julpynt<\/span>","<span class=\"advgb-post-tax-term\">Lill-polarn<\/span>"]}},"comment_count":"1","relative_dates":{"created":"Publicerad 16 \u00e5r sedan","modified":"Uppdaterad 2 m\u00e5nader sedan"},"absolute_dates":{"created":"Publicerat den 12 december 2009","modified":"Uppdaterad den 17 februari 2026"},"absolute_dates_time":{"created":"Publicerat den 12 december 2009 20:00","modified":"Uppdaterad den 17 februari 2026 08:41"},"featured_img_caption":"","series_order":"","jetpack_likes_enabled":true,"_links":{"self":[{"href":"https:\/\/necessities.info\/index.php\/wp-json\/wp\/v2\/posts\/8465","targetHints":{"allow":["GET"]}}],"collection":[{"href":"https:\/\/necessities.info\/index.php\/wp-json\/wp\/v2\/posts"}],"about":[{"href":"https:\/\/necessities.info\/index.php\/wp-json\/wp\/v2\/types\/post"}],"author":[{"embeddable":true,"href":"https:\/\/necessities.info\/index.php\/wp-json\/wp\/v2\/users\/1"}],"replies":[{"embeddable":true,"href":"https:\/\/necessities.info\/index.php\/wp-json\/wp\/v2\/comments?post=8465"}],"version-history":[{"count":2,"href":"https:\/\/necessities.info\/index.php\/wp-json\/wp\/v2\/posts\/8465\/revisions"}],"predecessor-version":[{"id":54561,"href":"https:\/\/necessities.info\/index.php\/wp-json\/wp\/v2\/posts\/8465\/revisions\/54561"}],"wp:featuredmedia":[{"embeddable":true,"href":"https:\/\/necessities.info\/index.php\/wp-json\/wp\/v2\/media\/36393"}],"wp:attachment":[{"href":"https:\/\/necessities.info\/index.php\/wp-json\/wp\/v2\/media?parent=8465"}],"wp:term":[{"taxonomy":"category","embeddable":true,"href":"https:\/\/necessities.info\/index.php\/wp-json\/wp\/v2\/categories?post=8465"},{"taxonomy":"post_tag","embeddable":true,"href":"https:\/\/necessities.info\/index.php\/wp-json\/wp\/v2\/tags?post=8465"}],"curies":[{"name":"wp","href":"https:\/\/api.w.org\/{rel}","templated":true}]}}