{"id":8491,"date":"2010-12-25T14:39:37","date_gmt":"2010-12-25T14:39:37","guid":{"rendered":"https:\/\/www.necessities.info\/?p=8491"},"modified":"2026-02-09T12:18:40","modified_gmt":"2026-02-09T11:18:40","slug":"oj-sa-kallt-det-ar","status":"publish","type":"post","link":"https:\/\/necessities.info\/index.php\/2010\/12\/25\/oj-sa-kallt-det-ar\/","title":{"rendered":"Oj s\u00e5 kallt det \u00e4r"},"content":{"rendered":"<p style=\"text-align: center;\"><img decoding=\"async\" class=\"aligncenter wp-image-32981\" src=\"https:\/\/necessities.info\/wp-content\/uploads\/2010\/12\/5289852679_baca23a8a0_b-300x200.jpg\" alt=\"\" width=\"800\" height=\"534\" srcset=\"https:\/\/necessities.info\/wp-content\/uploads\/2010\/12\/5289852679_baca23a8a0_b-300x200.jpg 300w, https:\/\/necessities.info\/wp-content\/uploads\/2010\/12\/5289852679_baca23a8a0_b-768x512.jpg 768w, https:\/\/necessities.info\/wp-content\/uploads\/2010\/12\/5289852679_baca23a8a0_b.jpg 1024w\" sizes=\"(max-width: 800px) 100vw, 800px\" \/><\/p>\n<p>Vilket h\u00e4rligt v\u00e4der det \u00e4r i dag. Den ena medryttaren kom upp och jag skulle visa lite ridv\u00e4gar. Nu var det ett tag sedan jag red s\u00e5 det k\u00e4ndes bara s\u00e5 mysigt. N\u00e4r jag gick ut var det -18 och inom 5 minuter var jag svinkall p\u00e5 h\u00e4nderna och en fot. K\u00e4nde bara shit! Jag kommer att frysa till isbit s\u00e5 det blir kanske bara en micro ridtur.\u00a0 Men jag blev snart riktigt varm och vi tog en rej\u00e4l ridtur. Kommer f\u00f6rmodligen k\u00e4nna mig lite m\u00f6rbultad i morgon med det var det definitivt v\u00e4rt.<\/p>\n<p>Sv\u00e5rt att beskriva hur mysiga h\u00e4starna \u00e4r n\u00e4r de lugn och fin br\u00f6tar sig fram i skogen. P\u00e5 ett st\u00e4lle fick jag v\u00e4nda Bellman s\u00e5 sn\u00e4vt och ligga l\u00e4ngst sidan f\u00f6r att komma under en stor gren, d\u00e5 k\u00e4nns det bara s\u00e5 bra n\u00e4r de \u00e4r s\u00e5 lugna och l\u00e4tta att ratta runt. Anna som red Beethoven red s\u00e5 mjukt och fint att s\u00e5 fort hon vred lite p\u00e5 kroppen eller tog lite i tyglarna s\u00e5 b\u00f6rjade han tugga direkt och fundera p\u00e5 vad hon ville. Han \u00e4r visserligen v\u00e4ldigt lyh\u00f6rd, men jag har aldrig t\u00e4nkt p\u00e5 att han \u00e4r med s\u00e5 p\u00e5 de minsta r\u00f6relserna.<\/p>\n<p>Nu blir det en kopp kaffe, sedan en sv\u00e4ng med Shakira och stora softa kv\u00e4llen med diverse filmer st\u00e5r till sist p\u00e5 tur.<\/p>\n","protected":false},"excerpt":{"rendered":"<p>Vilket h\u00e4rligt v\u00e4der det \u00e4r i dag. Den ena medryttaren kom upp och jag skulle visa lite ridv\u00e4gar. Nu var det ett tag sedan jag red s\u00e5 det k\u00e4ndes bara s\u00e5 mysigt. N\u00e4r jag gick ut var det -18 och inom 5 minuter var jag svinkall p\u00e5 h\u00e4nderna och en fot. K\u00e4nde bara shit! Jag &#8230; <\/p>\n<p class=\"read-more-container\"><a title=\"Oj s\u00e5 kallt det \u00e4r\" class=\"read-more button\" href=\"https:\/\/necessities.info\/index.php\/2010\/12\/25\/oj-sa-kallt-det-ar\/\" aria-label=\"L\u00e4s mer om Oj s\u00e5 kallt det \u00e4r\">\u2665 L\u00e4s mer \u2665 <\/a><\/p>\n","protected":false},"author":1,"featured_media":32981,"comment_status":"open","ping_status":"open","sticky":false,"template":"","format":"standard","meta":{"advgb_blocks_editor_width":"","advgb_blocks_columns_visual_guide":"","footnotes":""},"categories":[4325],"tags":[1472,1789,3032],"class_list":["post-8491","post","type-post","status-publish","format-standard","has-post-thumbnail","hentry","category-hastarna","tag-hastarna-2","tag-kallt","tag-ridtur"],"author_meta":{"display_name":"Ingalill","author_link":"https:\/\/necessities.info\/author\/ingalill\/"},"featured_img":"https:\/\/necessities.info\/wp-content\/uploads\/2010\/12\/5289852679_baca23a8a0_b-300x200.jpg","jetpack_featured_media_url":"https:\/\/necessities.info\/wp-content\/uploads\/2010\/12\/5289852679_baca23a8a0_b.jpg","coauthors":[],"tax_additional":{"categories":{"linked":["<a href=\"https:\/\/necessities.info\/index.php\/category\/djuren-blandat\/hastarna\/\" class=\"advgb-post-tax-term\">H\u00e4starna<\/a>"],"unlinked":["<span class=\"advgb-post-tax-term\">H\u00e4starna<\/span>"]},"tags":{"linked":["<a href=\"https:\/\/necessities.info\/index.php\/category\/djuren-blandat\/hastarna\/\" class=\"advgb-post-tax-term\">h\u00e4starna<\/a>","<a href=\"https:\/\/necessities.info\/index.php\/category\/djuren-blandat\/hastarna\/\" class=\"advgb-post-tax-term\">kallt<\/a>","<a href=\"https:\/\/necessities.info\/index.php\/category\/djuren-blandat\/hastarna\/\" class=\"advgb-post-tax-term\">ridtur<\/a>"],"unlinked":["<span class=\"advgb-post-tax-term\">h\u00e4starna<\/span>","<span class=\"advgb-post-tax-term\">kallt<\/span>","<span class=\"advgb-post-tax-term\">ridtur<\/span>"]}},"comment_count":"0","relative_dates":{"created":"Publicerad 15 \u00e5r sedan","modified":"Uppdaterad 2 m\u00e5nader sedan"},"absolute_dates":{"created":"Publicerat den 25 december 2010","modified":"Uppdaterad den 9 februari 2026"},"absolute_dates_time":{"created":"Publicerat den 25 december 2010 14:39","modified":"Uppdaterad den 9 februari 2026 12:18"},"featured_img_caption":"","series_order":"","jetpack_likes_enabled":true,"_links":{"self":[{"href":"https:\/\/necessities.info\/index.php\/wp-json\/wp\/v2\/posts\/8491","targetHints":{"allow":["GET"]}}],"collection":[{"href":"https:\/\/necessities.info\/index.php\/wp-json\/wp\/v2\/posts"}],"about":[{"href":"https:\/\/necessities.info\/index.php\/wp-json\/wp\/v2\/types\/post"}],"author":[{"embeddable":true,"href":"https:\/\/necessities.info\/index.php\/wp-json\/wp\/v2\/users\/1"}],"replies":[{"embeddable":true,"href":"https:\/\/necessities.info\/index.php\/wp-json\/wp\/v2\/comments?post=8491"}],"version-history":[{"count":1,"href":"https:\/\/necessities.info\/index.php\/wp-json\/wp\/v2\/posts\/8491\/revisions"}],"predecessor-version":[{"id":52767,"href":"https:\/\/necessities.info\/index.php\/wp-json\/wp\/v2\/posts\/8491\/revisions\/52767"}],"wp:featuredmedia":[{"embeddable":true,"href":"https:\/\/necessities.info\/index.php\/wp-json\/wp\/v2\/media\/32981"}],"wp:attachment":[{"href":"https:\/\/necessities.info\/index.php\/wp-json\/wp\/v2\/media?parent=8491"}],"wp:term":[{"taxonomy":"category","embeddable":true,"href":"https:\/\/necessities.info\/index.php\/wp-json\/wp\/v2\/categories?post=8491"},{"taxonomy":"post_tag","embeddable":true,"href":"https:\/\/necessities.info\/index.php\/wp-json\/wp\/v2\/tags?post=8491"}],"curies":[{"name":"wp","href":"https:\/\/api.w.org\/{rel}","templated":true}]}}