{"id":8749,"date":"2011-02-02T17:25:52","date_gmt":"2011-02-02T17:25:52","guid":{"rendered":"https:\/\/www.necessities.info\/?p=8749"},"modified":"2026-02-07T16:23:45","modified_gmt":"2026-02-07T15:23:45","slug":"passar-ihop-33-av-365","status":"publish","type":"post","link":"https:\/\/necessities.info\/index.php\/2011\/02\/02\/passar-ihop-33-av-365\/","title":{"rendered":"Passar ihop (33 av 365)"},"content":{"rendered":"<p style=\"text-align: center;\"><img decoding=\"async\" class=\"aligncenter wp-image-38392 \" src=\"https:\/\/necessities.info\/wp-content\/uploads\/2011\/02\/5410932296_cea6a0e9a7_b.jpg\" alt=\"\" width=\"655\" height=\"985\" srcset=\"https:\/\/necessities.info\/wp-content\/uploads\/2011\/02\/5410932296_cea6a0e9a7_b.jpg 681w, https:\/\/necessities.info\/wp-content\/uploads\/2011\/02\/5410932296_cea6a0e9a7_b-200x300.jpg 200w\" sizes=\"(max-width: 655px) 100vw, 655px\" \/><\/p>\n<p>Vilken dag! Det har regnat och solen som de lovade idag var max uppe 3 minuter innan regnet tog \u00f6ver igen. K\u00e4nde \u00e4nd\u00e5 ja men det blir nog en toppen kv\u00e4ll med brasa och mys \ud83d\ude42 Visst! Hann inte mer \u00e4n ta tag i kaffe koppen f\u00f6rr\u00e4n den slant ur n\u00e4ven och r\u00e4tt \u00f6ver spisen och sockersk\u00e5len. Jaja bara bita ihop och torka upp. Sk\u00f6nt att jag redan kom p\u00e5 ig\u00e5r vad jag skulle fota.<\/p>\n<p>Problemet var bara att n\u00e4r jag skulle kolla p\u00e5 vilket tema s\u00e5 hittade jag f\u00f6rst inget som passade? Vet inte riktigt hur jag t\u00e4nkte ig\u00e5r? Men passar ihop funkar nog lika bra som det jag hade t\u00e4nkt ig\u00e5r? Vad det nu kan t\u00e4nkas ha varit!<\/p>\n<p style=\"text-align: center;\"><img decoding=\"async\" class=\"aligncenter wp-image-38389 size-large\" src=\"https:\/\/necessities.info\/wp-content\/uploads\/2011\/02\/IMG_1494-676x1024.jpg\" alt=\"\" width=\"676\" height=\"1024\" srcset=\"https:\/\/necessities.info\/wp-content\/uploads\/2011\/02\/IMG_1494-676x1024.jpg 676w, https:\/\/necessities.info\/wp-content\/uploads\/2011\/02\/IMG_1494-198x300.jpg 198w, https:\/\/necessities.info\/wp-content\/uploads\/2011\/02\/IMG_1494-768x1163.jpg 768w, https:\/\/necessities.info\/wp-content\/uploads\/2011\/02\/IMG_1494.jpg 900w\" sizes=\"(max-width: 676px) 100vw, 676px\" \/><\/p>\n<p>B\u00e5de gubben och Micael blev j\u00e4tte f\u00f6rtjusta i sk\u00e5len med tillh\u00f6rande krukan p\u00e5 \u00f6versta bilden. Micael tyckte absolut att det skulle g\u00f6ra sig b\u00e4st p\u00e5 hans b\u00e4nk medan gubben tyckte att det var som gjort f\u00f6r v\u00e5rat bord. Jag blir lite matt p\u00e5 dem! Vi har haft sakerna st\u00e5endes p\u00e5 loftet i minst 4 \u00e5r. Det \u00e4r det sista fr\u00e5n mamma som jag hade t\u00e4nkt sk\u00e4nka men var lite os\u00e4ker p\u00e5. Det p\u00e5 de 2 \u00f6versta bilderna kommer vi ha kvar det andra tar jag med p\u00e5 loppis. Jag skall ha ett handfat till kannan p\u00e5 nedersta och det gr\u00f6na \u00e4r jag lite os\u00e4ker p\u00e5.<\/p>\n<p style=\"text-align: center;\"><img decoding=\"async\" class=\"aligncenter wp-image-38390\" src=\"https:\/\/necessities.info\/wp-content\/uploads\/2011\/02\/IMG_1496-217x300.jpg\" alt=\"\" width=\"663\" height=\"916\" srcset=\"https:\/\/necessities.info\/wp-content\/uploads\/2011\/02\/IMG_1496-217x300.jpg 217w, https:\/\/necessities.info\/wp-content\/uploads\/2011\/02\/IMG_1496-742x1024.jpg 742w, https:\/\/necessities.info\/wp-content\/uploads\/2011\/02\/IMG_1496-768x1060.jpg 768w, https:\/\/necessities.info\/wp-content\/uploads\/2011\/02\/IMG_1496.jpg 900w\" sizes=\"(max-width: 663px) 100vw, 663px\" \/><\/p>\n<p>Vi hade h\u00f6rt att Holmens marknad t\u00f6mmer d\u00f6dsbon mot att de tar emot sakerna. N\u00e4r vi ringde och de kom f\u00f6r att v\u00e4rdera sakerna ville de ha alla saker plus 7000 f\u00f6r jobbet med att t\u00f6mma mina f\u00f6r\u00e4ldrars hem! Fattar inte riktigt hur de t\u00e4nkte, de fick ju allt f\u00f6r att s\u00e4lja!!<\/p>\n<p>Annat var det med Myronas de kom p\u00e5 direkten och var j\u00e4tteglada. Hade det inte varit s\u00e5dan tidspress hade Myrona f\u00e5tt rubbet, nu blev det att vi fick k\u00f6ra som sk\u00e5llade troll och Elvys systers man tog s\u00e5 mycket han bara kunde.<\/p>\n<p style=\"text-align: center;\"><img decoding=\"async\" class=\"aligncenter wp-image-38391 \" src=\"https:\/\/necessities.info\/wp-content\/uploads\/2011\/02\/IMG_1497-744x1024.jpg\" alt=\"\" width=\"667\" height=\"918\" srcset=\"https:\/\/necessities.info\/wp-content\/uploads\/2011\/02\/IMG_1497-744x1024.jpg 744w, https:\/\/necessities.info\/wp-content\/uploads\/2011\/02\/IMG_1497-218x300.jpg 218w, https:\/\/necessities.info\/wp-content\/uploads\/2011\/02\/IMG_1497-768x1057.jpg 768w, https:\/\/necessities.info\/wp-content\/uploads\/2011\/02\/IMG_1497.jpg 900w\" sizes=\"(max-width: 667px) 100vw, 667px\" \/><\/p>\n<p>Vet inte vad jag skulle ha gjort utan dem. De var verkligen \u00e4nglar som st\u00e4llde upp och de k\u00f6rde i en veckas tid. Tanken var att de skulle ha loppis i sin hage p\u00e5 sommaren. Hoppas de blir av f\u00f6r de har en hel lada fylld med in samlade saker fr\u00e5n n\u00e4r och fj\u00e4rran. \u00c4ven de blev lite matt p\u00e5 alla prylar som de fick med sig. Nu har det g\u00e5tt ett par \u00e5r och de som jag har kvar sk\u00e4nker mig roliga minnen och gl\u00e4dje. Precis som det egentligen skall vara, d\u00e4rf\u00f6r kommer jag att anstr\u00e4nga mig till max f\u00f6r att t\u00f6mma det sista.<\/p>\n<p>\u00d6nskade bara mina f\u00f6r\u00e4ldrar kunde sett vilken gl\u00e4dje sakerna ger oss, f\u00f6r det var det syftet mamma hade fr\u00e5n b\u00f6rjan n\u00e4r hon k\u00f6pte in ting, sedan sp\u00e5rade det bara ut. N\u00e4r hon blev dement ville hon n\u00e4stan inte ha n\u00e5got s\u00e5 jag f\u00f6rs\u00f6kte verkligen v\u00e4lja det som kunde vara praktisk och ge henne mesta gl\u00e4dje. Jag tr\u00e4ffade 100% r\u00e4tt med det lilla fika bordet \ud83d\ude42 Ser hennes leende \u00e4n idag n\u00e4r jag kom med det och hur hon klappade det varje g\u00e5ng vi dukade upp f\u00f6r fika.<\/p>\n","protected":false},"excerpt":{"rendered":"<p>Vilken dag! Det har regnat och solen som de lovade idag var max uppe 3 minuter innan regnet tog \u00f6ver igen. K\u00e4nde \u00e4nd\u00e5 ja men det blir nog en toppen kv\u00e4ll med brasa och mys \ud83d\ude42 Visst! Hann inte mer \u00e4n ta tag i kaffe koppen f\u00f6rr\u00e4n den slant ur n\u00e4ven och r\u00e4tt \u00f6ver spisen &#8230; <\/p>\n<p class=\"read-more-container\"><a title=\"Passar ihop (33 av 365)\" class=\"read-more button\" href=\"https:\/\/necessities.info\/index.php\/2011\/02\/02\/passar-ihop-33-av-365\/\" aria-label=\"L\u00e4s mer om Passar ihop (33 av 365)\">\u2665 L\u00e4s mer \u2665 <\/a><\/p>\n","protected":false},"author":1,"featured_media":38392,"comment_status":"open","ping_status":"open","sticky":false,"template":"","format":"standard","meta":{"advgb_blocks_editor_width":"","advgb_blocks_columns_visual_guide":"","footnotes":""},"categories":[4313],"tags":[100,4060],"class_list":["post-8749","post","type-post","status-publish","format-standard","has-post-thumbnail","hentry","category-365-foto-2011","tag-365-foton-2011","tag-utmaning"],"author_meta":{"display_name":"Ingalill","author_link":"https:\/\/necessities.info\/author\/ingalill\/"},"featured_img":"https:\/\/necessities.info\/wp-content\/uploads\/2011\/02\/5410932296_cea6a0e9a7_b-200x300.jpg","jetpack_featured_media_url":"https:\/\/necessities.info\/wp-content\/uploads\/2011\/02\/5410932296_cea6a0e9a7_b.jpg","coauthors":[],"tax_additional":{"categories":{"linked":["<a href=\"https:\/\/necessities.info\/index.php\/category\/365-foto-2011\/\" class=\"advgb-post-tax-term\">365 Foto 2011<\/a>"],"unlinked":["<span class=\"advgb-post-tax-term\">365 Foto 2011<\/span>"]},"tags":{"linked":["<a href=\"https:\/\/necessities.info\/index.php\/category\/365-foto-2011\/\" class=\"advgb-post-tax-term\">365 foton 2011<\/a>","<a href=\"https:\/\/necessities.info\/index.php\/category\/365-foto-2011\/\" class=\"advgb-post-tax-term\">utmaning<\/a>"],"unlinked":["<span class=\"advgb-post-tax-term\">365 foton 2011<\/span>","<span class=\"advgb-post-tax-term\">utmaning<\/span>"]}},"comment_count":"0","relative_dates":{"created":"Publicerad 15 \u00e5r sedan","modified":"Uppdaterad 3 m\u00e5nader sedan"},"absolute_dates":{"created":"Publicerat den 2 februari 2011","modified":"Uppdaterad den 7 februari 2026"},"absolute_dates_time":{"created":"Publicerat den 2 februari 2011 17:25","modified":"Uppdaterad den 7 februari 2026 16:23"},"featured_img_caption":"","series_order":"","jetpack_likes_enabled":true,"_links":{"self":[{"href":"https:\/\/necessities.info\/index.php\/wp-json\/wp\/v2\/posts\/8749","targetHints":{"allow":["GET"]}}],"collection":[{"href":"https:\/\/necessities.info\/index.php\/wp-json\/wp\/v2\/posts"}],"about":[{"href":"https:\/\/necessities.info\/index.php\/wp-json\/wp\/v2\/types\/post"}],"author":[{"embeddable":true,"href":"https:\/\/necessities.info\/index.php\/wp-json\/wp\/v2\/users\/1"}],"replies":[{"embeddable":true,"href":"https:\/\/necessities.info\/index.php\/wp-json\/wp\/v2\/comments?post=8749"}],"version-history":[{"count":1,"href":"https:\/\/necessities.info\/index.php\/wp-json\/wp\/v2\/posts\/8749\/revisions"}],"predecessor-version":[{"id":52129,"href":"https:\/\/necessities.info\/index.php\/wp-json\/wp\/v2\/posts\/8749\/revisions\/52129"}],"wp:featuredmedia":[{"embeddable":true,"href":"https:\/\/necessities.info\/index.php\/wp-json\/wp\/v2\/media\/38392"}],"wp:attachment":[{"href":"https:\/\/necessities.info\/index.php\/wp-json\/wp\/v2\/media?parent=8749"}],"wp:term":[{"taxonomy":"category","embeddable":true,"href":"https:\/\/necessities.info\/index.php\/wp-json\/wp\/v2\/categories?post=8749"},{"taxonomy":"post_tag","embeddable":true,"href":"https:\/\/necessities.info\/index.php\/wp-json\/wp\/v2\/tags?post=8749"}],"curies":[{"name":"wp","href":"https:\/\/api.w.org\/{rel}","templated":true}]}}