{"id":8910,"date":"2011-03-01T20:34:05","date_gmt":"2011-03-01T20:34:05","guid":{"rendered":"https:\/\/www.necessities.info\/?p=8910"},"modified":"2026-02-07T16:16:10","modified_gmt":"2026-02-07T15:16:10","slug":"vatten-60-av-365","status":"publish","type":"post","link":"https:\/\/necessities.info\/index.php\/2011\/03\/01\/vatten-60-av-365\/","title":{"rendered":"Vatten (60 av 365)"},"content":{"rendered":"<p><a href=\"http:\/\/farm6.static.flickr.com\/5252\/5488921635_cd1e271c89_b.jpg\" rel=\"noopener\"> <img decoding=\"async\" class=\"aligncenter\" src=\"http:\/\/farm6.static.flickr.com\/5252\/5488921635_cd1e271c89.jpg\" alt=\"Vatten (60 av 365)\" width=\"786\" height=\"565\" border=\"0\" \/><\/a><\/p>\n<p>N\u00e4r Elvy var hemma hos mig s\u00e5 undrade hon vad det var som kvittrade. Hon hittade den lilla f\u00e5geln som jag brukar ha i datarummet i min porslinsblomma. Nu kunde jag inte fotografera blomman f\u00f6r det st\u00e5r fortfarande ett gigantiskt ritbord i v\u00e4gen\u00a0 \ud83d\ude42<\/p>\n<p>Jag k\u00f6pte f\u00e5geln f\u00f6r jag har en tendens att gl\u00f6mma av att vattna mina blommor. Nu blir jag p\u00e5mind och hur s\u00f6tt ljudet \u00e4n \u00e4r s\u00e5 blir man tokig om den st\u00e5r f\u00f6r l\u00e4nge och kvittrar. Tror jag har sett grodor som l\u00e5ter ocks\u00e5 och funderar att s\u00e4tta \u00e4ven en i vardagsrummet. Mina v\u00e4xter trivs betydligt b\u00e4ttre nu och jag har v\u00e5gat mig p\u00e5 att k\u00f6pa ganska m\u00e5nga Pelargon sticklingar som jag \u00e4r v\u00e4ldigt sp\u00e4nd p\u00e5. En del beh\u00f6ver jag plantera om redan till helgen.<\/p>\n<p>S\u00e5 lite digitalt f\u00e5gelkvitter kan man allt st\u00e5 ut med n\u00e4r v\u00e4xterna trivs s\u00e5 bra.<\/p>\n","protected":false},"excerpt":{"rendered":"<p>N\u00e4r Elvy var hemma hos mig s\u00e5 undrade hon vad det var som kvittrade. Hon hittade den lilla f\u00e5geln som jag brukar ha i datarummet i min porslinsblomma. Nu kunde jag inte fotografera blomman f\u00f6r det st\u00e5r fortfarande ett gigantiskt ritbord i v\u00e4gen\u00a0 \ud83d\ude42 Jag k\u00f6pte f\u00e5geln f\u00f6r jag har en tendens att gl\u00f6mma av &#8230; <\/p>\n<p class=\"read-more-container\"><a title=\"Vatten (60 av 365)\" class=\"read-more button\" href=\"https:\/\/necessities.info\/index.php\/2011\/03\/01\/vatten-60-av-365\/\" aria-label=\"L\u00e4s mer om Vatten (60 av 365)\">\u2665 L\u00e4s mer \u2665 <\/a><\/p>\n","protected":false},"author":1,"featured_media":38315,"comment_status":"open","ping_status":"open","sticky":false,"template":"","format":"standard","meta":{"advgb_blocks_editor_width":"","advgb_blocks_columns_visual_guide":"","footnotes":""},"categories":[4313],"tags":[100,4060],"class_list":["post-8910","post","type-post","status-publish","format-standard","has-post-thumbnail","hentry","category-365-foto-2011","tag-365-foton-2011","tag-utmaning"],"author_meta":{"display_name":"Ingalill","author_link":"https:\/\/necessities.info\/author\/ingalill\/"},"featured_img":"https:\/\/necessities.info\/wp-content\/uploads\/2011\/03\/5488921635_cd1e271c89-300x216.jpg","jetpack_featured_media_url":"https:\/\/necessities.info\/wp-content\/uploads\/2011\/03\/5488921635_cd1e271c89.jpg","coauthors":[],"tax_additional":{"categories":{"linked":["<a href=\"https:\/\/necessities.info\/index.php\/category\/365-foto-2011\/\" class=\"advgb-post-tax-term\">365 Foto 2011<\/a>"],"unlinked":["<span class=\"advgb-post-tax-term\">365 Foto 2011<\/span>"]},"tags":{"linked":["<a href=\"https:\/\/necessities.info\/index.php\/category\/365-foto-2011\/\" class=\"advgb-post-tax-term\">365 foton 2011<\/a>","<a href=\"https:\/\/necessities.info\/index.php\/category\/365-foto-2011\/\" class=\"advgb-post-tax-term\">utmaning<\/a>"],"unlinked":["<span class=\"advgb-post-tax-term\">365 foton 2011<\/span>","<span class=\"advgb-post-tax-term\">utmaning<\/span>"]}},"comment_count":"0","relative_dates":{"created":"Publicerad 15 \u00e5r sedan","modified":"Uppdaterad 3 m\u00e5nader sedan"},"absolute_dates":{"created":"Publicerat den 1 mars 2011","modified":"Uppdaterad den 7 februari 2026"},"absolute_dates_time":{"created":"Publicerat den 1 mars 2011 20:34","modified":"Uppdaterad den 7 februari 2026 16:16"},"featured_img_caption":"","series_order":"","jetpack_likes_enabled":true,"_links":{"self":[{"href":"https:\/\/necessities.info\/index.php\/wp-json\/wp\/v2\/posts\/8910","targetHints":{"allow":["GET"]}}],"collection":[{"href":"https:\/\/necessities.info\/index.php\/wp-json\/wp\/v2\/posts"}],"about":[{"href":"https:\/\/necessities.info\/index.php\/wp-json\/wp\/v2\/types\/post"}],"author":[{"embeddable":true,"href":"https:\/\/necessities.info\/index.php\/wp-json\/wp\/v2\/users\/1"}],"replies":[{"embeddable":true,"href":"https:\/\/necessities.info\/index.php\/wp-json\/wp\/v2\/comments?post=8910"}],"version-history":[{"count":1,"href":"https:\/\/necessities.info\/index.php\/wp-json\/wp\/v2\/posts\/8910\/revisions"}],"predecessor-version":[{"id":52102,"href":"https:\/\/necessities.info\/index.php\/wp-json\/wp\/v2\/posts\/8910\/revisions\/52102"}],"wp:featuredmedia":[{"embeddable":true,"href":"https:\/\/necessities.info\/index.php\/wp-json\/wp\/v2\/media\/38315"}],"wp:attachment":[{"href":"https:\/\/necessities.info\/index.php\/wp-json\/wp\/v2\/media?parent=8910"}],"wp:term":[{"taxonomy":"category","embeddable":true,"href":"https:\/\/necessities.info\/index.php\/wp-json\/wp\/v2\/categories?post=8910"},{"taxonomy":"post_tag","embeddable":true,"href":"https:\/\/necessities.info\/index.php\/wp-json\/wp\/v2\/tags?post=8910"}],"curies":[{"name":"wp","href":"https:\/\/api.w.org\/{rel}","templated":true}]}}