{"id":9105,"date":"2011-04-02T12:46:47","date_gmt":"2011-04-02T12:46:47","guid":{"rendered":"https:\/\/www.necessities.info\/?p=9105"},"modified":"2026-02-07T16:07:52","modified_gmt":"2026-02-07T15:07:52","slug":"dimma-92-av-365","status":"publish","type":"post","link":"https:\/\/necessities.info\/index.php\/2011\/04\/02\/dimma-92-av-365\/","title":{"rendered":"Dimma  ( 92 av 365 )"},"content":{"rendered":"<p><a href=\"http:\/\/farm6.static.flickr.com\/5058\/5581462281_7e6efb7db2_b.jpg\" rel=\"noopener\"> <img decoding=\"async\" class=\"aligncenter\" src=\"http:\/\/farm6.static.flickr.com\/5058\/5581462281_7e6efb7db2.jpg\" alt=\"Dimma ( 92 av 365 )\" width=\"799\" height=\"532\" border=\"0\" \/><\/a><\/p>\n<p>Hmm? Det skulle ju bli varmt och fint v\u00e4der! Tycker inte det \u00e4r s\u00e5 fint. Den stora hagen ser bedr\u00f6vlig ut s\u00e5 h\u00e4starna f\u00e5r vara hos Tobias ett tag. Bellman hade lagt sig att vila\u00a0 p\u00e5 tomten och Shakira rusade in. Hon tycker om att vara bland h\u00e4starna och n\u00e4r hon gl\u00f6mmer av sig \u00e4r hon ju inte r\u00e4dd f\u00f6r dem, men allt skall ske p\u00e5 hennes vilkor och Bellman \u00e4r v\u00e4ldig likt Shakira i s\u00e4ttet.<\/p>\n<p><a href=\"http:\/\/farm6.static.flickr.com\/5225\/5581496227_9ec2a88f49_b.jpg\" rel=\"noopener\"> <img decoding=\"async\" class=\"aligncenter\" src=\"http:\/\/farm6.static.flickr.com\/5225\/5581496227_9ec2a88f49.jpg\" alt=\"Bellman\" width=\"647\" height=\"863\" border=\"0\" \/><\/a><br \/>\n<a href=\"http:\/\/farm6.static.flickr.com\/5253\/5582083142_076b250268_b.jpg\" rel=\"noopener\"> <img decoding=\"async\" class=\"aligncenter\" src=\"http:\/\/farm6.static.flickr.com\/5253\/5582083142_076b250268.jpg\" alt=\"Bellman\" width=\"636\" height=\"848\" border=\"0\" \/><\/a><\/p>\n<p>Ops! Blev lite stor, h\u00e4lsar nog p\u00e5 honom en annan dag. L\u00e4ngtar tills markerna skall torka upp s\u00e5 jag kommer ut b\u00e4ttre med h\u00e4starna, det l\u00e5g s\u00e5 l\u00e4nge blank is i skogen. Men tog en tur idag och m\u00f6tte en som var snabb p\u00e5 att tjafsa om att man inte fick rida utan f\u00f6rst\u00f6r. Jag vet att marken \u00e4r k\u00e4nslig, men det \u00e4r min enda v\u00e4g ut ur omr\u00e5det. Blir s\u00e5 tr\u00f6tt p\u00e5 tjafset.<\/p>\n<p><a href=\"http:\/\/farm6.static.flickr.com\/5180\/5582049774_9e16238778_b.jpg\" rel=\"noopener\"> <img decoding=\"async\" class=\"aligncenter\" src=\"http:\/\/farm6.static.flickr.com\/5180\/5582049774_9e16238778.jpg\" alt=\"Bellman\" width=\"626\" height=\"938\" border=\"0\" \/><\/a><\/p>\n<p>Glad att jag hade bett idag f\u00f6r ett g\u00e4ng r\u00e5djur kom farandes och Bellman blev inte glad. Lyckades h\u00e5lla still honom och d\u00e5 kom r\u00e5djuren rusandes mot oss!! Trodde Bellman skulle krypa ur skinnet. Nu gick det j\u00e4ttebra och vi red vidare, m\u00e4rktes klart och tydligt att han hade helt annat s\u00e4tt nu efter att han inte vann n\u00e4r jag var ute med rid grimman. I dag hade han helt annan pondus och vi fick en rej\u00e4l tur. Synd bara att det finns en v\u00e4g ur omr\u00e5det.<\/p>\n","protected":false},"excerpt":{"rendered":"<p>Hmm? Det skulle ju bli varmt och fint v\u00e4der! Tycker inte det \u00e4r s\u00e5 fint. Den stora hagen ser bedr\u00f6vlig ut s\u00e5 h\u00e4starna f\u00e5r vara hos Tobias ett tag. Bellman hade lagt sig att vila\u00a0 p\u00e5 tomten och Shakira rusade in. Hon tycker om att vara bland h\u00e4starna och n\u00e4r hon gl\u00f6mmer av sig \u00e4r &#8230; <\/p>\n<p class=\"read-more-container\"><a title=\"Dimma  ( 92 av 365 )\" class=\"read-more button\" href=\"https:\/\/necessities.info\/index.php\/2011\/04\/02\/dimma-92-av-365\/\" aria-label=\"L\u00e4s mer om Dimma  ( 92 av 365 )\">\u2665 L\u00e4s mer \u2665 <\/a><\/p>\n","protected":false},"author":1,"featured_media":38201,"comment_status":"open","ping_status":"open","sticky":false,"template":"","format":"standard","meta":{"advgb_blocks_editor_width":"","advgb_blocks_columns_visual_guide":"","footnotes":""},"categories":[4313],"tags":[100,4060],"class_list":["post-9105","post","type-post","status-publish","format-standard","has-post-thumbnail","hentry","category-365-foto-2011","tag-365-foton-2011","tag-utmaning"],"author_meta":{"display_name":"Ingalill","author_link":"https:\/\/necessities.info\/author\/ingalill\/"},"featured_img":"https:\/\/necessities.info\/wp-content\/uploads\/2011\/04\/5581462281_7e6efb7db2-300x200.jpg","jetpack_featured_media_url":"https:\/\/necessities.info\/wp-content\/uploads\/2011\/04\/5581462281_7e6efb7db2.jpg","coauthors":[],"tax_additional":{"categories":{"linked":["<a href=\"https:\/\/necessities.info\/index.php\/category\/365-foto-2011\/\" class=\"advgb-post-tax-term\">365 Foto 2011<\/a>"],"unlinked":["<span class=\"advgb-post-tax-term\">365 Foto 2011<\/span>"]},"tags":{"linked":["<a href=\"https:\/\/necessities.info\/index.php\/category\/365-foto-2011\/\" class=\"advgb-post-tax-term\">365 foton 2011<\/a>","<a href=\"https:\/\/necessities.info\/index.php\/category\/365-foto-2011\/\" class=\"advgb-post-tax-term\">utmaning<\/a>"],"unlinked":["<span class=\"advgb-post-tax-term\">365 foton 2011<\/span>","<span class=\"advgb-post-tax-term\">utmaning<\/span>"]}},"comment_count":"0","relative_dates":{"created":"Publicerad 15 \u00e5r sedan","modified":"Uppdaterad 3 m\u00e5nader sedan"},"absolute_dates":{"created":"Publicerat den 2 april 2011","modified":"Uppdaterad den 7 februari 2026"},"absolute_dates_time":{"created":"Publicerat den 2 april 2011 12:46","modified":"Uppdaterad den 7 februari 2026 16:07"},"featured_img_caption":"","series_order":"","jetpack_likes_enabled":true,"_links":{"self":[{"href":"https:\/\/necessities.info\/index.php\/wp-json\/wp\/v2\/posts\/9105","targetHints":{"allow":["GET"]}}],"collection":[{"href":"https:\/\/necessities.info\/index.php\/wp-json\/wp\/v2\/posts"}],"about":[{"href":"https:\/\/necessities.info\/index.php\/wp-json\/wp\/v2\/types\/post"}],"author":[{"embeddable":true,"href":"https:\/\/necessities.info\/index.php\/wp-json\/wp\/v2\/users\/1"}],"replies":[{"embeddable":true,"href":"https:\/\/necessities.info\/index.php\/wp-json\/wp\/v2\/comments?post=9105"}],"version-history":[{"count":1,"href":"https:\/\/necessities.info\/index.php\/wp-json\/wp\/v2\/posts\/9105\/revisions"}],"predecessor-version":[{"id":52072,"href":"https:\/\/necessities.info\/index.php\/wp-json\/wp\/v2\/posts\/9105\/revisions\/52072"}],"wp:featuredmedia":[{"embeddable":true,"href":"https:\/\/necessities.info\/index.php\/wp-json\/wp\/v2\/media\/38201"}],"wp:attachment":[{"href":"https:\/\/necessities.info\/index.php\/wp-json\/wp\/v2\/media?parent=9105"}],"wp:term":[{"taxonomy":"category","embeddable":true,"href":"https:\/\/necessities.info\/index.php\/wp-json\/wp\/v2\/categories?post=9105"},{"taxonomy":"post_tag","embeddable":true,"href":"https:\/\/necessities.info\/index.php\/wp-json\/wp\/v2\/tags?post=9105"}],"curies":[{"name":"wp","href":"https:\/\/api.w.org\/{rel}","templated":true}]}}