{"id":9118,"date":"2011-04-04T18:20:15","date_gmt":"2011-04-04T18:20:15","guid":{"rendered":"https:\/\/www.necessities.info\/?p=9118"},"modified":"2026-02-07T16:07:00","modified_gmt":"2026-02-07T15:07:00","slug":"dubbletter-94-av-365","status":"publish","type":"post","link":"https:\/\/necessities.info\/index.php\/2011\/04\/04\/dubbletter-94-av-365\/","title":{"rendered":"Dubbletter ( 94 av 365 )"},"content":{"rendered":"<p><a href=\"http:\/\/farm6.static.flickr.com\/5098\/5589647764_1359e1600d_b.jpg\" rel=\"noopener\"> <img decoding=\"async\" class=\"aligncenter\" src=\"http:\/\/farm6.static.flickr.com\/5098\/5589647764_1359e1600d.jpg\" alt=\"Dubbletter ( 94 av 365 )\" width=\"778\" height=\"535\" border=\"0\" \/><\/a><\/p>\n<p>J\u00f6sses! Jag trodde verkligen dimman skulle\u00a0 h\u00e5lla i sig hela dagen, den var s\u00e5 tjock att man knappt s\u00e5g ut. Lagom tills jag skulle \u00e5ka hem s\u00e5 l\u00e4ttade de upp och solen tittade fram. Rusade ut med en kopp kaffe och b\u00f6rjade g\u00f6ra i ordning min planteringsskydd. \u00c4lskar att sitta d\u00e4r och bara mysa. De h\u00e4r fj\u00e4rilarna d\u00f6k upp och t\u00e4nkte dubbla sig.<\/p>\n<p><img decoding=\"async\" class=\"aligncenter wp-image-38191 size-full\" src=\"https:\/\/necessities.info\/wp-content\/uploads\/2011\/04\/antlig.jpg\" alt=\"\" width=\"800\" height=\"600\" srcset=\"https:\/\/necessities.info\/wp-content\/uploads\/2011\/04\/antlig.jpg 800w, https:\/\/necessities.info\/wp-content\/uploads\/2011\/04\/antlig-300x225.jpg 300w, https:\/\/necessities.info\/wp-content\/uploads\/2011\/04\/antlig-768x576.jpg 768w\" sizes=\"(max-width: 800px) 100vw, 800px\" \/><\/p>\n<p>\u00c4ven den lille ekorren d\u00f6k upp och kom farandes p\u00e5 muren. Shakira blev \u00f6verlycklig och rusade dit och f\u00f6ljde honom en bit. Sedan har vi ett g\u00e4ng skator som bygger bon, de vill jag g\u00e4rna bli av med. De f\u00f6r ett himla v\u00e4sen s\u00e5 fort man r\u00f6r sig. Jag f\u00f6rs\u00f6kte fotografera ringduvorna som satt och uppvaktade varandra, men de blev skr\u00e4mda av skatornas varningsrop.<\/p>\n<p><a href=\"http:\/\/farm6.static.flickr.com\/5023\/5589647768_ed762c26a0_b.jpg\" rel=\"noopener\"> <img decoding=\"async\" class=\"aligncenter\" src=\"http:\/\/farm6.static.flickr.com\/5023\/5589647768_ed762c26a0.jpg\" alt=\"vid dammen\" width=\"582\" height=\"867\" border=\"0\" \/><\/a><\/p>\n<p>\u00c4ntligen har jag b\u00f6rjat med kryddspiralen. Chokladmints myntan har spridigt sig n\u00e5got hiskeligt och raserat stenarna. Har delat upp dem och satt de i krukor.\u00a0 Skall t\u00f6mma kryddspiralen helt och bygga upp den b\u00e4ttre och s\u00e4tta kryddor som inte skickar\u00a0 revor. \u00c4lskar lukten av kryddorna och myntan luktar v\u00e4ldigt starkt.<\/p>\n","protected":false},"excerpt":{"rendered":"<p>J\u00f6sses! Jag trodde verkligen dimman skulle\u00a0 h\u00e5lla i sig hela dagen, den var s\u00e5 tjock att man knappt s\u00e5g ut. Lagom tills jag skulle \u00e5ka hem s\u00e5 l\u00e4ttade de upp och solen tittade fram. Rusade ut med en kopp kaffe och b\u00f6rjade g\u00f6ra i ordning min planteringsskydd. \u00c4lskar att sitta d\u00e4r och bara mysa. De &#8230; <\/p>\n<p class=\"read-more-container\"><a title=\"Dubbletter ( 94 av 365 )\" class=\"read-more button\" href=\"https:\/\/necessities.info\/index.php\/2011\/04\/04\/dubbletter-94-av-365\/\" aria-label=\"L\u00e4s mer om Dubbletter ( 94 av 365 )\">\u2665 L\u00e4s mer \u2665 <\/a><\/p>\n","protected":false},"author":1,"featured_media":38193,"comment_status":"open","ping_status":"open","sticky":false,"template":"","format":"standard","meta":{"advgb_blocks_editor_width":"","advgb_blocks_columns_visual_guide":"","footnotes":""},"categories":[4313],"tags":[100,4060],"class_list":["post-9118","post","type-post","status-publish","format-standard","has-post-thumbnail","hentry","category-365-foto-2011","tag-365-foton-2011","tag-utmaning"],"author_meta":{"display_name":"Ingalill","author_link":"https:\/\/necessities.info\/author\/ingalill\/"},"featured_img":"https:\/\/necessities.info\/wp-content\/uploads\/2011\/04\/5589647764_1359e1600d_b-300x206.jpg","jetpack_featured_media_url":"https:\/\/necessities.info\/wp-content\/uploads\/2011\/04\/5589647764_1359e1600d_b.jpg","coauthors":[],"tax_additional":{"categories":{"linked":["<a href=\"https:\/\/necessities.info\/index.php\/category\/365-foto-2011\/\" class=\"advgb-post-tax-term\">365 Foto 2011<\/a>"],"unlinked":["<span class=\"advgb-post-tax-term\">365 Foto 2011<\/span>"]},"tags":{"linked":["<a href=\"https:\/\/necessities.info\/index.php\/category\/365-foto-2011\/\" class=\"advgb-post-tax-term\">365 foton 2011<\/a>","<a href=\"https:\/\/necessities.info\/index.php\/category\/365-foto-2011\/\" class=\"advgb-post-tax-term\">utmaning<\/a>"],"unlinked":["<span class=\"advgb-post-tax-term\">365 foton 2011<\/span>","<span class=\"advgb-post-tax-term\">utmaning<\/span>"]}},"comment_count":"0","relative_dates":{"created":"Publicerad 15 \u00e5r sedan","modified":"Uppdaterad 3 m\u00e5nader sedan"},"absolute_dates":{"created":"Publicerat den 4 april 2011","modified":"Uppdaterad den 7 februari 2026"},"absolute_dates_time":{"created":"Publicerat den 4 april 2011 18:20","modified":"Uppdaterad den 7 februari 2026 16:07"},"featured_img_caption":"","series_order":"","jetpack_likes_enabled":true,"_links":{"self":[{"href":"https:\/\/necessities.info\/index.php\/wp-json\/wp\/v2\/posts\/9118","targetHints":{"allow":["GET"]}}],"collection":[{"href":"https:\/\/necessities.info\/index.php\/wp-json\/wp\/v2\/posts"}],"about":[{"href":"https:\/\/necessities.info\/index.php\/wp-json\/wp\/v2\/types\/post"}],"author":[{"embeddable":true,"href":"https:\/\/necessities.info\/index.php\/wp-json\/wp\/v2\/users\/1"}],"replies":[{"embeddable":true,"href":"https:\/\/necessities.info\/index.php\/wp-json\/wp\/v2\/comments?post=9118"}],"version-history":[{"count":1,"href":"https:\/\/necessities.info\/index.php\/wp-json\/wp\/v2\/posts\/9118\/revisions"}],"predecessor-version":[{"id":52070,"href":"https:\/\/necessities.info\/index.php\/wp-json\/wp\/v2\/posts\/9118\/revisions\/52070"}],"wp:featuredmedia":[{"embeddable":true,"href":"https:\/\/necessities.info\/index.php\/wp-json\/wp\/v2\/media\/38193"}],"wp:attachment":[{"href":"https:\/\/necessities.info\/index.php\/wp-json\/wp\/v2\/media?parent=9118"}],"wp:term":[{"taxonomy":"category","embeddable":true,"href":"https:\/\/necessities.info\/index.php\/wp-json\/wp\/v2\/categories?post=9118"},{"taxonomy":"post_tag","embeddable":true,"href":"https:\/\/necessities.info\/index.php\/wp-json\/wp\/v2\/tags?post=9118"}],"curies":[{"name":"wp","href":"https:\/\/api.w.org\/{rel}","templated":true}]}}