{"id":9287,"date":"2011-05-05T16:28:55","date_gmt":"2011-05-05T16:28:55","guid":{"rendered":"https:\/\/www.necessities.info\/?p=9287"},"modified":"2026-02-07T15:59:06","modified_gmt":"2026-02-07T14:59:06","slug":"fargsprakande-125-av-365","status":"publish","type":"post","link":"https:\/\/necessities.info\/index.php\/2011\/05\/05\/fargsprakande-125-av-365\/","title":{"rendered":"F\u00e4rgsprakande (125 av 365 )"},"content":{"rendered":"<p><a href=\"http:\/\/farm6.static.flickr.com\/5308\/5690156937_56d652fdb1_b.jpg\" rel=\"noopener\"> <img decoding=\"async\" class=\"aligncenter\" src=\"http:\/\/farm6.static.flickr.com\/5308\/5690156937_56d652fdb1.jpg\" alt=\"F\u00e4rgsprakande (125 av 365 )\" width=\"790\" height=\"570\" border=\"0\" \/><\/a><\/p>\n<p>S\u00e5 h\u00e4r vacker och f\u00e4rgsprakande \u00e4r den fransiga tulpanen. N\u00e4r vi flyttade till g\u00e5rden s\u00e5 gladde jag mig \u00e5t alla h\u00e4rliga gamla v\u00e4xter som skulle dyka upp. Vi kan s\u00e4ga som s\u00e5 att det var br\u00e4nn\u00e4sslor, hallon och sly h\u00f6gt och l\u00e5gt. Den enda blomman vi hittade var maskrosor i m\u00e4ngder. De som hyrde g\u00e5rden hade inte brytt sig om n\u00e5got, bara det var billigt och de slapp g\u00f6ra n\u00e5got s\u00e5 var de n\u00f6jda. \u00c4garna som \u00e4ven var sl\u00e4ktingar s\u00e5lde g\u00e5rden f\u00f6r att den inte skulle f\u00f6rfalla helt.<\/p>\n<p><a href=\"http:\/\/farm6.static.flickr.com\/5230\/5690731536_6af14765bd_b.jpg\" rel=\"noopener\"> <img decoding=\"async\" class=\"aligncenter\" src=\"http:\/\/farm6.static.flickr.com\/5230\/5690731536_6af14765bd.jpg\" alt=\"F\u00e4rgsprakande (125 av 365 )\" width=\"601\" height=\"839\" border=\"0\" \/><\/a><\/p>\n<p>Men det har huserat en odlare som hyrde en bit mitt i hagen, av alla korkade st\u00e4llen. Han var 84 \u00e5r n\u00e4r vi flyttade hit s\u00e5 vi sa till honom att han fick vara kvar s\u00e5 l\u00e4nge han ville. Han hade till och med eget vatten med sig eftersom han inte fick ta av de som hyrde g\u00e5rden. J\u00f6sses vad folk kan vara gnidna. F\u00f6rmodligen kommer den h\u00e4r vita tulpanen och den r\u00f6da nedanf\u00f6r fr\u00e5n hans odling. Han finns inte kvar och odlingslotten \u00e4r hage sedan m\u00e5nga \u00e5r.<\/p>\n<p><a href=\"http:\/\/farm6.static.flickr.com\/5265\/5690733560_9ab6ff2650_b.jpg\" rel=\"noopener\"> <img decoding=\"async\" class=\"aligncenter\" src=\"http:\/\/farm6.static.flickr.com\/5265\/5690733560_9ab6ff2650.jpg\" alt=\"Tulpan\" width=\"550\" height=\"884\" border=\"0\" \/><\/a><\/p>\n<p>Det \u00e4r v\u00e4l h\u00e4starna som sparkar runt p\u00e5 l\u00f6karna eftersom de byter plats varje \u00e5r. Skall ta upp dem i \u00e5r. Det finns bara en vit tulpan och tv\u00e5 r\u00f6da kvar. Den ena tulpanen hade bl\u00e5st p\u00e5 el tr\u00e5den och brett ut sig som en parabol av chocken. Jag fick mig ett par rej\u00e4la p\u00e4rlor innan jag fick brutit av tulpanen som satt fast p\u00e5 tr\u00e5den.<\/p>\n<p><a href=\"http:\/\/farm6.static.flickr.com\/5030\/5690155553_bc8c7b6fb7_b.jpg\" rel=\"noopener\"> <img decoding=\"async\" class=\"aligncenter\" src=\"http:\/\/farm6.static.flickr.com\/5030\/5690155553_bc8c7b6fb7_z.jpg\" alt=\"Tulpan\" width=\"795\" height=\"541\" border=\"0\" \/><\/a><\/p>\n<p>S\u00e5 nu f\u00e5r den flyta runt i dammen som en f\u00e4rgklick. Tulpanen var verkligen stel, bladen stod bokstavligen r\u00e4tt ut, det var bara de sm\u00e5 fransarna som var lite b\u00f6jbara. Den k\u00e4ndes j\u00e4ttekonstig. Tror jag skall kolla runt p\u00e5 n\u00e4tet efter mera tulpaner. De \u00e4r ju riktigt vackra. \u00c4ven den vita som kanske inte g\u00f6r sig s\u00e5 bra p\u00e5 bild \u00e4r v\u00e4ldigt vacker i sina matta f\u00e4rger.<\/p>\n<p><a href=\"http:\/\/farm6.static.flickr.com\/5148\/5690733814_5c62fff918_b.jpg\" rel=\"noopener\"> <img decoding=\"async\" class=\"aligncenter\" src=\"http:\/\/farm6.static.flickr.com\/5148\/5690733814_5c62fff918_z.jpg\" alt=\"Tulpan\" width=\"795\" height=\"507\" border=\"0\" \/><\/a><\/p>\n","protected":false},"excerpt":{"rendered":"<p>S\u00e5 h\u00e4r vacker och f\u00e4rgsprakande \u00e4r den fransiga tulpanen. N\u00e4r vi flyttade till g\u00e5rden s\u00e5 gladde jag mig \u00e5t alla h\u00e4rliga gamla v\u00e4xter som skulle dyka upp. Vi kan s\u00e4ga som s\u00e5 att det var br\u00e4nn\u00e4sslor, hallon och sly h\u00f6gt och l\u00e5gt. Den enda blomman vi hittade var maskrosor i m\u00e4ngder. De som hyrde g\u00e5rden &#8230; <\/p>\n<p class=\"read-more-container\"><a title=\"F\u00e4rgsprakande (125 av 365 )\" class=\"read-more button\" href=\"https:\/\/necessities.info\/index.php\/2011\/05\/05\/fargsprakande-125-av-365\/\" aria-label=\"L\u00e4s mer om F\u00e4rgsprakande (125 av 365 )\">\u2665 L\u00e4s mer \u2665 <\/a><\/p>\n","protected":false},"author":1,"featured_media":38091,"comment_status":"open","ping_status":"open","sticky":false,"template":"","format":"standard","meta":{"advgb_blocks_editor_width":"","advgb_blocks_columns_visual_guide":"","footnotes":""},"categories":[4313],"tags":[100,447,4060],"class_list":["post-9287","post","type-post","status-publish","format-standard","has-post-thumbnail","hentry","category-365-foto-2011","tag-365-foton-2011","tag-blommor","tag-utmaning"],"author_meta":{"display_name":"Ingalill","author_link":"https:\/\/necessities.info\/author\/ingalill\/"},"featured_img":"https:\/\/necessities.info\/wp-content\/uploads\/2011\/05\/5690156937_56d652fdb1-300x217.jpg","jetpack_featured_media_url":"https:\/\/necessities.info\/wp-content\/uploads\/2011\/05\/5690156937_56d652fdb1.jpg","coauthors":[],"tax_additional":{"categories":{"linked":["<a href=\"https:\/\/necessities.info\/index.php\/category\/365-foto-2011\/\" class=\"advgb-post-tax-term\">365 Foto 2011<\/a>"],"unlinked":["<span class=\"advgb-post-tax-term\">365 Foto 2011<\/span>"]},"tags":{"linked":["<a href=\"https:\/\/necessities.info\/index.php\/category\/365-foto-2011\/\" class=\"advgb-post-tax-term\">365 foton 2011<\/a>","<a href=\"https:\/\/necessities.info\/index.php\/category\/365-foto-2011\/\" class=\"advgb-post-tax-term\">blommor<\/a>","<a href=\"https:\/\/necessities.info\/index.php\/category\/365-foto-2011\/\" class=\"advgb-post-tax-term\">utmaning<\/a>"],"unlinked":["<span class=\"advgb-post-tax-term\">365 foton 2011<\/span>","<span class=\"advgb-post-tax-term\">blommor<\/span>","<span class=\"advgb-post-tax-term\">utmaning<\/span>"]}},"comment_count":"0","relative_dates":{"created":"Publicerad 15 \u00e5r sedan","modified":"Uppdaterad 3 m\u00e5nader sedan"},"absolute_dates":{"created":"Publicerat den 5 maj 2011","modified":"Uppdaterad den 7 februari 2026"},"absolute_dates_time":{"created":"Publicerat den 5 maj 2011 16:28","modified":"Uppdaterad den 7 februari 2026 15:59"},"featured_img_caption":"","series_order":"","jetpack_likes_enabled":true,"_links":{"self":[{"href":"https:\/\/necessities.info\/index.php\/wp-json\/wp\/v2\/posts\/9287","targetHints":{"allow":["GET"]}}],"collection":[{"href":"https:\/\/necessities.info\/index.php\/wp-json\/wp\/v2\/posts"}],"about":[{"href":"https:\/\/necessities.info\/index.php\/wp-json\/wp\/v2\/types\/post"}],"author":[{"embeddable":true,"href":"https:\/\/necessities.info\/index.php\/wp-json\/wp\/v2\/users\/1"}],"replies":[{"embeddable":true,"href":"https:\/\/necessities.info\/index.php\/wp-json\/wp\/v2\/comments?post=9287"}],"version-history":[{"count":1,"href":"https:\/\/necessities.info\/index.php\/wp-json\/wp\/v2\/posts\/9287\/revisions"}],"predecessor-version":[{"id":52040,"href":"https:\/\/necessities.info\/index.php\/wp-json\/wp\/v2\/posts\/9287\/revisions\/52040"}],"wp:featuredmedia":[{"embeddable":true,"href":"https:\/\/necessities.info\/index.php\/wp-json\/wp\/v2\/media\/38091"}],"wp:attachment":[{"href":"https:\/\/necessities.info\/index.php\/wp-json\/wp\/v2\/media?parent=9287"}],"wp:term":[{"taxonomy":"category","embeddable":true,"href":"https:\/\/necessities.info\/index.php\/wp-json\/wp\/v2\/categories?post=9287"},{"taxonomy":"post_tag","embeddable":true,"href":"https:\/\/necessities.info\/index.php\/wp-json\/wp\/v2\/tags?post=9287"}],"curies":[{"name":"wp","href":"https:\/\/api.w.org\/{rel}","templated":true}]}}