{"id":9702,"date":"2011-07-16T12:26:22","date_gmt":"2011-07-16T12:26:22","guid":{"rendered":"https:\/\/www.necessities.info\/?p=9702"},"modified":"2026-02-07T15:37:56","modified_gmt":"2026-02-07T14:37:56","slug":"kyrktorn-188-av-365","status":"publish","type":"post","link":"https:\/\/necessities.info\/index.php\/2011\/07\/16\/kyrktorn-188-av-365\/","title":{"rendered":"Kyrktorn (188 av 365)"},"content":{"rendered":"<p align=\"center\"><a href=\"http:\/\/farm7.static.flickr.com\/6139\/5942896186_8e81e8af93_b.jpg\" rel=\"noopener\"> <img decoding=\"async\" class=\"aligncenter\" src=\"http:\/\/farm7.static.flickr.com\/6139\/5942896186_8e81e8af93.jpg\" alt=\"Kyrktorn (188 av 365)\" width=\"781\" height=\"525\" border=\"0\" \/><\/a><\/p>\n<p align=\"left\">Efter att vi varit p\u00e5\u00a0 Br\u00e4ckboden i Kung\u00e4lv s\u00e5 tog vi oss en titt p\u00e5 den gamla kyrkan. Den ser inte s\u00e5 j\u00e4ttestor ut p\u00e5 utsidan men j\u00f6sses vad man bedrog sig. Jag har beslutat mig f\u00f6r att g\u00e5 in i alla kyrkor jag k\u00f6r f\u00f6rbi.\u00a0 Denna f\u00e5r ni bara inte missa om ni \u00e4r i Kung\u00e4lv.<\/p>\n<p align=\"center\"><a href=\"http:\/\/farm7.static.flickr.com\/6131\/5942901906_8939c97a7b_b.jpg\" rel=\"noopener\"> <img decoding=\"async\" class=\"aligncenter\" src=\"http:\/\/farm7.static.flickr.com\/6131\/5942901906_8939c97a7b_z.jpg\" alt=\"Kung\u00e4lvs kyrka\" width=\"744\" height=\"495\" border=\"0\" \/><\/a><\/p>\n<p>kyrkan byggdes 1679 och r\u00e4knas som en av de mest kulturhistoriskt intressanta kyrkorna i Sverige. Kyrkan \u00e4r en barockkyrka och man blir alldeles stum n\u00e4r man ser den vackra takm\u00e5lningen. Det var en \u00f6gonfr\u00f6jd utan dess like men jag fick inte det d\u00e4r lugnet i kroppen som jag fick av T\u00f6l\u00f6 kyrka i kungsbacka.<\/p>\n<p align=\"center\"><a href=\"https:\/\/www.necessities.info\/pages\/kk.jpg\"> <img decoding=\"async\" class=\"aligncenter\" src=\"https:\/\/www.necessities.info\/pages\/kk.jpg\" alt=\"kung\u00e4lvs kyrka\" width=\"799\" height=\"599\" border=\"0\" \/><\/a><\/p>\n<p>F\u00f6rmodligen f\u00f6r att det var s\u00e5 mycket att se, hade jag bes\u00f6kt den ofta s\u00e5 kanske? Elvy och jag gick runt och viskade i T\u00f6l\u00f6 kyrka men h\u00e4r for det runt en barn familj som inte ville missa n\u00e5got. Tyckte ungarna var s\u00e5 s\u00f6ta som m\u00e5ste k\u00e4nna p\u00e5 varje staty och titta i varje skrymsle. Definitivt en m\u00e4ktig kyrka.<\/p>\n<p align=\"center\"><a href=\"http:\/\/farm7.static.flickr.com\/6146\/5942344911_05814f36de_b.jpg\" rel=\"noopener\"> <img decoding=\"async\" class=\"aligncenter\" src=\"http:\/\/farm7.static.flickr.com\/6146\/5942344911_05814f36de_z.jpg\" alt=\"Kung\u00e4lvs kyrka\" width=\"793\" height=\"528\" border=\"0\" \/><\/a><\/p>\n<p align=\"center\">\n","protected":false},"excerpt":{"rendered":"<p>Efter att vi varit p\u00e5\u00a0 Br\u00e4ckboden i Kung\u00e4lv s\u00e5 tog vi oss en titt p\u00e5 den gamla kyrkan. Den ser inte s\u00e5 j\u00e4ttestor ut p\u00e5 utsidan men j\u00f6sses vad man bedrog sig. Jag har beslutat mig f\u00f6r att g\u00e5 in i alla kyrkor jag k\u00f6r f\u00f6rbi.\u00a0 Denna f\u00e5r ni bara inte missa om ni \u00e4r &#8230; <\/p>\n<p class=\"read-more-container\"><a title=\"Kyrktorn (188 av 365)\" class=\"read-more button\" href=\"https:\/\/necessities.info\/index.php\/2011\/07\/16\/kyrktorn-188-av-365\/\" aria-label=\"L\u00e4s mer om Kyrktorn (188 av 365)\">\u2665 L\u00e4s mer \u2665 <\/a><\/p>\n","protected":false},"author":1,"featured_media":37867,"comment_status":"open","ping_status":"open","sticky":false,"template":"","format":"standard","meta":{"advgb_blocks_editor_width":"","advgb_blocks_columns_visual_guide":"","footnotes":""},"categories":[4313],"tags":[100,4056,4060],"class_list":["post-9702","post","type-post","status-publish","format-standard","has-post-thumbnail","hentry","category-365-foto-2011","tag-365-foton-2011","tag-utflykt","tag-utmaning"],"author_meta":{"display_name":"Ingalill","author_link":"https:\/\/necessities.info\/author\/ingalill\/"},"featured_img":"https:\/\/necessities.info\/wp-content\/uploads\/2011\/07\/5942896186_8e81e8af93-300x202.jpg","jetpack_featured_media_url":"https:\/\/necessities.info\/wp-content\/uploads\/2011\/07\/5942896186_8e81e8af93.jpg","coauthors":[],"tax_additional":{"categories":{"linked":["<a href=\"https:\/\/necessities.info\/index.php\/category\/365-foto-2011\/\" class=\"advgb-post-tax-term\">365 Foto 2011<\/a>"],"unlinked":["<span class=\"advgb-post-tax-term\">365 Foto 2011<\/span>"]},"tags":{"linked":["<a href=\"https:\/\/necessities.info\/index.php\/category\/365-foto-2011\/\" class=\"advgb-post-tax-term\">365 foton 2011<\/a>","<a href=\"https:\/\/necessities.info\/index.php\/category\/365-foto-2011\/\" class=\"advgb-post-tax-term\">utflykt<\/a>","<a href=\"https:\/\/necessities.info\/index.php\/category\/365-foto-2011\/\" class=\"advgb-post-tax-term\">utmaning<\/a>"],"unlinked":["<span class=\"advgb-post-tax-term\">365 foton 2011<\/span>","<span class=\"advgb-post-tax-term\">utflykt<\/span>","<span class=\"advgb-post-tax-term\">utmaning<\/span>"]}},"comment_count":"0","relative_dates":{"created":"Publicerad 15 \u00e5r sedan","modified":"Uppdaterad 3 m\u00e5nader sedan"},"absolute_dates":{"created":"Publicerat den 16 juli 2011","modified":"Uppdaterad den 7 februari 2026"},"absolute_dates_time":{"created":"Publicerat den 16 juli 2011 12:26","modified":"Uppdaterad den 7 februari 2026 15:37"},"featured_img_caption":"","series_order":"","jetpack_likes_enabled":true,"_links":{"self":[{"href":"https:\/\/necessities.info\/index.php\/wp-json\/wp\/v2\/posts\/9702","targetHints":{"allow":["GET"]}}],"collection":[{"href":"https:\/\/necessities.info\/index.php\/wp-json\/wp\/v2\/posts"}],"about":[{"href":"https:\/\/necessities.info\/index.php\/wp-json\/wp\/v2\/types\/post"}],"author":[{"embeddable":true,"href":"https:\/\/necessities.info\/index.php\/wp-json\/wp\/v2\/users\/1"}],"replies":[{"embeddable":true,"href":"https:\/\/necessities.info\/index.php\/wp-json\/wp\/v2\/comments?post=9702"}],"version-history":[{"count":1,"href":"https:\/\/necessities.info\/index.php\/wp-json\/wp\/v2\/posts\/9702\/revisions"}],"predecessor-version":[{"id":51971,"href":"https:\/\/necessities.info\/index.php\/wp-json\/wp\/v2\/posts\/9702\/revisions\/51971"}],"wp:featuredmedia":[{"embeddable":true,"href":"https:\/\/necessities.info\/index.php\/wp-json\/wp\/v2\/media\/37867"}],"wp:attachment":[{"href":"https:\/\/necessities.info\/index.php\/wp-json\/wp\/v2\/media?parent=9702"}],"wp:term":[{"taxonomy":"category","embeddable":true,"href":"https:\/\/necessities.info\/index.php\/wp-json\/wp\/v2\/categories?post=9702"},{"taxonomy":"post_tag","embeddable":true,"href":"https:\/\/necessities.info\/index.php\/wp-json\/wp\/v2\/tags?post=9702"}],"curies":[{"name":"wp","href":"https:\/\/api.w.org\/{rel}","templated":true}]}}