{"id":9716,"date":"2011-07-18T19:57:21","date_gmt":"2011-07-18T19:57:21","guid":{"rendered":"https:\/\/www.necessities.info\/?p=9716"},"modified":"2026-02-10T09:26:38","modified_gmt":"2026-02-10T08:26:38","slug":"sundsby-sateri","status":"publish","type":"post","link":"https:\/\/necessities.info\/index.php\/2011\/07\/18\/sundsby-sateri\/","title":{"rendered":"Sundsby S\u00e4teri"},"content":{"rendered":"<p align=\"center\"><a href=\"http:\/\/farm7.static.flickr.com\/6005\/5951563296_cfb9b8c28a_b.jpg\" rel=\"noopener\"> <img decoding=\"async\" class=\"aligncenter\" src=\"http:\/\/farm7.static.flickr.com\/6005\/5951563296_cfb9b8c28a.jpg\" alt=\"Sundsby S\u00e4teri\" width=\"640\" height=\"333\" border=\"0\" \/><\/a><\/p>\n<p align=\"left\">Sundsby S\u00e4teri \u00e4r en mang\u00e5rdsbyggnad med anor fr\u00e5n 13000-talet, falur\u00f6da kringbyggnader och unika stenmagasin. Omg\u00e4rdat av sp\u00e4nnande vandringsleder, park med stor artrikedom, naturlekplats och gr\u00f6na ytor. Med andra ord perfekt utflyktsm\u00e5l f\u00f6r hela familjen. H\u00e4r var mycket folk s\u00e5 de var tur att de \u00e4r s\u00e5pass stort att man kan sitta p\u00e5 flera st\u00e4llen och g\u00e5 p\u00e5 olika st\u00e4llen och handla.<\/p>\n<p align=\"left\"><img decoding=\"async\" class=\"aligncenter wp-image-29846 \" src=\"https:\/\/necessities.info\/wp-content\/uploads\/2011\/07\/sundss.jpg\" alt=\"\" width=\"664\" height=\"498\" srcset=\"https:\/\/necessities.info\/wp-content\/uploads\/2011\/07\/sundss.jpg 800w, https:\/\/necessities.info\/wp-content\/uploads\/2011\/07\/sundss-300x225.jpg 300w, https:\/\/necessities.info\/wp-content\/uploads\/2011\/07\/sundss-768x576.jpg 768w\" sizes=\"(max-width: 664px) 100vw, 664px\" \/><\/p>\n<p align=\"center\">\n<p align=\"left\">Vi b\u00f6rjar alltid med att promenera f\u00f6r att Shakira skall rasta av ordentligt. H\u00e4r gick vi p\u00e5 den medeltida v\u00e4gen, som leder upp i skogsomr\u00e5det och den 900-\u00e5rige Springareeken, som knotig och ih\u00e5lig \u00e4nnu s\u00e4tter l\u00f6v och lever vidare. Vi k\u00e4kade b\u00e5de bl\u00e5b\u00e4r och lingon p\u00e5 v\u00e4gen. S\u00e5 h\u00e4rlig skiftande natur p\u00e5 ett och samma st\u00e4lle. Glada pratsamma m\u00e4nniskor som var alldeles saliga \u00f6ver naturen.<\/p>\n<p align=\"center\"><a href=\"http:\/\/farm7.static.flickr.com\/6123\/5951152619_b5656e3379_b.jpg\" rel=\"noopener\"> <img decoding=\"async\" class=\"aligncenter\" src=\"http:\/\/farm7.static.flickr.com\/6123\/5951152619_b5656e3379_z.jpg\" alt=\"Grottor\" width=\"640\" height=\"332\" border=\"0\" \/><\/a><\/p>\n<p align=\"left\">Vi var lite klantiga och l\u00e4ste fel s\u00e5 vi hamnade p\u00e5 den l\u00e4tta slingan f\u00f6rst. Slingan med grottorna tog vi givetvis sist n\u00e4r vi hade k\u00e4kat glass och mar\u00e4nger. Jag kan s\u00e4ga som s\u00e5 att det blev en k\u00e4mpig kl\u00e4ttring upp till grottorna och det var sk\u00f6nt att ingen gick bakom f\u00f6r fy vad jag fl\u00e5sade \ud83d\ude41\u00a0 N\u00e4r v\u00e4l glassen fr\u00e4tts upp av magsyran gick det b\u00e4ttre och tur var det. H\u00e4r kunde man verkligen snacka om kl\u00e4ttring och det var ju s\u00e5 m\u00e5nga bergskrevor och grottor. Vi m\u00f6tte ett par ungdomar som hade kl\u00e4ttrat runt h\u00e4r hela dagen och de s\u00e5g s\u00e5 super n\u00f6jda ut.<\/p>\n<p align=\"left\"><img decoding=\"async\" class=\"aligncenter wp-image-29847 \" src=\"https:\/\/necessities.info\/wp-content\/uploads\/2011\/07\/sundss2.jpg\" alt=\"\" width=\"760\" height=\"570\" srcset=\"https:\/\/necessities.info\/wp-content\/uploads\/2011\/07\/sundss2.jpg 800w, https:\/\/necessities.info\/wp-content\/uploads\/2011\/07\/sundss2-300x225.jpg 300w, https:\/\/necessities.info\/wp-content\/uploads\/2011\/07\/sundss2-768x576.jpg 768w\" sizes=\"(max-width: 760px) 100vw, 760px\" \/><\/p>\n<p align=\"center\">\n<p align=\"left\">Riktigt roligt att f\u00e5 se grottorna och v\u00e4l v\u00e4rt m\u00f6dan att ta sig dit. Sedan gick det en snabbare v\u00e4g till parkeringen, som sagt vi l\u00e4ste lite fel och trodde grottorna var runt h\u00f6rnet och inte ett par kilometer in i urskogen \ud83d\ude42\u00a0 N\u00e4r vi var nere bland husen s\u00e5g jag i broschyren att de hade ett gammalt v\u00e4xthus som l\u00e5g i anslutning till tr\u00e4dg\u00e5rdsm\u00e4starbostaden. Vi hade s\u00e5dan tur att tr\u00e4dg\u00e5rdsm\u00e4staren var d\u00e4r f\u00f6r att h\u00e4mta par krukor och l\u00e4t mig f\u00e5 komma in och fotografera. Kolla in de klasarna!<\/p>\n<p align=\"left\"><img decoding=\"async\" class=\"aligncenter wp-image-29848 \" src=\"https:\/\/necessities.info\/wp-content\/uploads\/2011\/07\/sundss1.jpg\" alt=\"\" width=\"660\" height=\"495\" srcset=\"https:\/\/necessities.info\/wp-content\/uploads\/2011\/07\/sundss1.jpg 800w, https:\/\/necessities.info\/wp-content\/uploads\/2011\/07\/sundss1-300x225.jpg 300w, https:\/\/necessities.info\/wp-content\/uploads\/2011\/07\/sundss1-768x576.jpg 768w\" sizes=\"(max-width: 660px) 100vw, 660px\" \/><\/p>\n<p align=\"center\">\n<p>Tr\u00e4dg\u00e5rdsm\u00e4starbostaden \u00e4r det lilla huset ni ser p\u00e5 bilden nedan. Vindkasten som jag var inne i \u00e4r fr\u00e5n 1870-talet och tr\u00e4dg\u00e5rdsm\u00e4staren ber\u00e4ttade att vinstockarna var 145 \u00e5r gamla. Vindkastet var rekonstruerat av bidrag fr\u00e5n L\u00e4nsstyrelsen i G\u00f6teborg. I k\u00e4llaren till det befintliga huset finns rester efter det medeltida huset och <em>\u00a0Kungliga- och Hvitfelska stiftelsen<\/em>\u00a0 har bidragit till arkelogisk utgr\u00e4vning.<\/p>\n<p><img decoding=\"async\" class=\"aligncenter wp-image-29849 \" src=\"https:\/\/necessities.info\/wp-content\/uploads\/2011\/07\/sundss3.jpg\" alt=\"\" width=\"655\" height=\"491\" srcset=\"https:\/\/necessities.info\/wp-content\/uploads\/2011\/07\/sundss3.jpg 800w, https:\/\/necessities.info\/wp-content\/uploads\/2011\/07\/sundss3-300x225.jpg 300w, https:\/\/necessities.info\/wp-content\/uploads\/2011\/07\/sundss3-768x576.jpg 768w\" sizes=\"(max-width: 655px) 100vw, 655px\" \/><\/p>\n<p align=\"center\">\n<p>\u00c5hhh! L\u00e4ste h\u00e4r att man kunde hyra en digitalguide och g\u00e5 runt i sin egen takt medan man h\u00f6r allt som h\u00e4nt p\u00e5 s\u00e4teriet genom \u00e5ren. ber\u00e4ttelser, musik och faktarutor g\u00f6r digitalguiden till en upplevelse. Hmm! Skulle ha l\u00e4st igenom broschyren medan jag \u00e5t glassen. Detta hade jag g\u00e4rna velat lyssna p\u00e5. Fast det \u00e4r klart detta l\u00e5g ju inte i v\u00e4rldens \u00e4nde s\u00e5 jag \u00e5ker g\u00e4rna hit igen. Vi \u00e4r kanon n\u00f6jda med dagen och Shakira sover som en stock.<\/p>\n<p><img decoding=\"async\" class=\"aligncenter wp-image-29850 \" src=\"https:\/\/necessities.info\/wp-content\/uploads\/2011\/07\/sundss4.jpg\" alt=\"\" width=\"657\" height=\"493\" srcset=\"https:\/\/necessities.info\/wp-content\/uploads\/2011\/07\/sundss4.jpg 800w, https:\/\/necessities.info\/wp-content\/uploads\/2011\/07\/sundss4-300x225.jpg 300w, https:\/\/necessities.info\/wp-content\/uploads\/2011\/07\/sundss4-768x576.jpg 768w\" sizes=\"(max-width: 657px) 100vw, 657px\" \/><\/p>\n<p align=\"center\">\n<p align=\"center\">\n","protected":false},"excerpt":{"rendered":"<p>Sundsby S\u00e4teri \u00e4r en mang\u00e5rdsbyggnad med anor fr\u00e5n 13000-talet, falur\u00f6da kringbyggnader och unika stenmagasin. Omg\u00e4rdat av sp\u00e4nnande vandringsleder, park med stor artrikedom, naturlekplats och gr\u00f6na ytor. Med andra ord perfekt utflyktsm\u00e5l f\u00f6r hela familjen. H\u00e4r var mycket folk s\u00e5 de var tur att de \u00e4r s\u00e5pass stort att man kan sitta p\u00e5 flera st\u00e4llen och &#8230; <\/p>\n<p class=\"read-more-container\"><a title=\"Sundsby S\u00e4teri\" class=\"read-more button\" href=\"https:\/\/necessities.info\/index.php\/2011\/07\/18\/sundsby-sateri\/\" aria-label=\"L\u00e4s mer om Sundsby S\u00e4teri\">\u2665 L\u00e4s mer \u2665 <\/a><\/p>\n","protected":false},"author":1,"featured_media":29852,"comment_status":"open","ping_status":"open","sticky":false,"template":"","format":"standard","meta":{"advgb_blocks_editor_width":"","advgb_blocks_columns_visual_guide":"","footnotes":""},"categories":[4340],"tags":[6188],"class_list":["post-9716","post","type-post","status-publish","format-standard","has-post-thumbnail","hentry","category-utflykter","tag-utflykter"],"author_meta":{"display_name":"Ingalill","author_link":"https:\/\/necessities.info\/author\/ingalill\/"},"featured_img":"https:\/\/necessities.info\/wp-content\/uploads\/2011\/07\/5951563296_cfb9b8c28a-300x200.jpg","jetpack_featured_media_url":"https:\/\/necessities.info\/wp-content\/uploads\/2011\/07\/5951563296_cfb9b8c28a.jpg","coauthors":[],"tax_additional":{"categories":{"linked":["<a href=\"https:\/\/necessities.info\/index.php\/category\/smatt-o-gott\/utflykter\/\" class=\"advgb-post-tax-term\">Utflykter<\/a>"],"unlinked":["<span class=\"advgb-post-tax-term\">Utflykter<\/span>"]},"tags":{"linked":["<a href=\"https:\/\/necessities.info\/index.php\/category\/smatt-o-gott\/utflykter\/\" class=\"advgb-post-tax-term\">Utflykter<\/a>"],"unlinked":["<span class=\"advgb-post-tax-term\">Utflykter<\/span>"]}},"comment_count":"1","relative_dates":{"created":"Publicerad 15 \u00e5r sedan","modified":"Uppdaterad 3 m\u00e5nader sedan"},"absolute_dates":{"created":"Publicerat den 18 juli 2011","modified":"Uppdaterad den 10 februari 2026"},"absolute_dates_time":{"created":"Publicerat den 18 juli 2011 19:57","modified":"Uppdaterad den 10 februari 2026 09:26"},"featured_img_caption":"","series_order":"","jetpack_likes_enabled":true,"_links":{"self":[{"href":"https:\/\/necessities.info\/index.php\/wp-json\/wp\/v2\/posts\/9716","targetHints":{"allow":["GET"]}}],"collection":[{"href":"https:\/\/necessities.info\/index.php\/wp-json\/wp\/v2\/posts"}],"about":[{"href":"https:\/\/necessities.info\/index.php\/wp-json\/wp\/v2\/types\/post"}],"author":[{"embeddable":true,"href":"https:\/\/necessities.info\/index.php\/wp-json\/wp\/v2\/users\/1"}],"replies":[{"embeddable":true,"href":"https:\/\/necessities.info\/index.php\/wp-json\/wp\/v2\/comments?post=9716"}],"version-history":[{"count":1,"href":"https:\/\/necessities.info\/index.php\/wp-json\/wp\/v2\/posts\/9716\/revisions"}],"predecessor-version":[{"id":53467,"href":"https:\/\/necessities.info\/index.php\/wp-json\/wp\/v2\/posts\/9716\/revisions\/53467"}],"wp:featuredmedia":[{"embeddable":true,"href":"https:\/\/necessities.info\/index.php\/wp-json\/wp\/v2\/media\/29852"}],"wp:attachment":[{"href":"https:\/\/necessities.info\/index.php\/wp-json\/wp\/v2\/media?parent=9716"}],"wp:term":[{"taxonomy":"category","embeddable":true,"href":"https:\/\/necessities.info\/index.php\/wp-json\/wp\/v2\/categories?post=9716"},{"taxonomy":"post_tag","embeddable":true,"href":"https:\/\/necessities.info\/index.php\/wp-json\/wp\/v2\/tags?post=9716"}],"curies":[{"name":"wp","href":"https:\/\/api.w.org\/{rel}","templated":true}]}}